{"id":175685,"date":"2019-06-29T15:47:04","date_gmt":"2019-06-29T12:47:04","guid":{"rendered":"http:\/\/www.tvturk.com\/index.php\/galatasarayin-22-sampiyonluk-kutlamalari-kusadasinda-devam-etti\/"},"modified":"2019-06-29T15:47:04","modified_gmt":"2019-06-29T12:47:04","slug":"galatasarayin-22-sampiyonluk-kutlamalari-kusadasinda-devam-etti","status":"publish","type":"post","link":"http:\/\/www.tvturk.com\/index.php\/galatasarayin-22-sampiyonluk-kutlamalari-kusadasinda-devam-etti\/","title":{"rendered":"Galatasaray\u2019\u0131n 22. \u015fampiyonluk kutlamalar\u0131 Ku\u015fadas\u0131\u2019nda devam etti"},"content":{"rendered":"<p>Galatasaray\u2019\u0131n S\u00fcper Lig\u2019de elde etti\u011fi 22. \u015fampiyonluk kutlamalar\u0131 kapsam\u0131nda Galatasaray Ku\u015fadas\u0131 Taraftarlar Derne\u011fi kutlama organizasyonu d\u00fczenlendi.<\/p>\n<p>\u015eampiyonluk kutlamas\u0131na Ku\u015fadas\u0131 Kaymakam\u0131 Sadettin Y\u00fccel, Ku\u015fadas\u0131 Belediye Ba\u015fkan\u0131 \u00d6mer G\u00fcnel, Galatasaray Y\u00f6netim Kurulu \u00dcyesi Dilek Kutlu, Ku\u015fadas\u0131 Emniyet M\u00fcd\u00fcr\u00fc Mehmet Ali Berksoy ve Ku\u015fadas\u0131 Belediye Ba\u015fkan\u0131 \u00d6mer G\u00fcnel kat\u0131ld\u0131. Kutlamalara kat\u0131lamayan Galatasaray Ba\u015fkan Mustafa Cengiz, konuklara barkovizyondan seslendi.<\/p>\n<p>Ku\u015fadas\u0131\u2019ndaki kutlama gecesi Galatasarayl\u0131 kad\u0131n taraftarlardan olu\u015fan koronun s\u00f6yledi\u011fi \u015fark\u0131lar ve canl\u0131 m\u00fczik ile devam ederken sar\u0131-k\u0131rm\u0131z\u0131 taraftarlar, 22. S\u00fcper Lig ve 18. Ziraat T\u00fcrkiye Kupas\u0131 ile hat\u0131ra foto\u011fraf\u0131 \u00e7ektirdi. Gecenin konuklar\u0131 aras\u0131nda yer alan ve ayn\u0131 zamanda Galatasaray taraftar\u0131 olan Ku\u015fadas\u0131 Belediye Ba\u015fkan\u0131 \u00d6mer G\u00fcnel, &#8220;Galatasaray Ku\u015fadas\u0131 Taraftarlar Derne\u011fi, muhte\u015fem bir kutlama d\u00fczenledi. Kul\u00fcb\u00fcm\u00fcz\u00fcn y\u00f6neticisinin burada olmas\u0131 da ayr\u0131 bir mutluluk bizim i\u00e7in. Ku\u015fadas\u0131 genelinde bir kamuoyu ara\u015ft\u0131rmas\u0131 yap\u0131lsa Galatasaray taraftarlar\u0131 fazla \u00e7\u0131kar. Taraftarlar derne\u011finin hem kurucusu hem de \u00fcyesi olarak \u00e7ok mutlu olduk, gurur duyduk. Herkese te\u015fekk\u00fcr ediyorum&#8221; diye konu\u015ftu.<\/p>\n<p>Kutlama gecesinde konu\u015fan Galatasaray Y\u00f6netim Kurulu \u00dcyesi Dilek Kutlu, &#8220;Bir\u00e7ok kutlamaya gittik, taraftar derneklerimiz \u00e7ok g\u00fczel kutlamalar organize ediyor. Daha \u00f6nce bir hal\u0131 saha ma\u00e7\u0131 yap\u0131lm\u0131\u015ft\u0131 bu gece de daha \u00f6nce g\u00f6rmedi\u011fimiz bir \u015fey g\u00f6rd\u00fck. Kad\u0131n taraftarlar\u0131m\u0131zdan olu\u015fan koro harika bir konser verdiler bize. \u00c7ok memnun oldum, \u00e7ok mutlu oldum. Burada \u00e7ok duygusal ve ger\u00e7ekten \u00e7ok profesyonel bir organizasyon oldu. Ozan Orhan, Taraftar Derne\u011fi Ba\u015fkan\u0131 ve y\u00f6netim kurulu, Belediye Ba\u015fkan\u0131m\u0131z bizi \u00e7ok iyi a\u011f\u0131rlad\u0131lar. Hepsine \u00e7ok te\u015fekk\u00fcrler, in\u015fallah daha nice \u015fampiyonluklar\u0131 beraber kutlayaca\u011f\u0131z&#8221; dedi.<\/p>\n<p>Galatasaray Ku\u015fadas\u0131 Taraftarlar Derne\u011fi Ba\u015fkan\u0131 Bar\u0131\u015f Salba\u015f ise, &#8220;Ben ve y\u00f6netim kurulundaki arkada\u015flar\u0131m \u00e7ok mutluyuz. \u00c7ok g\u00fczel bir balo oldu. \u00d6ncelikle Dilek Han\u0131ma \u00e7ok te\u015fekk\u00fcr ediyoruz, bizi yaln\u0131z b\u0131rakmad\u0131. Belediye Ba\u015fkan\u0131m\u0131z \u00d6mer G\u00fcrel\u2019e de te\u015fekk\u00fcr ediyoruz, kaymakam\u0131m\u0131z da buradayd\u0131, kendisine te\u015fekk\u00fcr ediyorum. \u00c7ok e\u011flendik, nice \u015fampiyonluklara in\u015fallah&#8221; \u015feklinde konu\u015ftu.<\/p>\n","protected":false},"excerpt":{"rendered":"<p>GALATASARAY&#8217;IN S\u00dcPER L\u0130G&#8217;DE ELDE ETT\u0130\u011e\u0130 22. \u015eAMP\u0130YONLUK KUTLAMALARI KAPSAMINDA GALATASARAY KU\u015eADASI TARAFTARLAR DERNE\u011e\u0130 KUTLAMA ORGAN\u0130ZASYONU D\u00dcZENLEND\u0130.<\/p>\n","protected":false},"author":1,"featured_media":0,"comment_status":"closed","ping_status":"open","sticky":false,"template":"","format":"standard","meta":{"jetpack_post_was_ever_published":false,"_jetpack_newsletter_access":"","_jetpack_dont_email_post_to_subs":false,"_jetpack_newsletter_tier_id":0,"_jetpack_memberships_contains_paywalled_content":false,"_jetpack_memberships_contains_paid_content":false,"footnotes":"","jetpack_publicize_message":"","jetpack_publicize_feature_enabled":true,"jetpack_social_post_already_shared":true,"jetpack_social_options":{"image_generator_settings":{"template":"highway","default_image_id":0,"font":"","enabled":false},"version":2}},"categories":[657],"tags":[1177,522,207,17835,1002,17842,4694],"class_list":["post-175685","post","type-post","status-publish","format-standard","hentry","category-spor","tag-1177","tag-devam","tag-etti","tag-galatasarayin","tag-kusadasinda","tag-kutlamalari","tag-sampiyonluk"],"jetpack_publicize_connections":[],"jetpack_featured_media_url":"","jetpack_sharing_enabled":true,"jetpack_shortlink":"https:\/\/wp.me\/paKIfm-JHD","_links":{"self":[{"href":"http:\/\/www.tvturk.com\/index.php\/wp-json\/wp\/v2\/posts\/175685","targetHints":{"allow":["GET"]}}],"collection":[{"href":"http:\/\/www.tvturk.com\/index.php\/wp-json\/wp\/v2\/posts"}],"about":[{"href":"http:\/\/www.tvturk.com\/index.php\/wp-json\/wp\/v2\/types\/post"}],"author":[{"embeddable":true,"href":"http:\/\/www.tvturk.com\/index.php\/wp-json\/wp\/v2\/users\/1"}],"replies":[{"embeddable":true,"href":"http:\/\/www.tvturk.com\/index.php\/wp-json\/wp\/v2\/comments?post=175685"}],"version-history":[{"count":0,"href":"http:\/\/www.tvturk.com\/index.php\/wp-json\/wp\/v2\/posts\/175685\/revisions"}],"wp:attachment":[{"href":"http:\/\/www.tvturk.com\/index.php\/wp-json\/wp\/v2\/media?parent=175685"}],"wp:term":[{"taxonomy":"category","embeddable":true,"href":"http:\/\/www.tvturk.com\/index.php\/wp-json\/wp\/v2\/categories?post=175685"},{"taxonomy":"post_tag","embeddable":true,"href":"http:\/\/www.tvturk.com\/index.php\/wp-json\/wp\/v2\/tags?post=175685"}],"curies":[{"name":"wp","href":"https:\/\/api.w.org\/{rel}","templated":true}]}}