{"id":175693,"date":"2019-06-29T16:16:06","date_gmt":"2019-06-29T13:16:06","guid":{"rendered":"http:\/\/www.tvturk.com\/index.php\/almanyada-avrupa-spor-ve-kultur-festivali-duzenleniyor\/"},"modified":"2019-06-29T16:16:06","modified_gmt":"2019-06-29T13:16:06","slug":"almanyada-avrupa-spor-ve-kultur-festivali-duzenleniyor","status":"publish","type":"post","link":"http:\/\/www.tvturk.com\/index.php\/almanyada-avrupa-spor-ve-kultur-festivali-duzenleniyor\/","title":{"rendered":"Almanya\u2019da Avrupa Spor ve K\u00fclt\u00fcr Festivali d\u00fczenleniyor"},"content":{"rendered":"<p>Almanya\u2019n\u0131n Hamm \u015fehrinde bulunan LippenPark\u2019ta T\u00fcrk ve Almanlara y\u00f6nelik Avrupa Spor ve K\u00fclt\u00fcr Festivali (ASKFEST) d\u00fczenleniyor. \u201cBirlikte spor yap! Birlikte e\u011flen! Birlikte ya\u015fa!\u201d slogan\u0131 ile ger\u00e7ekle\u015fen festivale kat\u0131lan Gen\u00e7lik ve Spor Bakan\u0131 Dr. Mehmet Muharrem Kasapo\u011flu, \u201cSpor karde\u015fli\u011fin, bar\u0131\u015f\u0131n, sevginin, sayg\u0131n\u0131n, empati kurman\u0131n en g\u00fczel ara\u00e7lar\u0131ndan bir tanesidir\u201d dedi.<\/p>\n<p>T\u00fcrklerin yo\u011fun ya\u015fad\u0131\u011f\u0131 Kuzey Ren Vestfalya (KRV) eyaletinde ger\u00e7ekle\u015fen festivale aralar\u0131nda Gen\u00e7lik ve Spor Bakan\u0131 Dr. Mehmet Muharrem Kasapo\u011flu, K\u00fclt\u00fcr ve Turizm Bakan Yrd. Dr. Serdar \u00c7am, Yurtd\u0131\u015f\u0131 T\u00fcrkler ve Akraba Topluluklar Ba\u015fkan\u0131 Abdullah Eren, T\u00fcrkiye\u2019nin Essen Ba\u015fkonsolosu \u015eener Cebeci, D\u00fcsseldorf Ba\u015fkonsolosu \u015eule G\u00fcrel ve K\u00f6ln Ba\u015fkonsolosu Ceyhun Erciyes, Almanya Ekonomi Bakanl\u0131\u011f\u0131 M\u00fcste\u015far\u0131 Oliver Wittke, Hamm Belediye Ba\u015fkan\u0131 Thomas Hunsteger-Petermann\u2019\u0131n bulundu\u011fu T\u00fcrk ve Alman politikac\u0131lar\u0131n yan\u0131 s\u0131ra T\u00fcrk ve Alman ziyaret\u00e7iler a\u00e7\u0131l\u0131\u015f t\u00f6renine kat\u0131ld\u0131.<\/p>\n<p>Cumhurba\u015fkan\u0131 Recep Tayyip Erdo\u011fan\u2019\u0131n  g\u00f6n\u00fcl dolusu selamlar\u0131n\u0131 getirdi\u011fini s\u00f6yleyen Kasapo\u011flu, \u201cBurada sizlerle olmaktan, birlikte olmaktan ve katk\u0131 sa\u011flamaktan ayr\u0131 bir gurur duyuyoruz. Bug\u00fcn Hamm \u015fehri \u00f6nemli bir g\u00fcne imza at\u0131yor. Hem Hamm Belediye Ba\u015fkan\u0131n\u0131 hemde Hamm halk\u0131n\u0131 can\u0131 g\u00f6n\u00fclden tebrik etmek istiyorum\u201c dedi.<\/p>\n<p>Avrupa Spor ve K\u00fclt\u00fcr Festivalinin a\u00e7\u0131l\u0131\u015f t\u00f6reni vesilesiyle biraraday\u0131z diyen Kasapo\u011flu, \u201cBen festivalimizin T\u00fcrk Alman toplumuna hemde gen\u00e7lerimize hay\u0131rlar getirmesini temenni ediyorum\u201c \u015feklinde konu\u015ftu.<\/p>\n<p>Kasapo\u011flu, \u201cSpor birle\u015ftirir, spor d\u00f6n\u00fc\u015ft\u00fcr\u00fcr, spor k\u00f6t\u00fcl\u00fckleri \u00f6nler. Bu anlamda sporcular sahada bir karde\u015flik \u00f6rne\u011fini ortaya koyuyorlar. Bu tablolar\u0131 el birli\u011fiyle \u00e7o\u011faltaca\u011f\u0131z \u00e7\u00fcnk\u00fc sporun oldu\u011fu yerde bar\u0131\u015f vard\u0131r, karde\u015flik vard\u0131r, g\u00fcl\u00fcmseme vard\u0131r, daha az keder vard\u0131r, birlikte ya\u015fama heyecan\u0131 vard\u0131r&#8221; ifadelerini kulland\u0131.<\/p>\n<p>Bu t\u00fcr aktivitelerin birle\u015ftirici oldu\u011funu s\u00f6yleyen Hamm B\u00fcy\u00fck\u015fehir Belediye Ba\u015fkan\u0131 Thomas Hunsteger-Petermann, \u201cB\u00fct\u00fcn sivil toplum \u00f6rg\u00fctlerine, siyasi partilere, kurulu\u015flara te\u015fekk\u00fcr ediyorum. Biliyorum burada ba\u015flatt\u0131\u011f\u0131m\u0131z organize iyi ge\u00e7ecek. Gelece\u011fimiz i\u00e7in \u00e7ocuklar\u0131m\u0131z i\u00e7in birlik ve beraberlik i\u00e7in bu \u015fekilde organizelere kat\u0131l\u0131n\u201c dedi.<\/p>\n<p>K\u00fclt\u00fcr ve Turizm Bakan Yrd. Dr. Serdar \u00c7am t\u00f6rende yapt\u0131\u011f\u0131 konu\u015fmada, \u201cBu festival asl\u0131nda simgesel olarak iki kadim devlete \u015fu mesaj\u0131 veriyor. Bizlerin ge\u00e7mi\u015fte ortak tarihi vard\u0131, bug\u00fcnde var ve gelecekte de olacak\u201c \u015feklinde ifade etti. \u00c7am, \u201cTarihimizden gelen birikimle \u00fclkemizin y\u00f6n\u00fc Avrupad\u0131r. Dolay\u0131s\u0131yla muhabbetimiz, dostlu\u011fumuz Avrupa Birli\u011fiyle ve Almanya iledir. Bunun i\u00e7inde bug\u00fcne kadar devletimiz 11 uyum yasas\u0131n\u0131 \u00e7\u0131kartt\u0131 ve Avrupa ile yak\u0131nla\u015fman\u0131n gere\u011fi olan b\u00fct\u00fcn s\u00fcre\u00e7leri ad\u0131m ad\u0131m ger\u00e7ekle\u015ftirdi\u201c dedi.<\/p>\n<p>T\u00f6rende T\u00fcrkiye\u2019nin Essen Ba\u015fkonsolosu \u015eener Cebeci, Almanya Ekonomi Bakanl\u0131\u011f\u0131 M\u00fcste\u015far\u0131 Oliver Wittke de birer konu\u015fma yapt\u0131. Bakan Mehmet Muharrem Kasapo\u011flu, T\u00fcrk ve Almanlar\u0131n tan\u0131nm\u0131\u015f futbolculardan olu\u015fan karma tak\u0131mlar\u0131n yapt\u0131\u011f\u0131 dostluk ma\u00e7\u0131nda, ba\u015flama vuru\u015fu yapt\u0131. \u00dcnl\u00fc oyuncular\u0131n yer ald\u0131\u011f\u0131 futbol kar\u015f\u0131la\u015fmas\u0131nda kaleyi R\u00fc\u015ft\u00fc Ren\u00e7ber korurken, Hamit Alt\u0131ntop, \u00dcmit Karan, T\u00fcmer Metin, Tuncay Y\u0131ld\u0131r\u0131m, Y\u0131ld\u0131ray Ba\u015ft\u00fcrk gibi milli formay\u0131 giymi\u015f bir \u00e7ok oyuncu top ko\u015fturdu.<\/p>\n<p>Avrupa ve Almanya\u2019dan on binlerce ziyaret\u00e7inin kat\u0131lmas\u0131 beklenen festival kapsam\u0131nda sportif etkinlikler, e\u011flenceye y\u00f6nelik aktiviteler ve iki k\u00fclt\u00fcr\u00fc tan\u0131t\u0131c\u0131 k\u00fclt\u00fcrel faaliyetler d\u00fczenleniyor.<\/p>\n<p>Futbol, basketbol ve voleybol turnuvalar\u0131n\u0131n yan\u0131 s\u0131ra milli ve geleneksel g\u00fcre\u015f, ok\u00e7uluk yar\u0131\u015fmalar\u0131, T\u00fcrk &#8211; Alman sporcular taraf\u0131ndan ortakla\u015fa sergileniyor. Etkinlikte a\u00e7\u0131k hava konserleri ve halk oyunlar\u0131nda yer al\u0131yor. \u00dclkelere \u00f6zg\u00fc geleneksel yemeklerin sergilendi\u011fi festivalde, el sanatlar\u0131n\u0131 tan\u0131tan stantlar da a\u00e7\u0131lm\u0131\u015f.<\/p>\n<p>T\u00fcrkiye ve Almanya\u2019dan \u00e7ok say\u0131da \u00fcnl\u00fc sporcu ve sanat\u00e7\u0131n\u0131n da kat\u0131ld\u0131\u011f\u0131  festivalde, mini golf, tenis, badmington, kaykay, t\u0131rmanma parkurlar\u0131, masa tenisi, frizbi at\u0131\u015flar\u0131, E-spor, zeka oyunlar\u0131 gibi \u00e7ok say\u0131da sportif kar\u015f\u0131la\u015fma ger\u00e7ekle\u015ftiriliyor.<\/p>\n","protected":false},"excerpt":{"rendered":"<p>ALMANYA&#8217;NIN HAMM \u015eEHR\u0130NDE BULUNAN L\u0130PPENPARK\u2019TA T\u00dcRK VE ALMANLARA Y\u00d6NEL\u0130K AVRUPA SPOR VE K\u00dcLT\u00dcR FEST\u0130VAL\u0130 (ASKFEST) D\u00dcZENLEN\u0130YOR.<\/p>\n","protected":false},"author":1,"featured_media":0,"comment_status":"closed","ping_status":"open","sticky":false,"template":"","format":"standard","meta":{"jetpack_post_was_ever_published":false,"_jetpack_newsletter_access":"","_jetpack_dont_email_post_to_subs":false,"_jetpack_newsletter_tier_id":0,"_jetpack_memberships_contains_paywalled_content":false,"_jetpack_memberships_contains_paid_content":false,"footnotes":"","jetpack_publicize_message":"","jetpack_publicize_feature_enabled":true,"jetpack_social_post_already_shared":true,"jetpack_social_options":{"image_generator_settings":{"template":"highway","default_image_id":0,"font":"","enabled":false},"version":2}},"categories":[10],"tags":[6637,392,12154,3400,630,1619],"class_list":["post-175693","post","type-post","status-publish","format-standard","hentry","category-dunya","tag-almanyada","tag-avrupa","tag-duzenleniyor","tag-festivali","tag-kultur","tag-spor"],"jetpack_publicize_connections":[],"jetpack_featured_media_url":"","jetpack_sharing_enabled":true,"jetpack_shortlink":"https:\/\/wp.me\/paKIfm-JHL","_links":{"self":[{"href":"http:\/\/www.tvturk.com\/index.php\/wp-json\/wp\/v2\/posts\/175693","targetHints":{"allow":["GET"]}}],"collection":[{"href":"http:\/\/www.tvturk.com\/index.php\/wp-json\/wp\/v2\/posts"}],"about":[{"href":"http:\/\/www.tvturk.com\/index.php\/wp-json\/wp\/v2\/types\/post"}],"author":[{"embeddable":true,"href":"http:\/\/www.tvturk.com\/index.php\/wp-json\/wp\/v2\/users\/1"}],"replies":[{"embeddable":true,"href":"http:\/\/www.tvturk.com\/index.php\/wp-json\/wp\/v2\/comments?post=175693"}],"version-history":[{"count":0,"href":"http:\/\/www.tvturk.com\/index.php\/wp-json\/wp\/v2\/posts\/175693\/revisions"}],"wp:attachment":[{"href":"http:\/\/www.tvturk.com\/index.php\/wp-json\/wp\/v2\/media?parent=175693"}],"wp:term":[{"taxonomy":"category","embeddable":true,"href":"http:\/\/www.tvturk.com\/index.php\/wp-json\/wp\/v2\/categories?post=175693"},{"taxonomy":"post_tag","embeddable":true,"href":"http:\/\/www.tvturk.com\/index.php\/wp-json\/wp\/v2\/tags?post=175693"}],"curies":[{"name":"wp","href":"https:\/\/api.w.org\/{rel}","templated":true}]}}