{"id":175699,"date":"2019-06-29T16:16:35","date_gmt":"2019-06-29T13:16:35","guid":{"rendered":"http:\/\/www.tvturk.com\/index.php\/ineboluda-sahiline-yaklasan-hortum-vatandaslari-korkuttu\/"},"modified":"2019-06-29T16:16:35","modified_gmt":"2019-06-29T13:16:35","slug":"ineboluda-sahiline-yaklasan-hortum-vatandaslari-korkuttu","status":"publish","type":"post","link":"http:\/\/www.tvturk.com\/index.php\/ineboluda-sahiline-yaklasan-hortum-vatandaslari-korkuttu\/","title":{"rendered":"\u0130nebolu\u2019da sahiline yakla\u015fan hortum vatanda\u015flar\u0131 korkuttu"},"content":{"rendered":"<p>Kastamonu\u2019nun \u0130nebolu il\u00e7esinde Karadeniz a\u00e7\u0131klar\u0131nda k\u0131y\u0131ya yak\u0131n bir b\u00f6lgede g\u00f6r\u00fclen hortum k\u0131sa s\u00fcreli pani\u011fe neden oldu.<\/p>\n<p>Olay, sabah saatlerinde Kastamonu\u2019nun \u0130nebolu il\u00e7esinde meydana geldi. Edinilen bilgiye g\u00f6re, \u0130nebolu Zaferyolu Caddesi mevkiinde k\u0131y\u0131ya yak\u0131n bir b\u00f6lgede olu\u015fan metrelerce uzunluktaki hortum vatanda\u015flar\u0131 korkuttu. Sahil b\u00f6lgesine gelerek hortumun olu\u015fumunu ve hareketini seyreden vatanda\u015flar korku dolu anlar ya\u015fad\u0131. \u0130nebolu Liman\u0131 mevkisine hareket eden hortum liman d\u0131\u015f\u0131ndan yoluna devam ederek k\u0131sa s\u00fcre sonra g\u00f6zden kayboldu. Hortumun sahile yakla\u015fma an\u0131 ise vatanda\u015flar\u0131n kameralar\u0131na yans\u0131d\u0131.<\/p>\n","protected":false},"excerpt":{"rendered":"<p>KASTAMONU\u2019NUN \u0130NEBOLU \u0130L\u00c7ES\u0130NDE KARADEN\u0130Z A\u00c7IKLARINDA KIYIYA YAKIN B\u0130R B\u00d6LGEDE G\u00d6R\u00dcLEN HORTUM KISA S\u00dcREL\u0130 PAN\u0130\u011eE NEDEN OLDU.<\/p>\n","protected":false},"author":1,"featured_media":0,"comment_status":"closed","ping_status":"open","sticky":false,"template":"","format":"standard","meta":{"jetpack_post_was_ever_published":false,"_jetpack_newsletter_access":"","_jetpack_dont_email_post_to_subs":false,"_jetpack_newsletter_tier_id":0,"_jetpack_memberships_contains_paywalled_content":false,"_jetpack_memberships_contains_paid_content":false,"footnotes":"","jetpack_publicize_message":"","jetpack_publicize_feature_enabled":true,"jetpack_social_post_already_shared":true,"jetpack_social_options":{"image_generator_settings":{"template":"highway","default_image_id":0,"font":"","enabled":false},"version":2}},"categories":[1],"tags":[5593,42828,4877,15891,922,12975],"class_list":["post-175699","post","type-post","status-publish","format-standard","hentry","category-genel","tag-hortum","tag-ineboluda","tag-korkuttu","tag-sahiline","tag-vatandaslari","tag-yaklasan"],"jetpack_publicize_connections":[],"jetpack_featured_media_url":"","jetpack_sharing_enabled":true,"jetpack_shortlink":"https:\/\/wp.me\/paKIfm-JHR","_links":{"self":[{"href":"http:\/\/www.tvturk.com\/index.php\/wp-json\/wp\/v2\/posts\/175699","targetHints":{"allow":["GET"]}}],"collection":[{"href":"http:\/\/www.tvturk.com\/index.php\/wp-json\/wp\/v2\/posts"}],"about":[{"href":"http:\/\/www.tvturk.com\/index.php\/wp-json\/wp\/v2\/types\/post"}],"author":[{"embeddable":true,"href":"http:\/\/www.tvturk.com\/index.php\/wp-json\/wp\/v2\/users\/1"}],"replies":[{"embeddable":true,"href":"http:\/\/www.tvturk.com\/index.php\/wp-json\/wp\/v2\/comments?post=175699"}],"version-history":[{"count":0,"href":"http:\/\/www.tvturk.com\/index.php\/wp-json\/wp\/v2\/posts\/175699\/revisions"}],"wp:attachment":[{"href":"http:\/\/www.tvturk.com\/index.php\/wp-json\/wp\/v2\/media?parent=175699"}],"wp:term":[{"taxonomy":"category","embeddable":true,"href":"http:\/\/www.tvturk.com\/index.php\/wp-json\/wp\/v2\/categories?post=175699"},{"taxonomy":"post_tag","embeddable":true,"href":"http:\/\/www.tvturk.com\/index.php\/wp-json\/wp\/v2\/tags?post=175699"}],"curies":[{"name":"wp","href":"https:\/\/api.w.org\/{rel}","templated":true}]}}