{"id":175703,"date":"2019-06-29T16:17:08","date_gmt":"2019-06-29T13:17:08","guid":{"rendered":"http:\/\/www.tvturk.com\/index.php\/ec-boxingin-galasi-ses-getirecek\/"},"modified":"2019-06-29T16:17:08","modified_gmt":"2019-06-29T13:17:08","slug":"ec-boxingin-galasi-ses-getirecek","status":"publish","type":"post","link":"http:\/\/www.tvturk.com\/index.php\/ec-boxingin-galasi-ses-getirecek\/","title":{"rendered":"EC Boxing\u2019in galas\u0131 ses getirecek"},"content":{"rendered":"<p>D\u00fcnyan\u0131n en b\u00fcy\u00fck boks kul\u00fcpleri aras\u0131nda yer alan ve \u00fcst \u00fcste \u00fc\u00e7 kez Almanya\u2019n\u0131n en iyi kul\u00fcb\u00fc se\u00e7ilen EC Boxing, Hamburg\u2019da d\u00fczenleyece\u011fi galada iki d\u00fcnya \u015fampiyonluk kemeri ortaya koyulurken, gala t\u00fcm d\u00fcnyada naklen g\u00f6sterilecek. Kul\u00fcp Ba\u015fkan\u0131 Erol Ceylan, &#8220;Bu kar\u015f\u0131la\u015fmalar\u0131 yak\u0131nda T\u00fcrkiye\u2019de yapaca\u011f\u0131z ve d\u00fcnyan\u0131n boks merkezlerinden birisi de \u00fclkemiz olacak&#8221; dedi.<\/p>\n<p>D\u00fcnyan\u0131n en ba\u015far\u0131l\u0131 boks kul\u00fcpleri aras\u0131na girmeyi ba\u015faran T\u00fcrk boks kul\u00fcb\u00fc EC Boxing, iki d\u00fcnya \u015fampiyonlu\u011funu ayn\u0131 gece ger\u00e7ekle\u015ftirirken, d\u00fcnya medyas\u0131n\u0131n da ilgi oda\u011f\u0131 oldu. Konu hakk\u0131nda bir a\u00e7\u0131klama yapan Kul\u00fcp Ba\u015fkan\u0131 Erol Ceylan, t\u00fcm d\u00fcnya televizyonlar\u0131yla anla\u015fmalar yapt\u0131klar\u0131n\u0131 belirterek, &#8220;Amerika, Avrupa, Afrika, Asya, Rusya, \u0130skandinav \u00fclkeleri ve d\u00fcnyan\u0131n d\u00f6rt bir yan\u0131ndan televizyon kanallar\u0131 galam\u0131z\u0131 be\u011fenerek, yay\u0131nlamak istediklerini belirttiler. Kendileriyle t\u00fcm anla\u015fmalar\u0131m\u0131z\u0131 yapt\u0131k ve 6 Temmuz gecesi t\u00fcm boks d\u00fcnyas\u0131 galam\u0131za kilitlenecek. D\u00fcnyan\u0131n en iyi ring spikerlerinden Jimmy Lennon Jr. ve en iyi katmenlerinden Stitch Jacob Duran\u2019da galam\u0131zda g\u00f6rev alacak olan isimlerden baz\u0131lar\u0131. Be\u015f bin ki\u015filik salonumuzda biletler iki hafta \u00f6ncesinden t\u00fckendi&#8221; ifadelerini kulland\u0131.<\/p>\n<p>&#8220;T\u00fcm g\u00fcc\u00fcm\u00fczle T\u00fcrkiye\u2019ye geliyoruz&#8221;<\/p>\n<p>\u0130stanbul\u2019da da bir boksa galas\u0131 ger\u00e7ekle\u015ftireceklerini dile getiren Ceylan, &#8220;Bu boks galam\u0131z, 25 Ekim 2019 tarihinde \u0130stanbul\u2019da yapaca\u011f\u0131m\u0131z boks gecesinin bir \u00f6n g\u00f6stergesi olacak. T\u00fcm g\u00fcc\u00fcm\u00fczle T\u00fcrkiye\u2019ye geliyoruz. Dev boks organizasyonlar\u0131na imza ataca\u011f\u0131z ve \u00e7ok iddial\u0131 geliyoruz. D\u00fcnyan\u0131n en b\u00fcy\u00fck boks\u00f6rlerini \u00fclkemize getirerek ma\u00e7lar yapt\u0131raca\u011f\u0131z. T\u00fcrk seyircisinin TV\u2019lerden izledikleri boks starlar\u0131n\u0131 salona gelerek bizzat canl\u0131 izlemelerini sa\u011flayaca\u011f\u0131z. Amerika ve Avrupa\u2019da ger\u00e7ekle\u015ftirilen dev boks galalar\u0131n\u0131n yeni aya\u011f\u0131 da \u0130stanbul olacak. Ayn\u0131 kalite ve g\u00fczellikte boks organizasyonlar\u0131n\u0131 \u00fclkemizde yapaca\u011f\u0131z. 25 Ekim\u2019de \u0130stanbul Volkswagen Arena\u2019da d\u00fczenleyece\u011fimiz boks galas\u0131 ile t\u00fcm d\u00fcnyaya \u00fclkemizin tan\u0131t\u0131m\u0131n\u0131 yapmak istiyoruz&#8221; a\u00e7\u0131klamas\u0131nda bulundu.<\/p>\n<p>B\u00fclent Ba\u015fer, d\u00fcnya \u015fampiyonunu yeti\u015ftirdi<\/p>\n<p>EC Boxing\u2019in 7 boks\u00f6r\u00fc ringe \u00e7\u0131karken bunlardan ikisi d\u00fcnya \u015fampiyonluk ma\u00e7\u0131 i\u00e7in yumruk sallayacak. Igor Mikhalkin\u2019in k\u00f6\u015fesinde ise T\u00fcrk profesyonel boks tarihinin ilk antren\u00f6r\u00fc B\u00fclent Ba\u015fer yer alacak. Sporcusunun \u00e7ok iyi durumda oldu\u011funu vurgulayan Ba\u015fer, &#8220;Igor ile daha \u00f6nce de d\u00fcnya \u015fampiyonluklar\u0131 ya\u015fad\u0131k. Ge\u00e7ti\u011fimiz y\u0131l Amerika\u2019da ka\u015f\u0131n\u0131n a\u00e7\u0131lmas\u0131 nedeniyle \u015fampiyonluk kemerini vermek zorunda kalm\u0131\u015ft\u0131k. \u015eimdi ise bu kemeri yeniden kazanabilmek i\u00e7in ringde olaca\u011f\u0131z. IBO \u0130nterim d\u00fcnya \u015fampiyonluk ma\u00e7\u0131 i\u00e7in iki ayd\u0131r kendisini \u00e7al\u0131\u015ft\u0131r\u0131yorum. Muhte\u015fem bir performans sergiledi anlat\u0131mlarda. Bu g\u00fcc\u00fc ringe yans\u0131tabilirsek o gece alt\u0131n kemeri belimize takan taraf biz olabiliriz&#8221; \u015feklinde konu\u015ftu.<\/p>\n<p>Alyaz: &#8220;\u00dc\u00e7 kez \u00fcst \u00fcste en iyisi se\u00e7ildik&#8221;<\/p>\n<p>EC Boxing Bas\u0131n Dan\u0131\u015fman\u0131 Vedat Alyaz, kul\u00fcb\u00fcn \u00fc\u00e7 kez \u00fcst \u00fcste Almanya\u2019n\u0131n en iyisi se\u00e7ildi\u011fini vurgulayarak, &#8220;Alman Boks Federasyonu, iki kez Almanya\u2019n\u0131n en iyi ve bir kez de Almanya\u2019y\u0131 yurt d\u0131\u015f\u0131nda en iyi temsil eden kul\u00fcp olarak EC Boxing\u2019i se\u00e7erken, Ba\u015fkan Erol Ceylan\u2019\u0131 da \u00fc\u00e7 kez Almanya\u2019n\u0131n en iyi promot\u00f6r\u00fc \u00f6d\u00fcl\u00fcyle onurland\u0131rd\u0131. Tabii ki bu \u00f6d\u00fcller bizleri daha da ate\u015flerken, \u015fildi de d\u00fcnyan\u0131n en iyi kul\u00fcpleri aras\u0131nda zirveye t\u0131rmanmak i\u00e7in bir motivasyon arac\u0131 oldu&#8221; diye konu\u015ftu.<\/p>\n","protected":false},"excerpt":{"rendered":"<p>D\u00dcNYANIN EN B\u00dcY\u00dcK BOKS KUL\u00dcPLER\u0130 ARASINDA YER ALAN VE \u00dcST \u00dcSTE \u00dc\u00c7 KEZ ALMANYA&#8217;NIN EN \u0130Y\u0130 KUL\u00dcB\u00dc SE\u00c7\u0130LEN EC BOX\u0130NG, HAMBURG&#8217;DA D\u00dcZENLEYECE\u011e\u0130 GALADA \u0130K\u0130 D\u00dcNYA \u015eAMP\u0130YONLUK KEMER\u0130 ORTAYA KOYULURKEN, GALA T\u00dcM D\u00dcNYADA NAKLEN G\u00d6STER\u0130LECEK.<\/p>\n","protected":false},"author":1,"featured_media":0,"comment_status":"closed","ping_status":"open","sticky":false,"template":"","format":"standard","meta":{"jetpack_post_was_ever_published":false,"_jetpack_newsletter_access":"","_jetpack_dont_email_post_to_subs":false,"_jetpack_newsletter_tier_id":0,"_jetpack_memberships_contains_paywalled_content":false,"_jetpack_memberships_contains_paid_content":false,"footnotes":"","jetpack_publicize_message":"","jetpack_publicize_feature_enabled":true,"jetpack_social_post_already_shared":true,"jetpack_social_options":{"image_generator_settings":{"template":"highway","default_image_id":0,"font":"","enabled":false},"version":2}},"categories":[657],"tags":[21050,10526,23424,1436],"class_list":["post-175703","post","type-post","status-publish","format-standard","hentry","category-spor","tag-boxingin","tag-galasi","tag-getirecek","tag-ses"],"jetpack_publicize_connections":[],"jetpack_featured_media_url":"","jetpack_sharing_enabled":true,"jetpack_shortlink":"https:\/\/wp.me\/paKIfm-JHV","_links":{"self":[{"href":"http:\/\/www.tvturk.com\/index.php\/wp-json\/wp\/v2\/posts\/175703","targetHints":{"allow":["GET"]}}],"collection":[{"href":"http:\/\/www.tvturk.com\/index.php\/wp-json\/wp\/v2\/posts"}],"about":[{"href":"http:\/\/www.tvturk.com\/index.php\/wp-json\/wp\/v2\/types\/post"}],"author":[{"embeddable":true,"href":"http:\/\/www.tvturk.com\/index.php\/wp-json\/wp\/v2\/users\/1"}],"replies":[{"embeddable":true,"href":"http:\/\/www.tvturk.com\/index.php\/wp-json\/wp\/v2\/comments?post=175703"}],"version-history":[{"count":0,"href":"http:\/\/www.tvturk.com\/index.php\/wp-json\/wp\/v2\/posts\/175703\/revisions"}],"wp:attachment":[{"href":"http:\/\/www.tvturk.com\/index.php\/wp-json\/wp\/v2\/media?parent=175703"}],"wp:term":[{"taxonomy":"category","embeddable":true,"href":"http:\/\/www.tvturk.com\/index.php\/wp-json\/wp\/v2\/categories?post=175703"},{"taxonomy":"post_tag","embeddable":true,"href":"http:\/\/www.tvturk.com\/index.php\/wp-json\/wp\/v2\/tags?post=175703"}],"curies":[{"name":"wp","href":"https:\/\/api.w.org\/{rel}","templated":true}]}}