{"id":175707,"date":"2019-06-29T16:17:17","date_gmt":"2019-06-29T13:17:17","guid":{"rendered":"http:\/\/www.tvturk.com\/index.php\/658-yillik-heyecanda-geri-sayim-basladi\/"},"modified":"2019-06-29T16:17:17","modified_gmt":"2019-06-29T13:17:17","slug":"658-yillik-heyecanda-geri-sayim-basladi","status":"publish","type":"post","link":"http:\/\/www.tvturk.com\/index.php\/658-yillik-heyecanda-geri-sayim-basladi\/","title":{"rendered":"658 y\u0131ll\u0131k heyecanda geri say\u0131m ba\u015flad\u0131"},"content":{"rendered":"<p>Edirne Belediye Ba\u015fkan\u0131 Recep G\u00fcrkan, Edirne Belediyesi olarak 1-7 Temmuz 2019 tarihleri aras\u0131nda d\u00fczenlenecek olan 658. K\u0131rkp\u0131nar Ya\u011fl\u0131 G\u00fcre\u015fleri i\u00e7in t\u00fcm haz\u0131rl\u0131klar\u0131n\u0131 tamamlad\u0131klar\u0131n\u0131 s\u00f6yledi.  Sarayi\u00e7i Er Meydan\u0131\u2019n\u0131, Fatih K\u00f6pr\u00fcs\u00fc\u2019n\u00fc ve askeriye taraf\u0131ndan kurulan seyyar k\u00f6pr\u00fcy\u00fc bas\u0131n mensuplar\u0131 ile birlikte gezerek, incelemelerde bulunan G\u00fcrkan, Edirne Valisi Ekrem Canalp ile Garnizon Komutan\u0131 Tu\u011fgeneral Y\u00fcksel Erdin\u2019e katk\u0131lar\u0131ndan dolay\u0131 te\u015fekk\u00fcr etti.<\/p>\n<p>Edirne Belediye Ba\u015fkan\u0131 Recep G\u00fcrkan, 658 K\u0131rkp\u0131nar Ya\u011fl\u0131 G\u00fcre\u015fleri\u2019nin yap\u0131laca\u011f\u0131 Sarayi\u00e7i Er Meydan\u0131\u2019nda bas\u0131n mensuplar\u0131na a\u00e7\u0131klamalarda bulundu. T\u00fcrk\u2019\u00fcn ata sporu olan, ya\u011fl\u0131 g\u00fcre\u015flerinin efsanesi K\u0131rkp\u0131nar Ya\u011fl\u0131 G\u00fcre\u015fleri\u2019nin 1-7 Temmuz 2019 tarihleri aras\u0131nda Edirne Belediyesi\u2019nin organizasyonuyla d\u00fczenlenece\u011fini ifade eden Ba\u015fkan G\u00fcrkan, \u201cK\u0131rkp\u0131nar Ya\u011fl\u0131 G\u00fcre\u015fleri her y\u0131l oldu\u011fu gibi bu y\u0131l da Edirne Sarayi\u00e7i Mevkii\u2019nde; geleneksel yerinde tekrar ya\u015fayacak; ya\u015fat\u0131lacak. Edirne Belediyesi olarak K\u0131rkp\u0131nar\u2019\u0131 d\u00fczenleyen kurum olarak, \u00e7al\u0131\u015fma arkada\u015flar\u0131mla birlikte gerekli b\u00fct\u00fcn haz\u0131rl\u0131klar\u0131 yapt\u0131k, tamamlad\u0131k ve bitirdik. Art\u0131k \u015fuanda \u00fczerinde bulundu\u011fumuz dual\u0131 \u00e7ay\u0131r, K\u0131rkp\u0131nar tesisleri, Sarayi\u00e7i ve Edirne, K\u0131rkp\u0131nar\u2019a her anlamda haz\u0131r. B\u00fct\u00fcn tedbirler al\u0131nd\u0131. K\u0131rkp\u0131nar haftas\u0131 boyunca belediyemizin t\u00fcm ekipleri, Valili\u011fimizin koordinasyonunda di\u011fer b\u00fct\u00fcn kurumlar\u0131n ekipleri bize yard\u0131mc\u0131 olabilmek i\u00e7in seferber halinde olacaklar\u201d diye konu\u015ftu.<\/p>\n<p>\u201cK\u00f6pr\u00fc kuruldu, ge\u00e7i\u015f tedbirlerimizi ald\u0131k\u201d<\/p>\n<p>K\u0131rkp\u0131nar\u2019da her y\u0131l \u00f6zellikle K\u0131rkp\u0131nar\u2019a kat\u0131lan pehlivan say\u0131s\u0131nda yeni bir rekor k\u0131rarak devam ettiklerini belirten G\u00fcrkan, \u201cGe\u00e7ti\u011fimiz y\u0131l bu say\u0131 2 bin 228\u2019di. Bul y\u0131l tahmin ediyorum bu say\u0131da ge\u00e7erek yeni bir rekora imza ataca\u011f\u0131z. Yine bu K\u0131rkp\u0131nar\u2019da 101 saha hakemimiz, 9 cazg\u0131r\u0131m\u0131z, ya\u011f ve bez ta\u015f\u0131yan \u00e7aput\u00e7ular\u0131m\u0131z, 41 ki\u015fiden olu\u015fan davul-zurna ekibimiz g\u00f6rev yapacak. Bu K\u0131rkp\u0131nar\u2019da 1-2 farkl\u0131l\u0131\u011f\u0131m\u0131z var. K\u0131rkp\u0131nar G\u00fcre\u015fleri\u2019nin yap\u0131ld\u0131\u011f\u0131 Sarayi\u00e7i Mevkii asl\u0131nda bir ada. Tunca nehrinin \u00fcst\u00fcnde kalan bir ada. O y\u00fczden bu adaya giri\u015f-\u00e7\u0131k\u0131\u015flar\u0131 \u00e7ok uzun y\u0131llard\u0131r iki tarihi k\u00f6pr\u00fc, Kanuni ve Fatih K\u00f6pr\u00fcleri ile sa\u011fl\u0131yorduk. Fatih K\u00f6pr\u00fcs\u00fc b\u00f6lgesinde kaz\u0131lar\u0131n ba\u015flamas\u0131 ve K\u00fclt\u00fcr ve Turizm Bakanl\u0131\u011f\u0131\u2019n\u0131n o b\u00f6lgeyi \u00f6ren yeri ilan etmesi nedeniyle Fatih k\u00f6pr\u00fcs\u00fc taraf\u0131ndan ula\u015f\u0131m kapanm\u0131\u015ft\u0131. Say\u0131n Valimize durumu arz ettik. Valimizin de uygun g\u00f6rmesiyle oradan sadece ba\u015fpehlivan ve protokol ara\u00e7lar\u0131n\u0131n ge\u00e7ece\u011fi ve vatanda\u015flar\u0131m\u0131z\u0131n yaya olarak ge\u00e7ece\u011fi bir uygulama yapt\u0131k. \u00dczerini de kaz\u0131ya zarar vermeden usul\u00fcne uygun kapatt\u0131k. \u00d6te yandan Kanuni K\u00f6pr\u00fc\u2019s\u00fcn\u00fcn \u015fehir giri\u015fi taraf\u0131ndan tek k\u00f6pr\u00fc kalmas\u0131 Kakava\u2019da ciddi bir s\u0131k\u0131nt\u0131 ya\u015fatm\u0131\u015ft\u0131. Biz Edirne Belediyesi olarak yakla\u015f\u0131k 4 ay \u00f6nce o b\u00f6lgede kal\u0131c\u0131 bir yaya k\u00f6pr\u00fc yapmak i\u00e7in proje haz\u0131rlayarak K\u00fclt\u00fcr Varl\u0131klar\u0131 Koruma Kurulu\u2019na ba\u015fvurmu\u015ftuk. Ancak onaylanmad\u0131\u011f\u0131 i\u00e7in bu k\u00f6pr\u00fcn\u00fcn yap\u0131m\u0131n\u0131 ger\u00e7ekle\u015ftiremedik. Say\u0131n Valimize bu ihtiyac\u0131m\u0131z\u0131 arz ettik. Kendisi de Garnizon Komutan\u0131m\u0131z ile birlikte 1. Ordu ve Kara Kuvvetleri ile g\u00f6r\u00fc\u015ferek T\u00fcrk Silahl\u0131 Kuvvetleri\u2019nden bir haftal\u0131k, ge\u00e7ici bir yaya k\u00f6pr\u00fcs\u00fc tahsis ettiler. K\u00f6pr\u00fc kuruldu. Ge\u00e7i\u015f tedbirlerini ald\u0131k. O k\u00f6pr\u00fc de sadece yaya k\u00f6pr\u00fcs\u00fc olarak kullan\u0131lacak\u201d dedi.<\/p>\n<p>\u201c\u0130n\u015fallah \u00e7ok g\u00fczel \u00e7ok keyifli g\u00fcre\u015fler seyredece\u011fiz\u201d<\/p>\n<p>K\u0131rkp\u0131nar\u2019a kat\u0131lacak t\u00fcm pehlivanlara \u015fimdiden ba\u015far\u0131lar dileyen G\u00fcrkan, \u201c\u0130n\u015fallah \u00e7ok g\u00fczel \u00e7ok keyifli g\u00fcre\u015fler seyredece\u011fiz. K\u0131rkp\u0131nar, Ya\u011fl\u0131 G\u00fcre\u015f Y\u00f6netmeli\u011fi\u2019nde yap\u0131lan de\u011fi\u015fikle bu y\u0131l puanlama kald\u0131r\u0131ld\u0131. Daha \u00f6nce 30 dakika serbest g\u00fcre\u015fiyordu pehlivanlar, yeni\u015femedi\u011fi takdirde bir 5 dakika su ve ya\u011f molas\u0131 veriliyordu. Bir 10 dakika puanlama g\u00fcre\u015fi yap\u0131l\u0131yor daha sonra da alt\u0131n puana ge\u00e7iliyordu. Bu y\u0131l 40 dakika serbest g\u00fcre\u015f yap\u0131lacak daha sonra hi\u00e7 ara verilmeden hakem yan\u0131nda ta\u015f\u0131d\u0131\u011f\u0131 pa\u00e7a ba\u011flar\u0131n\u0131 hemen pehlivanlara ba\u011flayarak direk alt\u0131n puana ge\u00e7ilecek. Bu g\u00fcre\u015flerin h\u0131z\u0131n\u0131 da kalitesini de artt\u0131racak. \u0130stanbul Se\u00e7imlerinden dolay\u0131 Say\u0131n Valimiz ile randevularda \u00e7ok b\u00fcy\u00fck zorluklar ya\u015fand\u0131\u011f\u0131n\u0131 g\u00f6rd\u00fc\u011f\u00fcm\u00fcz i\u00e7in Ankara\u2019ya gitmeden davetiyelerimizi g\u00f6nderdik. Hen\u00fcz bir teyit alamad\u0131k. Kat\u0131l\u0131p kat\u0131lamayacaklar\u0131n\u0131 s\u00fcre\u00e7 i\u00e7inde tekrardan sizlerle payla\u015faca\u011f\u0131z\u201d \u015feklinde konu\u015ftu.<\/p>\n<p>G\u00fcrkan, \u0130stanbul B\u00fcy\u00fck\u015fehir Belediye Ba\u015fkan\u0131 Ekrem \u0130mamo\u011flu\u2019nu da K\u0131rkp\u0131nar Ya\u011fl\u0131 G\u00fcre\u015fleri\u2019ne davet ettiklerini; program\u0131n\u0131n uygun olmas\u0131 halinde \u0130mamo\u011flu\u2019nun da K\u0131rkp\u0131nar\u2019a kat\u0131laca\u011f\u0131 s\u00f6yledi.<\/p>\n<p>K\u0131rkp\u0131nar Ya\u011fl\u0131 G\u00fcre\u015fleri\u2019nin ge\u00e7en y\u0131l televizyonda 4.4 milyon izlendi\u011fini belirten G\u00fcrkan, &#8220;Bug\u00fcne kadar hi\u00e7 \u00e7\u0131kmad\u0131k biz o rakama. Ge\u00e7en y\u0131l ayn\u0131 zamanda D\u00fcnya Futbol \u015eampiyonas\u0131 da vard\u0131. Bu y\u0131l onlarda yok. Bu y\u0131l tahmin ediyorum 7 milyon ki\u015fi izleyecektir. \u00c7ok ciddi de tan\u0131t\u0131m yap\u0131yorlar. \u0130n\u015fallah g\u00fczel olacak\u201d dedi.<\/p>\n<p>Ba\u015fkan G\u00fcrkan, daha sonra sadece yaya ge\u00e7i\u015fleri ile protokol ge\u00e7i\u015flerine izin verilecek olan Fatih K\u00f6pr\u00fcs\u00fc\u2019n\u00fc ve K\u0131rkp\u0131nar boyunca hizmet verecek olan seyyar k\u00f6pr\u00fcy\u00fc bas\u0131n mensuplar\u0131 ile birlikte gezerek incelemelerde bulundu.<\/p>\n","protected":false},"excerpt":{"rendered":"<p>ED\u0130RNE BELED\u0130YE BA\u015eKANI RECEP G\u00dcRKAN, ED\u0130RNE BELED\u0130YES\u0130 OLARAK 1-7 TEMMUZ 2019 TAR\u0130HLER\u0130 ARASINDA D\u00dcZENLENECEK OLAN 658. KIRKPINAR YA\u011eLI G\u00dcRE\u015eLER\u0130 \u0130\u00c7\u0130N T\u00dcM HAZIRLIKLARINI TAMAMLADIKLARINI S\u00d6YLED\u0130.<\/p>\n","protected":false},"author":1,"featured_media":0,"comment_status":"closed","ping_status":"open","sticky":false,"template":"","format":"standard","meta":{"jetpack_post_was_ever_published":false,"_jetpack_newsletter_access":"","_jetpack_dont_email_post_to_subs":false,"_jetpack_newsletter_tier_id":0,"_jetpack_memberships_contains_paywalled_content":false,"_jetpack_memberships_contains_paid_content":false,"footnotes":"","jetpack_publicize_message":"","jetpack_publicize_feature_enabled":true,"jetpack_social_post_already_shared":true,"jetpack_social_options":{"image_generator_settings":{"template":"highway","default_image_id":0,"font":"","enabled":false},"version":2}},"categories":[657],"tags":[41974,55,592,42829,5604,710],"class_list":["post-175707","post","type-post","status-publish","format-standard","hentry","category-spor","tag-41974","tag-basladi","tag-geri","tag-heyecanda","tag-sayim","tag-yillik"],"jetpack_publicize_connections":[],"jetpack_featured_media_url":"","jetpack_sharing_enabled":true,"jetpack_shortlink":"https:\/\/wp.me\/paKIfm-JHZ","_links":{"self":[{"href":"http:\/\/www.tvturk.com\/index.php\/wp-json\/wp\/v2\/posts\/175707","targetHints":{"allow":["GET"]}}],"collection":[{"href":"http:\/\/www.tvturk.com\/index.php\/wp-json\/wp\/v2\/posts"}],"about":[{"href":"http:\/\/www.tvturk.com\/index.php\/wp-json\/wp\/v2\/types\/post"}],"author":[{"embeddable":true,"href":"http:\/\/www.tvturk.com\/index.php\/wp-json\/wp\/v2\/users\/1"}],"replies":[{"embeddable":true,"href":"http:\/\/www.tvturk.com\/index.php\/wp-json\/wp\/v2\/comments?post=175707"}],"version-history":[{"count":0,"href":"http:\/\/www.tvturk.com\/index.php\/wp-json\/wp\/v2\/posts\/175707\/revisions"}],"wp:attachment":[{"href":"http:\/\/www.tvturk.com\/index.php\/wp-json\/wp\/v2\/media?parent=175707"}],"wp:term":[{"taxonomy":"category","embeddable":true,"href":"http:\/\/www.tvturk.com\/index.php\/wp-json\/wp\/v2\/categories?post=175707"},{"taxonomy":"post_tag","embeddable":true,"href":"http:\/\/www.tvturk.com\/index.php\/wp-json\/wp\/v2\/tags?post=175707"}],"curies":[{"name":"wp","href":"https:\/\/api.w.org\/{rel}","templated":true}]}}