{"id":175729,"date":"2019-06-29T17:16:27","date_gmt":"2019-06-29T14:16:27","guid":{"rendered":"http:\/\/www.tvturk.com\/index.php\/bursanin-guzellikleri-guney-korede-anlatildi\/"},"modified":"2019-06-29T17:16:27","modified_gmt":"2019-06-29T14:16:27","slug":"bursanin-guzellikleri-guney-korede-anlatildi","status":"publish","type":"post","link":"http:\/\/www.tvturk.com\/index.php\/bursanin-guzellikleri-guney-korede-anlatildi\/","title":{"rendered":"Bursa\u2019n\u0131n g\u00fczellikleri G\u00fcney Kore\u2019de anlat\u0131ld\u0131"},"content":{"rendered":"<p>Uluslararas\u0131 turizm fuarlar\u0131nda s\u0131k s\u0131k boy g\u00f6steren Bursa\u2019n\u0131n son dura\u011f\u0131 G\u00fcney Kore oldu.<\/p>\n<p>Seul \u015fehrinde d\u00fczenlenen tan\u0131t\u0131ma Bursa K\u00fclt\u00fcr Turizm ve Tan\u0131tma Birli\u011fi, B\u00fcy\u00fck\u015fehir Belediyesi ve Bursa Eski\u015fehir Bilecik Kalk\u0131nma Ajans\u0131, Eski\u015fehir Valili\u011fi ortak organizasyonunda G\u00fcney Koreli seyahat acentelerine Bursa, Eski\u015fehir ve Bilecik\u2019in turistik de\u011ferleri tan\u0131t\u0131ld\u0131.<\/p>\n<p>Bursa\u2019n\u0131n turizm gelirlerinin artmas\u0131 i\u00e7in tan\u0131t\u0131m \u00e7al\u0131\u015fmalar\u0131na a\u011f\u0131rl\u0131k veren Bursa B\u00fcy\u00fck\u015fehir Belediyesi, uluslararas\u0131 organizasyonlarda boy g\u00f6stermeye devam ediyor. T\u00fcrkiye\u2019yi ve Bursa\u2019y\u0131 her alanda etkin projelerle yurt i\u00e7i ve yurt d\u0131\u015f\u0131nda tan\u0131tmaya devam eden B\u00fcy\u00fck\u015fehir Belediyesi ve Bursa K\u00fclt\u00fcr Turizm ve Tan\u0131tma Birli\u011fi G\u00fcney Kore\u2019de de Bursa r\u00fczg\u00e2r\u0131 estirdi. \u0130stanbul, Hollanda, Cidde, Malezya, \u00c7in, Avusturya ve Birle\u015fik Arap Emirlikleri\u2019nin Dubai \u015fehrinde d\u00fczenlenen fuarlarda stant a\u00e7an Bursa K\u00fclt\u00fcr Turizm ve Tan\u0131tma Birli\u011fi, \u015fimdi de Seul \u015fehrinde G\u00fcney Koreli seyahat acentelerine Bursa\u2019y\u0131 tan\u0131tt\u0131.<\/p>\n<p>Programa Bursa K\u00fclt\u00fcr Turizm ve Tan\u0131tma Birli\u011fi ad\u0131na kat\u0131lan An\u0131l Bay\u0131k, yapt\u0131\u011f\u0131 sunumda, Koreli turizm yat\u0131r\u0131mc\u0131lar\u0131na Bursa\u2019n\u0131n c\u00e2zibelerini anlatt\u0131. Programa Bursa Bilecik Eski\u015fehir Kalk\u0131nma Ajans\u0131 Genel Sekreteri \u0130smail Gerim, Eski\u015fehir Vali Yard\u0131mc\u0131s\u0131 Ak\u0131n A\u011fca ve TURSAB G\u00fcney Marmara BTK Ba\u015fkan\u0131 Murat Sara\u00e7o\u011flu da kat\u0131ld\u0131.<\/p>\n","protected":false},"excerpt":{"rendered":"<p>ULUSLARARASI TUR\u0130ZM FUARLARINDA SIK SIK BOY G\u00d6STEREN BURSA\u2019NIN SON DURA\u011eI G\u00dcNEY KORE OLDU<\/p>\n","protected":false},"author":1,"featured_media":0,"comment_status":"closed","ping_status":"open","sticky":false,"template":"","format":"standard","meta":{"jetpack_post_was_ever_published":false,"_jetpack_newsletter_access":"","_jetpack_dont_email_post_to_subs":false,"_jetpack_newsletter_tier_id":0,"_jetpack_memberships_contains_paywalled_content":false,"_jetpack_memberships_contains_paid_content":false,"footnotes":"","jetpack_publicize_message":"","jetpack_publicize_feature_enabled":true,"jetpack_social_post_already_shared":true,"jetpack_social_options":{"image_generator_settings":{"template":"highway","default_image_id":0,"font":"","enabled":false},"version":2}},"categories":[1],"tags":[3722,2395,9258,8308,23108],"class_list":["post-175729","post","type-post","status-publish","format-standard","hentry","category-genel","tag-anlatildi","tag-bursanin","tag-guney","tag-guzellikleri","tag-korede"],"jetpack_publicize_connections":[],"jetpack_featured_media_url":"","jetpack_sharing_enabled":true,"jetpack_shortlink":"https:\/\/wp.me\/paKIfm-JIl","_links":{"self":[{"href":"http:\/\/www.tvturk.com\/index.php\/wp-json\/wp\/v2\/posts\/175729","targetHints":{"allow":["GET"]}}],"collection":[{"href":"http:\/\/www.tvturk.com\/index.php\/wp-json\/wp\/v2\/posts"}],"about":[{"href":"http:\/\/www.tvturk.com\/index.php\/wp-json\/wp\/v2\/types\/post"}],"author":[{"embeddable":true,"href":"http:\/\/www.tvturk.com\/index.php\/wp-json\/wp\/v2\/users\/1"}],"replies":[{"embeddable":true,"href":"http:\/\/www.tvturk.com\/index.php\/wp-json\/wp\/v2\/comments?post=175729"}],"version-history":[{"count":0,"href":"http:\/\/www.tvturk.com\/index.php\/wp-json\/wp\/v2\/posts\/175729\/revisions"}],"wp:attachment":[{"href":"http:\/\/www.tvturk.com\/index.php\/wp-json\/wp\/v2\/media?parent=175729"}],"wp:term":[{"taxonomy":"category","embeddable":true,"href":"http:\/\/www.tvturk.com\/index.php\/wp-json\/wp\/v2\/categories?post=175729"},{"taxonomy":"post_tag","embeddable":true,"href":"http:\/\/www.tvturk.com\/index.php\/wp-json\/wp\/v2\/tags?post=175729"}],"curies":[{"name":"wp","href":"https:\/\/api.w.org\/{rel}","templated":true}]}}