{"id":175735,"date":"2019-06-29T18:01:41","date_gmt":"2019-06-29T15:01:41","guid":{"rendered":"http:\/\/www.tvturk.com\/index.php\/gemlik-kent-konseyi-baskani-gurhan-cetinkaya-oldu\/"},"modified":"2019-06-29T18:01:41","modified_gmt":"2019-06-29T15:01:41","slug":"gemlik-kent-konseyi-baskani-gurhan-cetinkaya-oldu","status":"publish","type":"post","link":"http:\/\/www.tvturk.com\/index.php\/gemlik-kent-konseyi-baskani-gurhan-cetinkaya-oldu\/","title":{"rendered":"Gemlik Kent Konseyi Ba\u015fkan\u0131 G\u00fcrhan \u00c7etinkaya oldu"},"content":{"rendered":"<p>Gemlik Kent Konseyi Ba\u015fkan\u0131 G\u00fcrhan \u00c7etinkaya oldu.<\/p>\n<p>Gemlik Kent Konseyi se\u00e7imleri Ticaret ve Sanayi Odas\u0131 salonunda yap\u0131ld\u0131. Dernekler STK\u2019lar ve kurumlar\u0131n oy kulland\u0131\u011f\u0131 se\u00e7imde G\u00fcrhan \u00c7etinkaya ve \u015e\u00fckr\u00fc Deviren isimleri yar\u0131\u015ft\u0131. Genel kurulda ilk s\u00f6z\u00fc Kent Konseyi Ba\u015fkan\u0131 Mukaddes Serim ald\u0131. Serim, \u2019\u2019Gemlik Kent Konseyini vatanda\u015f tan\u0131d\u0131 ve sivil toplum sahiplendi. Kent Konseyleri siyasetten uzak kalmal\u0131. G\u00f6reve gelecek arkada\u015flar\u0131m\u0131z\u0131n, bizden daha yukar\u0131ya ta\u015f\u0131mas\u0131n\u0131 bekliyoruz. Gemlik zeytinini tan\u0131tmak i\u00e7in festival d\u00fczenlendi\u2019\u2019 dedi.<\/p>\n<p>Ard\u0131ndan s\u00f6z alan Belediye Ba\u015fkan\u0131 Mehmet U\u011fur Sertaslan, \u2019\u2019Bug\u00fcn bir i\u015f kazas\u0131nda bir yurtta\u015f\u0131m\u0131z\u0131 kaybettik. Kaymakam\u0131m\u0131z\u0131n 15 ya\u015f\u0131nda o\u011flunu kaybettik, hepimizin ba\u015f\u0131 sa\u011f olsun. Bunun bizim y\u00f6netimimizde planlanan bir i\u015fim de \u00fcz\u00fcnt\u00fcs\u00fc i\u00e7imdeyim.  Mukaddes abla tarafs\u0131z olmas\u0131 gerekti\u011fini s\u00f6yledi. Kararlar\u0131m yerel y\u00f6netimler elinde de hizmete ge\u00e7irildi\u011fi yerler. Mahalle meclisleri olu\u015fmal\u0131. Emek verenlere te\u015fekk\u00fcr ediyoruz. Bundan sonra \u00fczerine koymam\u0131z laz\u0131m. Gemlik\u2019i Marmara\u2019n\u0131n incisi yapma vizyonu ortaya tekrar \u00e7\u0131kt\u0131. \u0130nsan\u0131m\u0131z\u0131 denizle birle\u015ftirmeliyiz. Gemlik Belediye Meclisine yol g\u00f6sterecek yer olmal\u0131 buras\u0131.<\/p>\n<p>Ne siyasal, ne ekonomik beklenti olmas\u0131 gerekir. Tarafs\u0131z olmas\u0131 gereken kent konseyinin belediye ile uyum i\u00e7inde olunmal\u0131. Burada ortaya \u00e7\u0131kacak sonucun Sertaslan\u2019\u0131n galibiyeti ve ma\u011flubiyeti say\u0131lmaya ba\u015flad\u0131. Kent Konseyi belediye ba\u015fkan\u0131 ile hesapla\u015fma yeri de\u011fil. Buradan ayar verilmez. Eksik olan arkada\u015flar\u0131m\u0131z\u0131n varl\u0131\u011f\u0131 ile alakal\u0131 bilgi verildi. Ge\u00e7en se\u00e7imlerin 30 ki\u015fi ile yap\u0131ld\u0131\u011f\u0131n\u0131 unutmayal\u0131m\u2019\u2019 \u015feklinde konu\u015ftu.<\/p>\n<p>Adaylardan ilk s\u00f6z\u00fc alan G\u00fcrhan \u00c7etinkaya, \u2019\u2019\u0130\u015flerimizden en \u00f6nemlisi \u00e7ocuklar\u0131m\u0131za dokunmak. Evlatlar\u0131m\u0131z\u0131 tehlikeden korumak. Kent Konseyi ne i\u015f yap\u0131yor diyorlar. Bizler de \u00fczerine koyarak ger\u00e7ekle\u015ftirece\u011fiz. 81 ilden gelen arkada\u015flar\u0131m\u0131z\u0131 kucakla\u015ft\u0131raca\u011f\u0131z. Demokrasinin g\u00fc\u00e7lenmesi, meselelelerin belediye meclisine ta\u015f\u0131nabilmesi i\u00e7in hep birlikte \u00e7al\u0131\u015faca\u011f\u0131z. Zeytin ve bal\u0131k\u00e7\u0131l\u0131k konseyi kuraca\u011f\u0131z\u2019\u2019 dedi.<\/p>\n<p>Son olarak s\u00f6z alan \u015e\u00fckr\u00fc Deviren ise, &#8220;Hakikaten Gemlik i\u00e7in umutluyum. Ben kalbine inanan, akl\u0131 ile hareket eden adam\u0131m. E\u011fer kalbim do\u011fru de\u011filse, iman\u0131n do\u011fru de\u011fildir. \u0130nsanlar\u0131n hayatlar\u0131nda d\u00f6n\u00fcm noktalar\u0131 vard\u0131r. Ben patika yollardan \u00e7ok k\u00f6r y\u0131lanlara basarak ge\u00e7tim. Bir insan kazanmad\u0131k\u00e7a toplum bir yere gelmez. Ben ba\u015fkan\u0131m\u0131n s\u00f6zlerinden umutluyum. Siz kendinizi geli\u015ftiremezseniz, gelecek ile alakal\u0131 do\u011frular\u0131n\u0131z olamaz. Biz ezber bozmak niyetindeyiz. Biz insan olarak birbirimize de\u011fer vermeliyiz. Biz hi\u00e7 kimseyi \u00f6tekile\u015ftirmeden  insanlar\u0131 birle\u015ftirmeye \u00e7al\u0131\u015f\u0131yoruz. Gemlik dinamikleri bir araya getirmeli. Bu kent i\u00e7in kayg\u0131lan\u0131yorum ben. Huzur ve bar\u0131\u015f\u0131n \u015fehri yaz\u0131s\u0131 beni \u00e7ok etkiledi. G\u00fcrhan Bey ile yeni tan\u0131\u015ft\u0131m. Se\u00e7imi kazand\u0131\u011f\u0131mda yan\u0131mda olmas\u0131n\u0131 isteriz. Biz insanlara kendi ihtiya\u00e7lar\u0131n\u0131 kar\u015f\u0131lamak i\u00e7in beceri ve cesaret kazand\u0131rmal\u0131y\u0131z&#8221; dedi.<\/p>\n<p>Ad okunarak yap\u0131lan kapal\u0131 se\u00e7im sonras\u0131 \u00c7etinkaya 60, Deviren ise 40 ald\u0131. Gemlik Kent Konseyinin yeni ba\u015fkan\u0131 G\u00fcrhan \u00c7etinkaya oldu.<\/p>\n","protected":false},"excerpt":{"rendered":"<p>GEML\u0130K  KENT KONSEY\u0130 BA\u015eKANI G\u00dcRHAN \u00c7ET\u0130NKAYA OLDU<\/p>\n","protected":false},"author":1,"featured_media":0,"comment_status":"closed","ping_status":"open","sticky":false,"template":"","format":"standard","meta":{"jetpack_post_was_ever_published":false,"_jetpack_newsletter_access":"","_jetpack_dont_email_post_to_subs":false,"_jetpack_newsletter_tier_id":0,"_jetpack_memberships_contains_paywalled_content":false,"_jetpack_memberships_contains_paid_content":false,"footnotes":"","jetpack_publicize_message":"","jetpack_publicize_feature_enabled":true,"jetpack_social_post_already_shared":true,"jetpack_social_options":{"image_generator_settings":{"template":"highway","default_image_id":0,"font":"","enabled":false},"version":2}},"categories":[1],"tags":[216,42841,15890,42840,1966,3375,77],"class_list":["post-175735","post","type-post","status-publish","format-standard","hentry","category-genel","tag-baskani","tag-cetinkaya","tag-gemlik","tag-gurhan","tag-kent","tag-konseyi","tag-oldu"],"jetpack_publicize_connections":[],"jetpack_featured_media_url":"","jetpack_sharing_enabled":true,"jetpack_shortlink":"https:\/\/wp.me\/paKIfm-JIr","_links":{"self":[{"href":"http:\/\/www.tvturk.com\/index.php\/wp-json\/wp\/v2\/posts\/175735","targetHints":{"allow":["GET"]}}],"collection":[{"href":"http:\/\/www.tvturk.com\/index.php\/wp-json\/wp\/v2\/posts"}],"about":[{"href":"http:\/\/www.tvturk.com\/index.php\/wp-json\/wp\/v2\/types\/post"}],"author":[{"embeddable":true,"href":"http:\/\/www.tvturk.com\/index.php\/wp-json\/wp\/v2\/users\/1"}],"replies":[{"embeddable":true,"href":"http:\/\/www.tvturk.com\/index.php\/wp-json\/wp\/v2\/comments?post=175735"}],"version-history":[{"count":0,"href":"http:\/\/www.tvturk.com\/index.php\/wp-json\/wp\/v2\/posts\/175735\/revisions"}],"wp:attachment":[{"href":"http:\/\/www.tvturk.com\/index.php\/wp-json\/wp\/v2\/media?parent=175735"}],"wp:term":[{"taxonomy":"category","embeddable":true,"href":"http:\/\/www.tvturk.com\/index.php\/wp-json\/wp\/v2\/categories?post=175735"},{"taxonomy":"post_tag","embeddable":true,"href":"http:\/\/www.tvturk.com\/index.php\/wp-json\/wp\/v2\/tags?post=175735"}],"curies":[{"name":"wp","href":"https:\/\/api.w.org\/{rel}","templated":true}]}}