{"id":175781,"date":"2019-06-29T22:01:46","date_gmt":"2019-06-29T19:01:46","guid":{"rendered":"http:\/\/www.tvturk.com\/index.php\/bilecik-sakarya-nehri-gonulleri-sakarya-nehrini-inceliyor\/"},"modified":"2019-06-29T22:01:46","modified_gmt":"2019-06-29T19:01:46","slug":"bilecik-sakarya-nehri-gonulleri-sakarya-nehrini-inceliyor","status":"publish","type":"post","link":"http:\/\/www.tvturk.com\/index.php\/bilecik-sakarya-nehri-gonulleri-sakarya-nehrini-inceliyor\/","title":{"rendered":"Bilecik Sakarya Nehri G\u00f6n\u00fclleri Sakarya Nehrini inceliyor"},"content":{"rendered":"<p>Bilecik Sakarya Nehri G\u00f6n\u00fclleri \u201cSakarya cennet olsun\u201d temas\u0131yla Sakarya Nehri\u2019ni foto\u011fraflamak \u00fczere botla tura \u00e7\u0131karak Sakarya\u2019ya geldi.<\/p>\n<p>Hava geni\u015fli\u011fi 58 bin metre kare olan 824 uzunlu\u011funda olan ve Ankara, Eski\u015fehir, Bilecik, K\u00fctahya ve Sakarya\u2019dan ge\u00e7en Kuzey Bat\u0131 Anadolu\u2019nun en b\u00fcy\u00fck nehri olan Sakarya Nehri inceleyen Bilecik Sakarya Nehri G\u00f6n\u00fclleri, \u201cSakarya cennet olsun&#8221; temal\u0131 gezide g\u00f6rd\u00fcklerinin foto\u011fraf ve g\u00f6r\u00fcnt\u00fclerini \u00e7ekip \u00e7al\u0131\u015fmalar\u0131n\u0131 raporla belgelendirmeyi hedefliyor. Eekip, uzun bot yolculu\u011funun ard\u0131ndan geldikleri Sakarya\u2019da Vali Yard\u0131mc\u0131s\u0131 Mehmet Fatih \u00c7i\u00e7ekli taraf\u0131ndan kar\u015f\u0131land\u0131.<\/p>\n<p>G\u00fczel bir \u00f6rnek<\/p>\n<p>Ekibe \u00f6nc\u00fcl\u00fck eden Bilecik \u015eeyh Edebali \u00dcniversitesi (B\u015eE\u00dc) Fen Edebiyat Fak\u00fcltesi Co\u011frafya B\u00f6l\u00fcm\u00fc \u00d6\u011fretim \u00dcyesi Prof. Dr. Nurfeddin Kahraman yapt\u0131\u011f\u0131 a\u00e7\u0131klamada, \u201cT\u00fcrkiye\u2019de su t\u00fcketimi her ge\u00e7en g\u00fcn geriye gidiyor. Oysa su t\u00fcketimi, medeniyet \u00f6l\u00e7\u00fcs\u00fcd\u00fcr. Bir toplumda ki\u015fi ba\u015f\u0131na d\u00fc\u015fen su t\u00fcketimi ne kadar fazlaysa, o \u00fclkenin ne kadar kalk\u0131nm\u0131\u015f ve geli\u015fmi\u015f oldu\u011fu s\u00f6z konusu edilir. Su, hayatt\u0131r. Peki biz suyu ne yapt\u0131k. Sakarya Nehri, \u00e7ok g\u00fczel bir \u00f6rnektir\u201d dedi.<\/p>\n<p>Sakarya nehrinin tekrar eski d\u00fczenine kavu\u015fmas\u0131 ve su ekolojisinin d\u00fczelmesinin bireysel \u00e7abalarla olamayaca\u011f\u0131n\u0131 s\u00f6yleyen \u00d6\u011fretim \u00fcyesi Kahraman, kamuoyunun olu\u015fturaca\u011f\u0131 bask\u0131n\u0131n burada en \u00f6nemli \u00e7\u00f6z\u00fcm arac\u0131 olaca\u011f\u0131n\u0131 s\u00f6yledi. Ekip tekrar yola \u00e7\u0131kacarak, 2 g\u00fcnl\u00fck yolcu\u011fun ard\u0131ndan Karasu il\u00e7esindeki Sakarya Nehri a\u011fz\u0131na varmay\u0131 hedefliyor.<\/p>\n","protected":false},"excerpt":{"rendered":"<p>B\u0130LEC\u0130K SAKARYA NEHR\u0130 G\u00d6N\u00dcLLER\u0130 \u201cSAKARYA CENNET OLSUN\u201d TEMASIYLA SAKARYA NEHR\u0130&#8217;N\u0130 FOTO\u011eRAFLAMAK \u00dcZERE BOTLA TURA \u00c7IKARAK SAKARYA&#8217;YA GELD\u0130.<\/p>\n","protected":false},"author":1,"featured_media":0,"comment_status":"closed","ping_status":"open","sticky":false,"template":"","format":"standard","meta":{"jetpack_post_was_ever_published":false,"_jetpack_newsletter_access":"","_jetpack_dont_email_post_to_subs":false,"_jetpack_newsletter_tier_id":0,"_jetpack_memberships_contains_paywalled_content":false,"_jetpack_memberships_contains_paid_content":false,"footnotes":"","jetpack_publicize_message":"","jetpack_publicize_feature_enabled":true,"jetpack_social_post_already_shared":true,"jetpack_social_options":{"image_generator_settings":{"template":"highway","default_image_id":0,"font":"","enabled":false},"version":2}},"categories":[1],"tags":[5294,11768,16417,33766,42851,3987],"class_list":["post-175781","post","type-post","status-publish","format-standard","hentry","category-genel","tag-bilecik","tag-gonulleri","tag-inceliyor","tag-nehri","tag-nehrini","tag-sakarya"],"jetpack_publicize_connections":[],"jetpack_featured_media_url":"","jetpack_sharing_enabled":true,"jetpack_shortlink":"https:\/\/wp.me\/paKIfm-JJb","_links":{"self":[{"href":"http:\/\/www.tvturk.com\/index.php\/wp-json\/wp\/v2\/posts\/175781","targetHints":{"allow":["GET"]}}],"collection":[{"href":"http:\/\/www.tvturk.com\/index.php\/wp-json\/wp\/v2\/posts"}],"about":[{"href":"http:\/\/www.tvturk.com\/index.php\/wp-json\/wp\/v2\/types\/post"}],"author":[{"embeddable":true,"href":"http:\/\/www.tvturk.com\/index.php\/wp-json\/wp\/v2\/users\/1"}],"replies":[{"embeddable":true,"href":"http:\/\/www.tvturk.com\/index.php\/wp-json\/wp\/v2\/comments?post=175781"}],"version-history":[{"count":0,"href":"http:\/\/www.tvturk.com\/index.php\/wp-json\/wp\/v2\/posts\/175781\/revisions"}],"wp:attachment":[{"href":"http:\/\/www.tvturk.com\/index.php\/wp-json\/wp\/v2\/media?parent=175781"}],"wp:term":[{"taxonomy":"category","embeddable":true,"href":"http:\/\/www.tvturk.com\/index.php\/wp-json\/wp\/v2\/categories?post=175781"},{"taxonomy":"post_tag","embeddable":true,"href":"http:\/\/www.tvturk.com\/index.php\/wp-json\/wp\/v2\/tags?post=175781"}],"curies":[{"name":"wp","href":"https:\/\/api.w.org\/{rel}","templated":true}]}}