{"id":175783,"date":"2019-06-29T22:16:28","date_gmt":"2019-06-29T19:16:28","guid":{"rendered":"http:\/\/www.tvturk.com\/index.php\/kelebekler-vadisinde-mahsur-kalan-tatilciyi-jak-ve-akut-kurtarildi\/"},"modified":"2019-06-29T22:16:28","modified_gmt":"2019-06-29T19:16:28","slug":"kelebekler-vadisinde-mahsur-kalan-tatilciyi-jak-ve-akut-kurtarildi","status":"publish","type":"post","link":"http:\/\/www.tvturk.com\/index.php\/kelebekler-vadisinde-mahsur-kalan-tatilciyi-jak-ve-akut-kurtarildi\/","title":{"rendered":"Kelebekler vadisinde mahsur kalan tatilciyi JAK ve AKUT kurtar\u0131ld\u0131"},"content":{"rendered":"<p>Mu\u011fla\u2019n\u0131n Fethiye il\u00e7esindeki, Kelebekler Vadisi\u2019nde u\u00e7urumda mahsur kalan tatilci JAK ve AKUT ekipleri taraf\u0131nda yakla\u015f\u0131k 4 saatte kurtar\u0131ld\u0131.<\/p>\n<p>Olay, Faralya Mahallesi\u2019ndeki Kelebekler Vadisi\u2019nde meydana geldi. Edinilen bilgilere g\u00f6re, Marmaris\u2019ten tatil i\u00e7in Fethiye\u2019ye gelen Mert K\u00fc\u00e7\u00fckbaycan (20)  , Faralya Mahallesi hisar mevkisinden Kelebekler Vadisi\u2019ne patika yoldan y\u00fcr\u00fcy\u00fc\u015fe ba\u015flad\u0131. Sarp kayal\u0131klardan tek ba\u015f\u0131 ini\u015fe ge\u00e7en K\u00fc\u00e7\u00fckbaycan, bir s\u00fcre sonra y\u00fcr\u00fcd\u00fckten sonra dengesini kaybederek kayal\u0131klarda d\u00fc\u015ft\u00fc. D\u00fc\u015ft\u00fc\u011f\u00fc yerden \u00e7\u0131kamayan K\u00fc\u00e7\u00fckbaycan\u2019\u0131n 112 Acil \u00c7a\u011fr\u0131 Merkezi\u2019ni arayarak yard\u0131m istedi.<\/p>\n<p>B\u00f6lgenin sarp ve kayal\u0131k olmas\u0131 nedeniyle b\u00f6lgeye Jandarma Arama Kurtarma (JAK) timi ve Arama Kurtarma Derne\u011fi (AKUT) Fethiye ekibi sevk edildi.<\/p>\n<p>Olay yerine gelen ekipler kayal\u0131klarda mahsur kalan K\u00fc\u00e7\u00fckbaycan\u2019\u0131, iple kurtarma istasyonu kurarak yakla\u015f\u0131k 4 saatlik \u00e7al\u0131\u015fma sonucu kurtard\u0131.<\/p>\n","protected":false},"excerpt":{"rendered":"<p>MU\u011eLA&#8217;NIN FETH\u0130YE \u0130L\u00c7ES\u0130NDEK\u0130, KELEBEKLER VAD\u0130S\u0130&#8217;NDE U\u00c7URUMDA MAHSUR KALAN TAT\u0130LC\u0130 JAK VE AKUT EK\u0130PLER\u0130 TARAFINDA YAKLA\u015eIK 4 SAATTE KURTARILDI.<\/p>\n","protected":false},"author":1,"featured_media":0,"comment_status":"closed","ping_status":"open","sticky":false,"template":"","format":"standard","meta":{"jetpack_post_was_ever_published":false,"_jetpack_newsletter_access":"","_jetpack_dont_email_post_to_subs":false,"_jetpack_newsletter_tier_id":0,"_jetpack_memberships_contains_paywalled_content":false,"_jetpack_memberships_contains_paid_content":false,"footnotes":"","jetpack_publicize_message":"","jetpack_publicize_feature_enabled":true,"jetpack_social_post_already_shared":true,"jetpack_social_options":{"image_generator_settings":{"template":"highway","default_image_id":0,"font":"","enabled":false},"version":2}},"categories":[1],"tags":[4973,4825,1274,29307,766,2381,42852,23463],"class_list":["post-175783","post","type-post","status-publish","format-standard","hentry","category-genel","tag-akut","tag-jak","tag-kalan","tag-kelebekler","tag-kurtarildi","tag-mahsur","tag-tatilciyi","tag-vadisinde"],"jetpack_publicize_connections":[],"jetpack_featured_media_url":"","jetpack_sharing_enabled":true,"jetpack_shortlink":"https:\/\/wp.me\/paKIfm-JJd","_links":{"self":[{"href":"http:\/\/www.tvturk.com\/index.php\/wp-json\/wp\/v2\/posts\/175783","targetHints":{"allow":["GET"]}}],"collection":[{"href":"http:\/\/www.tvturk.com\/index.php\/wp-json\/wp\/v2\/posts"}],"about":[{"href":"http:\/\/www.tvturk.com\/index.php\/wp-json\/wp\/v2\/types\/post"}],"author":[{"embeddable":true,"href":"http:\/\/www.tvturk.com\/index.php\/wp-json\/wp\/v2\/users\/1"}],"replies":[{"embeddable":true,"href":"http:\/\/www.tvturk.com\/index.php\/wp-json\/wp\/v2\/comments?post=175783"}],"version-history":[{"count":0,"href":"http:\/\/www.tvturk.com\/index.php\/wp-json\/wp\/v2\/posts\/175783\/revisions"}],"wp:attachment":[{"href":"http:\/\/www.tvturk.com\/index.php\/wp-json\/wp\/v2\/media?parent=175783"}],"wp:term":[{"taxonomy":"category","embeddable":true,"href":"http:\/\/www.tvturk.com\/index.php\/wp-json\/wp\/v2\/categories?post=175783"},{"taxonomy":"post_tag","embeddable":true,"href":"http:\/\/www.tvturk.com\/index.php\/wp-json\/wp\/v2\/tags?post=175783"}],"curies":[{"name":"wp","href":"https:\/\/api.w.org\/{rel}","templated":true}]}}