{"id":175797,"date":"2019-06-30T07:31:10","date_gmt":"2019-06-30T04:31:10","guid":{"rendered":"http:\/\/www.tvturk.com\/index.php\/cumhurbaskani-erdogan-kytoda-hazineler-ve-osmanli-imparatorlugunda-lale-gelenegi-sergisini-ziyaret-etti\/"},"modified":"2019-06-30T07:31:10","modified_gmt":"2019-06-30T04:31:10","slug":"cumhurbaskani-erdogan-kytoda-hazineler-ve-osmanli-imparatorlugunda-lale-gelenegi-sergisini-ziyaret-etti","status":"publish","type":"post","link":"http:\/\/www.tvturk.com\/index.php\/cumhurbaskani-erdogan-kytoda-hazineler-ve-osmanli-imparatorlugunda-lale-gelenegi-sergisini-ziyaret-etti\/","title":{"rendered":"Cumhurba\u015fkan\u0131 Erdo\u011fan, Kyto\u2019da &#8220;Hazineler ve Osmanl\u0131 \u0130mparatorlu\u011fu\u2019nda Lale Gelene\u011fi&#8221; sergisini ziyaret etti"},"content":{"rendered":"<p>G20 zirvesi nedeniyle Japonya\u2019da bulunan Cumhurba\u015fkan\u0131 Recep Tayyip Erdo\u011fan, Kyto \u015fehrinde &#8220;Hazineler ve Osmanl\u0131 \u0130mparatorlu\u011fu\u2019nda Lale Gelene\u011fi&#8221; sergisini ziyaret etti.<\/p>\n","protected":false},"excerpt":{"rendered":"<p>CUMHURBA\u015eKANI ERDO\u011eAN, KYTO&#8217;DA &#8220;HAZ\u0130NELER VE OSMANLI \u0130MPARATORLU\u011eU&#8217;NDA LALE GELENE\u011e\u0130&#8221; SERG\u0130S\u0130N\u0130 Z\u0130YARET ETT\u0130<\/p>\n","protected":false},"author":1,"featured_media":0,"comment_status":"closed","ping_status":"open","sticky":false,"template":"","format":"standard","meta":{"jetpack_post_was_ever_published":false,"_jetpack_newsletter_access":"","_jetpack_dont_email_post_to_subs":false,"_jetpack_newsletter_tier_id":0,"_jetpack_memberships_contains_paywalled_content":false,"_jetpack_memberships_contains_paid_content":false,"footnotes":"","jetpack_publicize_message":"","jetpack_publicize_feature_enabled":true,"jetpack_social_post_already_shared":true,"jetpack_social_options":{"image_generator_settings":{"template":"highway","default_image_id":0,"font":"","enabled":false},"version":2}},"categories":[1],"tags":[30880,5410,503,649,207,4902,5411,42859,3126,7380,150],"class_list":["post-175797","post","type-post","status-publish","format-standard","hentry","category-genel","tag-hazineler","tag-osmanli","tag-cumhurbaskani","tag-erdogan","tag-etti","tag-gelenegi","tag-imparatorlugunda","tag-kytoda","tag-lale","tag-sergisini","tag-ziyaret"],"jetpack_publicize_connections":[],"jetpack_featured_media_url":"","jetpack_sharing_enabled":true,"jetpack_shortlink":"https:\/\/wp.me\/paKIfm-JJr","_links":{"self":[{"href":"http:\/\/www.tvturk.com\/index.php\/wp-json\/wp\/v2\/posts\/175797","targetHints":{"allow":["GET"]}}],"collection":[{"href":"http:\/\/www.tvturk.com\/index.php\/wp-json\/wp\/v2\/posts"}],"about":[{"href":"http:\/\/www.tvturk.com\/index.php\/wp-json\/wp\/v2\/types\/post"}],"author":[{"embeddable":true,"href":"http:\/\/www.tvturk.com\/index.php\/wp-json\/wp\/v2\/users\/1"}],"replies":[{"embeddable":true,"href":"http:\/\/www.tvturk.com\/index.php\/wp-json\/wp\/v2\/comments?post=175797"}],"version-history":[{"count":0,"href":"http:\/\/www.tvturk.com\/index.php\/wp-json\/wp\/v2\/posts\/175797\/revisions"}],"wp:attachment":[{"href":"http:\/\/www.tvturk.com\/index.php\/wp-json\/wp\/v2\/media?parent=175797"}],"wp:term":[{"taxonomy":"category","embeddable":true,"href":"http:\/\/www.tvturk.com\/index.php\/wp-json\/wp\/v2\/categories?post=175797"},{"taxonomy":"post_tag","embeddable":true,"href":"http:\/\/www.tvturk.com\/index.php\/wp-json\/wp\/v2\/tags?post=175797"}],"curies":[{"name":"wp","href":"https:\/\/api.w.org\/{rel}","templated":true}]}}