{"id":175821,"date":"2019-06-30T09:46:41","date_gmt":"2019-06-30T06:46:41","guid":{"rendered":"http:\/\/www.tvturk.com\/index.php\/26-istanbul-caz-festivali-basladi\/"},"modified":"2019-06-30T09:46:41","modified_gmt":"2019-06-30T06:46:41","slug":"26-istanbul-caz-festivali-basladi","status":"publish","type":"post","link":"http:\/\/www.tvturk.com\/index.php\/26-istanbul-caz-festivali-basladi\/","title":{"rendered":"26. \u0130stanbul Caz Festivali ba\u015flad\u0131"},"content":{"rendered":"<p>\u0130stanbul K\u00fclt\u00fcr Sanat Vakf\u0131 (\u0130KSV) taraf\u0131ndan bu y\u0131l 26\u2019nc\u0131s\u0131 d\u00fczenlenen \u0130stanbul Caz Festivali ba\u015flad\u0131. \u0130lk defa Beylikd\u00fcz\u00fc\u2019nde \u2018Parklarda Caz\u2019 ad\u0131yla ba\u015flayan festivale il\u00e7e halk\u0131 yo\u011fun ilgi g\u00f6sterdi.<\/p>\n<p>26. \u0130stanbul Caz Festivali ilk kez Beylikd\u00fcz\u00fc Ya\u015fam Vadisi\u2019nde ger\u00e7ekle\u015fti. Festivale \u0130stanbul B\u00fcy\u00fck\u015fehir Belediye Ba\u015fkan\u0131 Ekrem \u0130mamo\u011flu ve Beylikd\u00fcz\u00fc Belediye Ba\u015fkan\u0131 Mehmet Murat \u00c7al\u0131k da kat\u0131ld\u0131. \u2018Parklarda Caz\u2019 ad\u0131yla ba\u015flayan festivalde Balkan Paradise Orchestra sahne ald\u0131. Caz m\u00fczi\u011fini e\u015fsiz bir \u015fekilde sunan gruba vatanda\u015flar alk\u0131\u015flarla ve dans ederek e\u015flik etti. Ba\u015fkan \u0130mamo\u011flu da caz grubuna dans ederek e\u015flik etti. Renkli g\u00f6r\u00fcnt\u00fclere ev sahipli\u011fi yapan festivalde gruba \u00e7i\u00e7ek takdim edildi. 18 Temmuz\u2019a kadar s\u00fcrecek olan festival, \u0130stanbul\u2019un farkl\u0131 il\u00e7elerinde farkl\u0131 caz gruplar\u0131na ev sahipli\u011fi yapacak.<\/p>\n<p>\u201cBeylikd\u00fcz\u00fc\u2019nde \u00fcretmeyi, g\u00fczellikleri \u00e7ok seviyoruz\u201d<\/p>\n<p>Kenti dizayn ederken o kentin ruhunu da nak\u015fetmek gerekti\u011fini ifade eden Beylikd\u00fcz\u00fc Belediye Ba\u015fkan\u0131 Mehmet Murat \u00c7al\u0131k, \u201cBaya\u011f\u0131 ilgi var. Burada bizim iddiam\u0131z kentin mekanlar\u0131n\u0131 dizayn ederken oraya ruhunu da nak\u015fetmektir. Asl\u0131nda ye\u015filin cazla bulu\u015fmas\u0131n\u0131 sa\u011flayaca\u011f\u0131z. 26\u2019nc\u0131s\u0131 d\u00fczenleniyor ve art\u0131k Beylikd\u00fcz\u00fc her y\u0131l tercih edilen mekanlardan oluyor. Sanat tutkunlar\u0131 ve caz tutkunlar\u0131 bir araya gelip duygular\u0131m\u0131z\u0131 payla\u015f\u0131yoruz. G\u00fczel mekanlar olu\u015fturursan\u0131z o mekanlar\u0131 da maksimum d\u00fczeyde tasarlarsan\u0131z ve ruhunu katarsan\u0131z ger\u00e7ekten oluyor. Beylikd\u00fcz\u00fc\u2019nde \u00fcretmeyi, g\u00fczellikleri \u00e7ok seviyoruz\u201d dedi.<\/p>\n","protected":false},"excerpt":{"rendered":"<p>\u0130STANBUL K\u00dcLT\u00dcR SANAT VAKFI (\u0130KSV) TARAFINDAN BU YIL 26\u2019NCISI D\u00dcZENLENEN \u0130STANBUL CAZ FEST\u0130VAL\u0130 BA\u015eLADI. \u0130LK DEFA BEYL\u0130KD\u00dcZ\u00dc\u2019NDE \u2018PARKLARDA CAZ\u2019 ADIYLA BA\u015eLAYAN FEST\u0130VALE \u0130L\u00c7E HALKI YO\u011eUN \u0130LG\u0130 G\u00d6STERD\u0130.<\/p>\n","protected":false},"author":1,"featured_media":0,"comment_status":"closed","ping_status":"open","sticky":false,"template":"","format":"standard","meta":{"jetpack_post_was_ever_published":false,"_jetpack_newsletter_access":"","_jetpack_dont_email_post_to_subs":false,"_jetpack_newsletter_tier_id":0,"_jetpack_memberships_contains_paywalled_content":false,"_jetpack_memberships_contains_paid_content":false,"footnotes":"","jetpack_publicize_message":"","jetpack_publicize_feature_enabled":true,"jetpack_social_post_already_shared":true,"jetpack_social_options":{"image_generator_settings":{"template":"highway","default_image_id":0,"font":"","enabled":false},"version":2}},"categories":[656],"tags":[3455,55,6646,3400,730],"class_list":["post-175821","post","type-post","status-publish","format-standard","hentry","category-kultur-sanat","tag-3455","tag-basladi","tag-caz","tag-festivali","tag-istanbul"],"jetpack_publicize_connections":[],"jetpack_featured_media_url":"","jetpack_sharing_enabled":true,"jetpack_shortlink":"https:\/\/wp.me\/paKIfm-JJP","_links":{"self":[{"href":"http:\/\/www.tvturk.com\/index.php\/wp-json\/wp\/v2\/posts\/175821","targetHints":{"allow":["GET"]}}],"collection":[{"href":"http:\/\/www.tvturk.com\/index.php\/wp-json\/wp\/v2\/posts"}],"about":[{"href":"http:\/\/www.tvturk.com\/index.php\/wp-json\/wp\/v2\/types\/post"}],"author":[{"embeddable":true,"href":"http:\/\/www.tvturk.com\/index.php\/wp-json\/wp\/v2\/users\/1"}],"replies":[{"embeddable":true,"href":"http:\/\/www.tvturk.com\/index.php\/wp-json\/wp\/v2\/comments?post=175821"}],"version-history":[{"count":0,"href":"http:\/\/www.tvturk.com\/index.php\/wp-json\/wp\/v2\/posts\/175821\/revisions"}],"wp:attachment":[{"href":"http:\/\/www.tvturk.com\/index.php\/wp-json\/wp\/v2\/media?parent=175821"}],"wp:term":[{"taxonomy":"category","embeddable":true,"href":"http:\/\/www.tvturk.com\/index.php\/wp-json\/wp\/v2\/categories?post=175821"},{"taxonomy":"post_tag","embeddable":true,"href":"http:\/\/www.tvturk.com\/index.php\/wp-json\/wp\/v2\/tags?post=175821"}],"curies":[{"name":"wp","href":"https:\/\/api.w.org\/{rel}","templated":true}]}}