{"id":175841,"date":"2019-06-30T10:31:51","date_gmt":"2019-06-30T07:31:51","guid":{"rendered":"http:\/\/www.tvturk.com\/index.php\/shkupi-teknik-direktoru-umit-karan-kamp-icin-boluda\/"},"modified":"2019-06-30T10:31:51","modified_gmt":"2019-06-30T07:31:51","slug":"shkupi-teknik-direktoru-umit-karan-kamp-icin-boluda","status":"publish","type":"post","link":"http:\/\/www.tvturk.com\/index.php\/shkupi-teknik-direktoru-umit-karan-kamp-icin-boluda\/","title":{"rendered":"Shkupi Teknik Direkt\u00f6r\u00fc \u00dcmit Karan, kamp i\u00e7in Bolu\u2019da"},"content":{"rendered":"<p>Bolu\u2019da kamp yapan Kuzey Makedonya 1. Lig tak\u0131mlar\u0131ndan Shkupi\u2019nin hocas\u0131 eski Galatasaray\u2019l\u0131 y\u0131ld\u0131z oyuncu \u00dcmit Karan, en b\u00fcy\u00fck hayalinin oyuncu olarak \u00e7al\u0131\u015ft\u0131\u011f\u0131 sar\u0131 k\u0131rm\u0131z\u0131l\u0131 tak\u0131mda hocal\u0131k yapmak oldu\u011funu s\u00f6yledi.<\/p>\n<p>Kuzey Makedonya 1. Lig tak\u0131mlar\u0131ndan Shkupi, yeni sezon haz\u0131rl\u0131klar\u0131na Galatasaray\u2019\u0131n eski y\u0131ld\u0131z oyuncular\u0131ndan olan \u00dcmit Karan\u2019\u0131n teknik direkt\u00f6rl\u00fc\u011f\u00fcnde Bolu\u2019da ba\u015flad\u0131. G\u00fcnde \u00e7ift antrenman yapan Shkupi tak\u0131m\u0131, Temmuz ay\u0131 i\u00e7erisinde Ermenistan\u2019\u0131n Pyunik tak\u0131m\u0131 ile oynayaca\u011f\u0131 UEFA Avrupa Ligi \u00f6n eleme ma\u00e7\u0131 \u00e7al\u0131\u015fmalar\u0131n\u0131 da burada s\u00fcrd\u00fcr\u00fcyor.<\/p>\n<p>Karacasu beldesinde bulunan bir otelde antrenman sonras\u0131 a\u00e7\u0131klamalarda bulunan Karan, T\u00fcrk tak\u0131mlar\u0131ndan zaman zaman teklifler geldi\u011fini belirterek, \u201cProfesyonel insanlar\u0131z. Zaman zaman teklifler al\u0131yorum ama \u015fuan benim bir hedefim var. Shkupi ile beraber ligde kafaya oynamak, gerekirse \u015fampiyonlu\u011fa oynamak. Pyunik Ermenistan tak\u0131m\u0131yla Avrupa Kupas\u0131 eleme ma\u00e7\u0131m\u0131z var. O da \u00e7ok zor bir ma\u00e7 olacak. Belki bir tur atlarsak \u00e7ok keyifli olacak. 3\u2019\u00fcnc\u00fc turda belki bir T\u00fcrk tak\u0131m\u0131na rakip olarak \u00e7\u0131kabilir\u201d dedi.<\/p>\n<p>\u201cBizim sevdam\u0131z her zaman sar\u0131 k\u0131rm\u0131z\u0131\u201d<\/p>\n<p>Teknik direkt\u00f6rl\u00fck kariyerinde hayalinin her zaman Galatasaray oldu\u011funu s\u00f6yleyen \u00dcmit Karan, \u201cBen futbol oynarken hayal etti\u011fim bir tak\u0131m vard\u0131. O da Galatasaray\u2019d\u0131. Nasip meselesi&#8230; Hayalimde her zaman Galatasaray var. Galatasaray sevgisi oldu\u011fu i\u00e7in isterim. Ama bundan sonra biraz daha profesyonel bak\u0131yoruz. Futbolcular olarak daha duygusald\u0131k ama teknik direkt\u00f6r olarak duygusall\u0131\u011f\u0131 kenara at\u0131yorsun. O tak\u0131m, bu tak\u0131m ayr\u0131m\u0131 yapmamak laz\u0131m. Ama bizim sevdam\u0131z her zaman sar\u0131 k\u0131rm\u0131z\u0131d\u0131r\u201d \u015feklinde konu\u015ftu.<\/p>\n<p>\u201cGalatasaray en b\u00fcy\u00fck aday\u201d<\/p>\n<p>S\u00fcper Lig\u2019in son \u015fampiyonu Galatasaray\u2019\u0131n yeni sezonda da \u015fampiyon olaca\u011f\u0131n\u0131 d\u00fc\u015f\u00fcnen Karan, \u015eampiyonlar Ligi\u2019nin de farkl\u0131 bir havas\u0131 oldu\u011funu ifade ederek, \u201cGalatasaray ne zaman bir yar\u0131\u015fta varsa, en b\u00fcy\u00fck adayd\u0131r. Bu sene de 3\u2019\u00fcnc\u00fc \u015fampiyonlu\u011fun gelece\u011fini d\u00fc\u015f\u00fcn\u00fcyorum. \u0130yi bir kadrosu var. Oturmu\u015f bir tak\u0131m var. Finansal anlamda da \u015eampiyonlar Ligi\u2019nin farkl\u0131 bir \u00f6zelli\u011fi var. Farkl\u0131 bir hava. \u015eampiyonlar Ligi\u2019ne bir tak\u0131m kat\u0131lmas\u0131 tak\u0131ma ayr\u0131 bir hava kat\u0131yor. Di\u011fer tak\u0131mlar, Be\u015fikta\u015f, Fenerbah\u00e7e \u00e7ok iyi sezon ge\u00e7irmediler. Toparlama s\u00fcrecine giriyorlar. Ama toparlanmak kolay de\u011fil, kar\u015f\u0131nda haz\u0131r bir tak\u0131m var. Galatasaray\u2019\u0131n iyi takviyelerle en b\u00fcy\u00fck aday oldu\u011funu d\u00fc\u015f\u00fcn\u00fcyorum\u201d dedi.<\/p>\n<p>\u201cAlt yap\u0131dan oyuncu \u00e7\u0131karamazsak kul\u00fcpler iflas etmek zorunda\u201d<\/p>\n<p>T\u00fcrkiye\u2019de kul\u00fcplerin \u00e7ok y\u00fcksek rakamlarda bor\u00e7lar\u0131n\u0131n olmas\u0131n\u0131, alt yap\u0131dan oyuncu yeti\u015ftirerek Avrupa\u2019ya sat\u0131lamamas\u0131na ba\u011flayan ve sert ele\u015ftirilerde bulunan Karan, \u201cT\u00fcrkiye\u2019de b\u00fct\u00fcn tak\u0131mlar bat\u0131k. Neden bat\u0131yorlar onu d\u00fc\u015f\u00fcnmek laz\u0131m. Bu paralar nereye gitti, kim ne yapt\u0131. Bunlar\u0131 duyunca \u00fcz\u00fcl\u00fcyoruz. \u00c7ok a\u011f\u0131r s\u00f6zlerde bulunmam gerekiyor asl\u0131nda ama \u00f6yle de olmuyor. Kul\u00fcp sevgisi iddias\u0131 i\u00e7in yap\u0131lan y\u00f6neticilik zaman zaman h\u0131rs\u0131zl\u0131\u011fa d\u00f6n\u00fc\u015f\u00fcyor. Bu \u00e7ok ho\u015f bir \u015fey de\u011fil. Alt yap\u0131ya \u00f6nem vermiyoruz. Alt yap\u0131dan oyuncu \u00e7\u0131karamazsak kul\u00fcpler iflas etmek zorunda. Futbolcu satam\u0131yorsunuz. Ajax\u2019a bak\u0131yorsunuz bir futbolcunun de\u011feri 80-90 milyon. Bizim altyap\u0131dan \u00e7\u0131kan 3-4 tane futbolcu var. onlar da zaten yurt d\u0131\u015f\u0131na gitti. Biz kendimize futbolcu yeti\u015ftiremezsek, oyuncuya yat\u0131r\u0131m yapmazsak olmaz. Ya\u015f ortalamalar\u0131n\u0131 d\u00fc\u015f\u00fcrmemiz laz\u0131m. Ajax\u2019ta oynayan ya\u015f ortalamas\u0131 19. Biz hala ligde 28 ya\u015f ortalamas\u0131yla oynuyoruz. Bizim de art\u0131k gen\u00e7le\u015fmemiz laz\u0131m. Kendi oyuncular\u0131m\u0131z\u0131 yeti\u015ftirelim. Kul\u00fcp olarak para kazanal\u0131m. Bizim gelirimiz yok. Demek ki; bizim gelir kaynaklar\u0131 bulmam\u0131z laz\u0131m. Bizim gelir kayna\u011f\u0131m\u0131z futbolcu yeti\u015ftirmek, Avrupa\u2019ya futbolcu satmak. Ayn\u0131 zamanda iyi futbolcu satmak i\u00e7in altyap\u0131daki hocalara da \u00e7ok de\u011fer vermek laz\u0131m. \u00c7\u00fcnk\u00fc 12 ve 16 ya\u015f gen\u00e7lerin en \u00f6nemli ya\u015f\u0131d\u0131r. Sadece teknik direkt\u00f6rl\u00fck olarak de\u011fil ayn\u0131 zamanda fiziksel ve mental olarak da oyuncular\u0131 haz\u0131rlamak laz\u0131m. Futbolcu yeti\u015ftirece\u011fiz&#8230; Bu saatten sonra kul\u00fcpleri biz kurtaramay\u0131z. Ya da b\u00fct\u00fcn kul\u00fcpleri satmak zorunday\u0131z\u201d ifadelerini kulland\u0131.<\/p>\n<p>\u201cFutbolu, futboldan gelenlerin y\u00f6netmesi gerekiyor\u201d<\/p>\n<p>Kendisinin y\u00f6neticilik hedefinin olmad\u0131\u011f\u0131n\u0131 ancak Hamit Alt\u0131ntop\u2019un T\u00fcrkiye Futbol Federasyonu y\u00f6netiminde bulunmas\u0131n\u0131 \u00e7ok \u00f6nemli bir ad\u0131m olarak g\u00f6ren Karan, \u201cFutboldan gelenin futbolu y\u00f6netmesi gerekiyor. Basketten gelen basketi y\u00f6netiyor. Ba\u015far\u0131s\u0131 ortada. Art\u0131k futbolda da bir ad\u0131m oldu. Belki k\u00fc\u00e7\u00fck bir ad\u0131m oldu ama ba\u015flang\u0131\u00e7. Bu kul\u00fcplerde y\u00f6netim i\u00e7in de ge\u00e7erli. Sponsorluk yada i\u015f insanlar\u0131 olabilir ama futbolu ve transferleri futboldan gelen insanlar y\u00f6netmeli. Aksi halde bu hale geliyorsunuz, y\u00f6netici olarak yine ba\u015fa d\u00f6n\u00fcyorsun. \u00c7\u00fcnk\u00fc herkes bir rant\u0131n pe\u015finde. Hamit karde\u015fime bir kez daha hay\u0131rl\u0131 olsun. Art\u0131k bir de\u011fi\u015fim \u015fart. Yoksa biz T\u00fcrk futbolunu kurtaramay\u0131z\u201d \u015feklinde konu\u015ftu.<\/p>\n","protected":false},"excerpt":{"rendered":"<p>\u00dcM\u0130T KARAN, MAKEDON TAKIMIYLA B\u0130RL\u0130KTE BOLU&#8217;DA KAMP \u00c7ALI\u015eMALARINI S\u00dcRD\u00dcR\u00dcYOR<\/p>\n","protected":false},"author":1,"featured_media":0,"comment_status":"closed","ping_status":"open","sticky":false,"template":"","format":"standard","meta":{"jetpack_post_was_ever_published":false,"_jetpack_newsletter_access":"","_jetpack_dont_email_post_to_subs":false,"_jetpack_newsletter_tier_id":0,"_jetpack_memberships_contains_paywalled_content":false,"_jetpack_memberships_contains_paid_content":false,"footnotes":"","jetpack_publicize_message":"","jetpack_publicize_feature_enabled":true,"jetpack_social_post_already_shared":true,"jetpack_social_options":{"image_generator_settings":{"template":"highway","default_image_id":0,"font":"","enabled":false},"version":2}},"categories":[657],"tags":[2745,10790,44,1101,40907,42875,2082,4448],"class_list":["post-175841","post","type-post","status-publish","format-standard","hentry","category-spor","tag-boluda","tag-direktoru","tag-icin","tag-kamp","tag-karan","tag-shkupi","tag-teknik","tag-umit"],"jetpack_publicize_connections":[],"jetpack_featured_media_url":"","jetpack_sharing_enabled":true,"jetpack_shortlink":"https:\/\/wp.me\/paKIfm-JK9","_links":{"self":[{"href":"http:\/\/www.tvturk.com\/index.php\/wp-json\/wp\/v2\/posts\/175841","targetHints":{"allow":["GET"]}}],"collection":[{"href":"http:\/\/www.tvturk.com\/index.php\/wp-json\/wp\/v2\/posts"}],"about":[{"href":"http:\/\/www.tvturk.com\/index.php\/wp-json\/wp\/v2\/types\/post"}],"author":[{"embeddable":true,"href":"http:\/\/www.tvturk.com\/index.php\/wp-json\/wp\/v2\/users\/1"}],"replies":[{"embeddable":true,"href":"http:\/\/www.tvturk.com\/index.php\/wp-json\/wp\/v2\/comments?post=175841"}],"version-history":[{"count":0,"href":"http:\/\/www.tvturk.com\/index.php\/wp-json\/wp\/v2\/posts\/175841\/revisions"}],"wp:attachment":[{"href":"http:\/\/www.tvturk.com\/index.php\/wp-json\/wp\/v2\/media?parent=175841"}],"wp:term":[{"taxonomy":"category","embeddable":true,"href":"http:\/\/www.tvturk.com\/index.php\/wp-json\/wp\/v2\/categories?post=175841"},{"taxonomy":"post_tag","embeddable":true,"href":"http:\/\/www.tvturk.com\/index.php\/wp-json\/wp\/v2\/tags?post=175841"}],"curies":[{"name":"wp","href":"https:\/\/api.w.org\/{rel}","templated":true}]}}