{"id":175865,"date":"2019-06-30T11:31:35","date_gmt":"2019-06-30T08:31:35","guid":{"rendered":"http:\/\/www.tvturk.com\/index.php\/annesinin-erken-mudahalesi-otizmli-omer-faruku-hayata-bagladi\/"},"modified":"2019-06-30T11:31:35","modified_gmt":"2019-06-30T08:31:35","slug":"annesinin-erken-mudahalesi-otizmli-omer-faruku-hayata-bagladi","status":"publish","type":"post","link":"http:\/\/www.tvturk.com\/index.php\/annesinin-erken-mudahalesi-otizmli-omer-faruku-hayata-bagladi\/","title":{"rendered":"Annesinin erken m\u00fcdahalesi, otizmli \u00d6mer Faruk\u2019u hayata ba\u011flad\u0131"},"content":{"rendered":"<p>Kocaeli\u2019de 2 bu\u00e7uk ya\u015f\u0131na kadar konu\u015famayan ve \u00e7e\u015fitli davran\u0131\u015f bozukluklar\u0131 olan atipik otizmli \u00d6mer Faruk, annesinin durumu fark etmesi \u00fczerine ald\u0131\u011f\u0131 e\u011fitimle k\u0131sa s\u00fcrede konu\u015fmaya ba\u015flad\u0131, de\u011fi\u015fimiyle ailesini sevince bo\u011fdu.<\/p>\n<p>Kocaeli\u2019nin Derince il\u00e7esinde ya\u015fayan K\u00fcbra ve Ahmet \u00e7iftinin 5 ya\u015f\u0131ndaki o\u011flu \u00d6mer Faruk Acar, 2 bu\u00e7uk ya\u015f\u0131ndayken tan\u0131s\u0131 konulan atipik otizmi yenerek anne ve babas\u0131na b\u00fcy\u00fck sevin\u00e7 ya\u015fatt\u0131. 2 bu\u00e7uk ya\u015f\u0131na gelmesine ra\u011fmen konu\u015fmayan, \u00e7e\u015fitli davran\u0131\u015f bozukluklar\u0131na sahip olan \u00d6mer Faruk\u2019un davran\u0131\u015flar\u0131ndan \u015f\u00fcphelenen anne K\u00fcbra, yapt\u0131\u011f\u0131 ara\u015ft\u0131rmalar sonucunda o\u011flunun otizmli olabilece\u011fini \u00f6\u011frendi. Durum \u00fczerine hastaneye giden \u00e7ift, \u00d6mer Faruk\u2019un otizm tan\u0131s\u0131na sahip oldu\u011funu \u00f6\u011frendi. Ya\u015fad\u0131klar\u0131 durum kar\u015f\u0131s\u0131nda b\u00fcy\u00fck h\u00fcz\u00fcn ya\u015fayan Acar \u00e7ifti, durumu kabullenmeyerek \u00d6ner Faruk\u2019un sa\u011fl\u0131\u011f\u0131na kavu\u015fmas\u0131 i\u00e7in \u00e7e\u015fitli ara\u015ft\u0131rmalar yapmaya ba\u015flad\u0131. \u00c7ift yapt\u0131klar\u0131 ara\u015ft\u0131rma neticesinde Kocaeli\u2019nin Ba\u015fiskele il\u00e7esinde bulunan Atlantis \u00d6zel E\u011fitim ve Rehabilitasyon Merkezi\u2019nde daha \u00f6nce ayn\u0131 durumda olan bir\u00e7ok \u00e7ocu\u011fun sa\u011fl\u0131\u011f\u0131na kavu\u015ftu\u011funu \u00f6\u011frendi.<\/p>\n<p>\u00d6mer Faruk\u2019un sa\u011fl\u0131\u011f\u0131na kavu\u015fmas\u0131 annesini sevince bo\u011fdu<\/p>\n<p>Kurumda bulunan farkl\u0131 t\u00fcrdeki hayvanlar\u0131n da \u00e7ocuklar\u0131 i\u00e7in faydal\u0131 olabilece\u011fini d\u00fc\u015f\u00fcnen aile, burada devlet deste\u011fi ile e\u011fitime ba\u015flad\u0131. \u00d6mer Faruk ald\u0131\u011f\u0131 bireysel, duyu b\u00fct\u00fcnleme ve at terapisiyle k\u0131sa s\u00fcre sonra tak\u0131nt\u0131l\u0131 davran\u0131\u015flar\u0131ndan uzakla\u015farak konu\u015fmaya ba\u015flad\u0131. 5 ya\u015f\u0131ndayken sa\u011fl\u0131\u011f\u0131na kavu\u015farak atipik otizm tan\u0131s\u0131 kalkan \u00d6mer Faruk, ailesini sevince bo\u011fdu. O\u011flunun iyile\u015ferek ya\u015f\u0131tlar\u0131yla ayn\u0131 d\u00fczeye gelmesi sonras\u0131nda b\u00fcy\u00fck ya\u015fayan anne K\u00fcbra Acar, son umut olarak ba\u015flad\u0131klar\u0131 e\u011fitim sonras\u0131nda \u00d6mer Faruk\u2019un sa\u011fl\u0131\u011f\u0131na kavu\u015fmas\u0131n\u0131n kendisi i\u00e7in en b\u00fcy\u00fck mutluluk kayna\u011f\u0131 oldu\u011funu ifade etti.<\/p>\n<p>\u201c\u00d6mer Faruk \u015fu anda ya\u015f\u0131tlar\u0131 ile ayn\u0131 seviyededir\u201d<\/p>\n<p>\u00d6mer Faruk\u2019un ald\u0131\u011f\u0131 e\u011fitim ve sa\u011fl\u0131k durumun hakk\u0131nda bilgiler aktaran \u00c7ocuk Geli\u015fimi ve E\u011fitimcisi M\u00fc\u015ferref Demir, \u201c\u00d6mer Faruk kurumumuza 3 ya\u015f\u0131nda atipik otizm tan\u0131s\u0131 ile geldi. Kurumumuza geldi\u011finde hi\u00e7 konu\u015fmayan, tepki vermeyen, ileti\u015fim kurmayan bir \u00e7ocuktu. Yap\u0131lan planlamalar do\u011frultusunda bir e\u011fitim s\u00fcrecine ba\u015fland\u0131. Bu s\u00fcre\u00e7te yo\u011fun bireysel e\u011fitim, at terapisi, havuz terapisi kullan\u0131ld\u0131. \u00d6zel e\u011fitimde motivasyon \u00e7ok \u00f6nemlidir. Bu motivasyonu da k\u00fc\u00e7\u00fck hayvanat bah\u00e7esinde sa\u011flamaktay\u0131z. \u00c7ocuklar\u0131n hayvanlarla kurmu\u015f oldu\u011fu ileti\u015fim, hayvanlara g\u00f6sterdikleri sevgi ile olu\u015fan motivasyonlar\u0131 e\u011fitimin bir par\u00e7as\u0131d\u0131r. Vermi\u015f oldu\u011fumuz e\u011fitim, do\u011fal ya\u015fam ortam\u0131yla \u00d6mer Faruk\u2019u tekrar hayata kazand\u0131rd\u0131k. \u00d6mer Faruk \u015fu anda ya\u015f\u0131tlar\u0131 ile ayn\u0131 seviyededir\u201d dedi.<\/p>\n<p>\u201cArkada\u015flar\u0131m\u0131n \u00e7ocuklar\u0131yla kar\u015f\u0131la\u015ft\u0131rd\u0131\u011f\u0131m zaman onda bir farkl\u0131l\u0131k oldu\u011funu hissettim\u201d<\/p>\n<p>O\u011flundaki durumu ilk fark etti\u011finde b\u00fcy\u00fck bir \u00fcz\u00fcnt\u00fc ya\u015fad\u0131klar\u0131n\u0131 belirten anne K\u00fcbra Acar, daha sonra umutlar\u0131n\u0131 yitirmeyerek \u00d6mer Faruk\u2019un iyile\u015fmesi i\u00e7in ara\u015ft\u0131rmalar yapt\u0131klar\u0131n\u0131 dile getirerek, \u201cO\u011fluma bu te\u015fhis 2 bu\u00e7uk ya\u015f\u0131ndayken konuldu ama ben \u00f6nceden o\u011flumu arkada\u015flar\u0131m\u0131n \u00e7ocuklar\u0131yla kar\u015f\u0131la\u015ft\u0131rd\u0131\u011f\u0131m zaman onda bir farkl\u0131l\u0131k oldu\u011funu hissettim. Kendim g\u00f6zlemledim ve bunun \u00fczerine bunu yene bilmek i\u00e7in internet \u00fczerinden ara\u015ft\u0131rmalar yapt\u0131m. Benim de bu tarz hastal\u0131klara dair bilgilerim vard\u0131. Ama ben bunu en ba\u015fta kabullenemedim, her anne gibi bunu kabullenemiyor insan. Tabi ki zaman ge\u00e7tikten sonra kabullendikten sonra \u00e7aresini aramak i\u00e7in ara\u015ft\u0131rmalar yapmaya ba\u015flad\u0131m. Daha \u00e7ok internet \u00fczerinden ara\u015ft\u0131rma yapt\u0131m. Bu konuda yard\u0131m alabilece\u011fim \u00e7ok fazla insan ve etraf\u0131m\u0131zda bu tarzda hastal\u0131\u011fa sahip olan \u00e7ocuk yoktu. Buna hastal\u0131k demeyelim, bunlar \u00e7ok \u00f6zel insanlar\u201d diye konu\u015ftu.<\/p>\n<p>\u201c\u0130lk e\u011fitime ba\u015flad\u0131\u011f\u0131mda o\u011flum \u00d6mer Faruk konu\u015fam\u0131yordu\u201d<\/p>\n<p>O\u011flunun en iyi bir \u015fekilde e\u011fitim alabilmesi i\u00e7in kilometrelerce yol kat etmeyi g\u00f6ze ald\u0131\u011f\u0131n\u0131 kaydeden K\u00fcbra Acar, \u201cBu durumu ilk ya\u015fad\u0131\u011f\u0131m\u0131zda \u00e7ok y\u0131prand\u0131m. Ben olay\u0131m, e\u015fim olsun t\u00fcm aile \u00e7ok \u00fcz\u00fcld\u00fck. Sonradan biz de kabullenerek, \u2018Her \u015feyin sonu de\u011fil\u2019 dedik. Biz de \u00fczerimize d\u00fc\u015fen g\u00f6revle bunun \u00e7aresini bulma karar\u0131 ald\u0131k. Bir kom\u015fum vard\u0131. O burada \u00e7ocu\u011fu i\u00e7in e\u011fitim alm\u0131\u015ft\u0131. Buras\u0131 da evime \u00e7ok uzakt\u0131. \u0130lk geldi\u011fimde g\u00f6rmek amac\u0131 ile gelmi\u015ftim. Uzakl\u0131ktan dolay\u0131 \u00e7ok da niyetim yoktu. Daha sonra buraya geldi\u011fimde kurum i\u00e7erisindeki personelin ileti\u015fimi, do\u011fas\u0131, \u00f6\u011fretmenlerin s\u0131cak kanl\u0131l\u0131\u011f\u0131 beni cezbetti. Her anne gibi o\u011flum i\u00e7in en iyisi olmas\u0131n\u0131n istedim. Buran\u0131n da o\u011flum i\u00e7in en iyi yer oldu\u011funu d\u00fc\u015f\u00fcnerek, burada e\u011fitim almaya karar verdik. \u0130lk e\u011fitime ba\u015flad\u0131\u011f\u0131mda o\u011flum \u00d6mer Faruk konu\u015fam\u0131yordu ama daha \u00f6nceden ben de kendisine e\u011fitim vermi\u015ftim, bunun sayesinde tepkileri vard\u0131. Ama konu\u015fmas\u0131nda sadece, \u2018Anne\u2019 kelimesi vard\u0131\u201d \u015feklinde konu\u015ftu.<\/p>\n<p>\u201c\u015eu an bir annenin ya\u015fayabilece\u011fi en g\u00fczel \u015feyi ya\u015f\u0131yorum\u201d<\/p>\n<p>O\u011flunun hayata tutunmas\u0131 sonras\u0131nda ya\u015fad\u0131\u011f\u0131 t\u00fcm sorunlar\u0131 a\u015ft\u0131\u011f\u0131n\u0131 ifade eden anne Acar, \u201cBurada e\u011fitime ba\u015flad\u0131ktan sonra g\u00f6zle g\u00f6r\u00fclebilecek \u015fekilde o\u011flumda ilerleme g\u00f6rd\u00fcm. Sadece buradaki e\u011fitimle ba\u015faramayaca\u011f\u0131m\u0131z\u0131 biliyordum. \u00c7\u00fcnk\u00fc evde de desteklemem gerekiyordu. Burada e\u011fitim veren \u00f6\u011fretmenlerimiz evde yapmam\u0131z i\u00e7in \u00e7e\u015fitli \u00f6nergeler verdiler. Ondan sonra bu s\u00fcreci atlatt\u0131k, tan\u0131m\u0131z kalkt\u0131. \u00d6zellikle bu r\u00f6portaj\u0131 benim gibi \u00e7aresiz olan ve k\u0131r\u0131lan anneler buray\u0131 g\u00f6rs\u00fcnler, \u00e7ocuklar\u0131n\u0131n iyile\u015fmesini g\u00f6rs\u00fcnler diye veriyorum. Bu durumdan dolay\u0131 hi\u00e7bir \u015fey beni mutlu etmiyordu. Sadece d\u00fcnyamda o\u011flum var gibiydi. Ama o\u011flumun bu geli\u015fimi beni \u00e7ok mutlu etti. \u015eu an bir annenin ya\u015fayabilece\u011fi en g\u00fczel \u015feyi ya\u015f\u0131yorum\u201d ifadelerini kulland\u0131.<\/p>\n","protected":false},"excerpt":{"rendered":"<p>KOCAEL\u0130\u2019DE 2 BU\u00c7UK YA\u015eINA KADAR KONU\u015eAMAYAN VE \u00c7E\u015e\u0130TL\u0130 DAVRANI\u015e BOZUKLUKLARI OLAN AT\u0130P\u0130K OT\u0130ZML\u0130 \u00d6MER FARUK, ANNES\u0130N\u0130N DURUMU FARK ETMES\u0130 \u00dcZER\u0130NE ALDI\u011eI E\u011e\u0130T\u0130MLE KISA S\u00dcREDE KONU\u015eMAYA BA\u015eLADI, DE\u011e\u0130\u015e\u0130M\u0130YLE A\u0130LES\u0130N\u0130 SEV\u0130NCE BO\u011eDU.<\/p>\n","protected":false},"author":1,"featured_media":0,"comment_status":"closed","ping_status":"open","sticky":false,"template":"","format":"standard","meta":{"jetpack_post_was_ever_published":false,"_jetpack_newsletter_access":"","_jetpack_dont_email_post_to_subs":false,"_jetpack_newsletter_tier_id":0,"_jetpack_memberships_contains_paywalled_content":false,"_jetpack_memberships_contains_paid_content":false,"footnotes":"","jetpack_publicize_message":"","jetpack_publicize_feature_enabled":true,"jetpack_social_post_already_shared":true,"jetpack_social_options":{"image_generator_settings":{"template":"highway","default_image_id":0,"font":"","enabled":false},"version":2}},"categories":[1],"tags":[5333,8787,4955,42884,4467,22611,1040,6783],"class_list":["post-175865","post","type-post","status-publish","format-standard","hentry","category-genel","tag-annesinin","tag-bagladi","tag-erken","tag-faruku","tag-hayata","tag-mudahalesi","tag-omer","tag-otizmli"],"jetpack_publicize_connections":[],"jetpack_featured_media_url":"","jetpack_sharing_enabled":true,"jetpack_shortlink":"https:\/\/wp.me\/paKIfm-JKx","_links":{"self":[{"href":"http:\/\/www.tvturk.com\/index.php\/wp-json\/wp\/v2\/posts\/175865","targetHints":{"allow":["GET"]}}],"collection":[{"href":"http:\/\/www.tvturk.com\/index.php\/wp-json\/wp\/v2\/posts"}],"about":[{"href":"http:\/\/www.tvturk.com\/index.php\/wp-json\/wp\/v2\/types\/post"}],"author":[{"embeddable":true,"href":"http:\/\/www.tvturk.com\/index.php\/wp-json\/wp\/v2\/users\/1"}],"replies":[{"embeddable":true,"href":"http:\/\/www.tvturk.com\/index.php\/wp-json\/wp\/v2\/comments?post=175865"}],"version-history":[{"count":0,"href":"http:\/\/www.tvturk.com\/index.php\/wp-json\/wp\/v2\/posts\/175865\/revisions"}],"wp:attachment":[{"href":"http:\/\/www.tvturk.com\/index.php\/wp-json\/wp\/v2\/media?parent=175865"}],"wp:term":[{"taxonomy":"category","embeddable":true,"href":"http:\/\/www.tvturk.com\/index.php\/wp-json\/wp\/v2\/categories?post=175865"},{"taxonomy":"post_tag","embeddable":true,"href":"http:\/\/www.tvturk.com\/index.php\/wp-json\/wp\/v2\/tags?post=175865"}],"curies":[{"name":"wp","href":"https:\/\/api.w.org\/{rel}","templated":true}]}}