{"id":175891,"date":"2019-06-30T12:31:39","date_gmt":"2019-06-30T09:31:39","guid":{"rendered":"http:\/\/www.tvturk.com\/index.php\/cumhurbaskani-erdogan-ve-kultur-ve-turizm-bakani-ersoy-lale-gelenegi-sergisini-ziyaret-etti\/"},"modified":"2019-06-30T12:31:39","modified_gmt":"2019-06-30T09:31:39","slug":"cumhurbaskani-erdogan-ve-kultur-ve-turizm-bakani-ersoy-lale-gelenegi-sergisini-ziyaret-etti","status":"publish","type":"post","link":"http:\/\/www.tvturk.com\/index.php\/cumhurbaskani-erdogan-ve-kultur-ve-turizm-bakani-ersoy-lale-gelenegi-sergisini-ziyaret-etti\/","title":{"rendered":"Cumhurba\u015fkan\u0131 Erdo\u011fan ve K\u00fclt\u00fcr ve Turizm Bakan\u0131 Ersoy Lale Gelene\u011fi sergisini ziyaret etti"},"content":{"rendered":"<p>K\u00fclt\u00fcr ve Turizm Bakan\u0131 Mehmet Nuri Ersoy, \u201cCumhurba\u015fkan\u0131m\u0131z\u0131n \u00f6zel izniyle Japonya\u2019ya ta\u015f\u0131nan serginin iki \u00fclke aras\u0131ndaki dostlu\u011fa yapt\u0131\u011f\u0131 katk\u0131y\u0131 bir kez daha g\u00f6rd\u00fck\u201d dedi.<\/p>\n<p>K\u00fclt\u00fcr ve Turizm Bakan\u0131 Mehmet Nuri Ersoy, resmi sosyal medya hesab\u0131 \u00fczerinden bir payla\u015f\u0131mda bulunarak Cumhurba\u015fkan\u0131 Recep Tayyip Erdo\u011fan ile birlikte Kyoto Ulusal Modern Sanat M\u00fczesi\u2019nde a\u00e7\u0131lan Hazineler ve Osmanl\u0131 \u0130mparatorlu\u011fu\u2019nda Lale Gelene\u011fi sergisini ziyaret ettiklerini a\u00e7\u0131klad\u0131.<\/p>\n<p>Ersoy\u2019un, payla\u015f\u0131m\u0131nda \u015fu ifadeler yer ald\u0131:<\/p>\n<p>\u201cCumhurba\u015fkan\u0131m\u0131z Say\u0131n Recep Tayyip Erdo\u011fan ve Japonya Altes Prensesi Akiko Mikasa\u2019n\u0131n \u20182019 Japonya\u2019da T\u00fcrk K\u00fclt\u00fcr Y\u0131l\u0131\u2019 etkinlikleri \u00e7er\u00e7evesinde Kyoto Ulusal Modern Sanat M\u00fczesi\u2019nde a\u00e7\u0131lan \u2018Hazineler ve Osmanl\u0131 \u0130mparatorlu\u011fu\u2019nda Lale Gelene\u011fi\u2019 sergisini ziyaretlerine refakat ettik. Cumhurba\u015fkan\u0131m\u0131z\u0131n \u00f6zel izniyle Japonya\u2019ya ta\u015f\u0131nan serginin iki \u00fclke aras\u0131ndaki dostlu\u011fa yapt\u0131\u011f\u0131 katk\u0131y\u0131 bir kez daha g\u00f6rd\u00fck. Bu eserlerin daha bir\u00e7ok \u00fclkede sergilenmesini ve at\u0131lacak nice dostluk k\u00f6pr\u00fclerine vesile olmas\u0131n\u0131 diliyorum.\u201d<\/p>\n","protected":false},"excerpt":{"rendered":"<p>K\u00dcLT\u00dcR VE TUR\u0130ZM BAKANI MEHMET NUR\u0130 ERSOY, \u201cCUMHURBA\u015eKANIMIZIN \u00d6ZEL \u0130ZN\u0130YLE JAPONYA\u2019YA TA\u015eINAN SERG\u0130N\u0130N \u0130K\u0130 \u00dcLKE ARASINDAK\u0130 DOSTLU\u011eA YAPTI\u011eI KATKIYI B\u0130R KEZ DAHA G\u00d6RD\u00dcK\u201d DED\u0130.<\/p>\n","protected":false},"author":1,"featured_media":0,"comment_status":"closed","ping_status":"open","sticky":false,"template":"","format":"standard","meta":{"jetpack_post_was_ever_published":false,"_jetpack_newsletter_access":"","_jetpack_dont_email_post_to_subs":false,"_jetpack_newsletter_tier_id":0,"_jetpack_memberships_contains_paywalled_content":false,"_jetpack_memberships_contains_paid_content":false,"footnotes":"","jetpack_publicize_message":"","jetpack_publicize_feature_enabled":true,"jetpack_social_post_already_shared":true,"jetpack_social_options":{"image_generator_settings":{"template":"highway","default_image_id":0,"font":"","enabled":false},"version":2}},"categories":[1],"tags":[933,503,649,2868,207,4902,630,3126,7380,2184,150],"class_list":["post-175891","post","type-post","status-publish","format-standard","hentry","category-genel","tag-bakani","tag-cumhurbaskani","tag-erdogan","tag-ersoy","tag-etti","tag-gelenegi","tag-kultur","tag-lale","tag-sergisini","tag-turizm","tag-ziyaret"],"jetpack_publicize_connections":[],"jetpack_featured_media_url":"","jetpack_sharing_enabled":true,"jetpack_shortlink":"https:\/\/wp.me\/paKIfm-JKX","_links":{"self":[{"href":"http:\/\/www.tvturk.com\/index.php\/wp-json\/wp\/v2\/posts\/175891","targetHints":{"allow":["GET"]}}],"collection":[{"href":"http:\/\/www.tvturk.com\/index.php\/wp-json\/wp\/v2\/posts"}],"about":[{"href":"http:\/\/www.tvturk.com\/index.php\/wp-json\/wp\/v2\/types\/post"}],"author":[{"embeddable":true,"href":"http:\/\/www.tvturk.com\/index.php\/wp-json\/wp\/v2\/users\/1"}],"replies":[{"embeddable":true,"href":"http:\/\/www.tvturk.com\/index.php\/wp-json\/wp\/v2\/comments?post=175891"}],"version-history":[{"count":0,"href":"http:\/\/www.tvturk.com\/index.php\/wp-json\/wp\/v2\/posts\/175891\/revisions"}],"wp:attachment":[{"href":"http:\/\/www.tvturk.com\/index.php\/wp-json\/wp\/v2\/media?parent=175891"}],"wp:term":[{"taxonomy":"category","embeddable":true,"href":"http:\/\/www.tvturk.com\/index.php\/wp-json\/wp\/v2\/categories?post=175891"},{"taxonomy":"post_tag","embeddable":true,"href":"http:\/\/www.tvturk.com\/index.php\/wp-json\/wp\/v2\/tags?post=175891"}],"curies":[{"name":"wp","href":"https:\/\/api.w.org\/{rel}","templated":true}]}}