{"id":175907,"date":"2019-06-30T12:47:01","date_gmt":"2019-06-30T09:47:01","guid":{"rendered":"http:\/\/www.tvturk.com\/index.php\/mardinde-yaz-spor-okullari-kapilarini-acti\/"},"modified":"2019-06-30T12:47:01","modified_gmt":"2019-06-30T09:47:01","slug":"mardinde-yaz-spor-okullari-kapilarini-acti","status":"publish","type":"post","link":"http:\/\/www.tvturk.com\/index.php\/mardinde-yaz-spor-okullari-kapilarini-acti\/","title":{"rendered":"Mardin\u2019de yaz spor okullar\u0131 kap\u0131lar\u0131n\u0131 a\u00e7t\u0131"},"content":{"rendered":"<p>Mardin Gen\u00e7lik ve Spor \u0130l M\u00fcd\u00fcrl\u00fc\u011f\u00fc b\u00fcnyesinde d\u00fczenlenen Yaz Spor Okullar\u0131, d\u00fczenlenen a\u00e7\u0131l\u0131\u015fla \u00f6\u011frencilere kap\u0131lar\u0131n\u0131 a\u00e7t\u0131.<\/p>\n<p>Mardin\u2019de Gen\u00e7lik ve Spor Bakanl\u0131\u011f\u0131 taraf\u0131ndan Gen\u00e7lik ve Spor \u0130l M\u00fcd\u00fcrl\u00fc\u011f\u00fc b\u00fcnyesinde \u00e7ocuklar\u0131n yaz tatilinde sporla i\u00e7 i\u00e7e olmas\u0131 amac\u0131yla olu\u015fturulan Yaz Spor Okullar\u0131 ve \u0130l Spor Merkezleri a\u00e7\u0131ld\u0131. 15 Temmuz Demokrasi ve \u015eehitler Park\u0131\u2019nda her yaz okullar\u0131n tatil olmas\u0131yla birlikte \u00f6\u011frencilere, deneyimli antren\u00f6rler nezaretinde spor yapma imkan\u0131 sa\u011flayan bu okullar ve merkezlerin a\u00e7\u0131l\u0131\u015f\u0131na Gen\u00e7lik ve Spor \u0130l M\u00fcd\u00fcr\u00fc Hadi \u00c7omaktekin, kurum \u00e7al\u0131\u015fanlar\u0131, antren\u00f6rler, sporcular ile \u00f6\u011frencilerin yan\u0131 s\u0131ra \u00e7ok say\u0131da veli kat\u0131ld\u0131.<\/p>\n<p>Sayg\u0131 duru\u015fu ve \u0130stiklal Mar\u015f\u0131\u2019n\u0131n okunmas\u0131yla ba\u015flayan program\u0131n a\u00e7\u0131l\u0131\u015f konu\u015fmas\u0131n\u0131 yapan Hadi \u00c7omaktekin, 23 bran\u015fta 5-18 ya\u015f grubundaki \u00f6\u011frencilere y\u00f6nelik \u00e7al\u0131\u015fmalar\u0131 s\u00fcrd\u00fcreceklerini s\u00f6yledi. \u00c7omaktekin, &#8220;Okullar\u0131n kapanmas\u0131yla birlikte ilimizde Yaz Spor Okullar\u0131 ve \u0130l Spor Merkezleri a\u00e7\u0131l\u0131\u015f\u0131n\u0131 yap\u0131yoruz. Gen\u00e7lik ve Spor Bakanl\u0131\u011f\u0131\u2019m\u0131z\u0131n tesis, antren\u00f6r ve malzeme deste\u011fiyle ilk defa ciddi bir kat\u0131l\u0131m ile a\u00e7\u0131l\u0131\u015f yap\u0131yoruz. Bu konuda velilerimizi aram\u0131zda g\u00f6rmek bizi mutlu ediyor. 23 bran\u015fta y\u0131l boyunca \u00fccretsiz olarak antren\u00f6rlerimiz nezaretinde bu kurslar\u0131m\u0131z yap\u0131lacakt\u0131r. Herkesi kurslar\u0131m\u0131za davet ediyoruz&#8221; dedi.<\/p>\n<p>Yaz Spor Okullar\u0131, konu\u015fmalar\u0131n ard\u0131ndan kurslara kat\u0131lan sporcu ve \u00f6\u011frencilerin yapt\u0131\u011f\u0131 g\u00f6sterilerle kap\u0131lar\u0131n\u0131 a\u00e7t\u0131.<\/p>\n","protected":false},"excerpt":{"rendered":"<p>MARD\u0130N GEN\u00c7L\u0130K VE SPOR \u0130L M\u00dcD\u00dcRL\u00dc\u011e\u00dc B\u00dcNYES\u0130NDE D\u00dcZENLENEN YAZ SPOR OKULLARI, D\u00dcZENLENEN A\u00c7ILI\u015eLA \u00d6\u011eRENC\u0130LERE KAPILARINI A\u00c7TI.<\/p>\n","protected":false},"author":1,"featured_media":0,"comment_status":"closed","ping_status":"open","sticky":false,"template":"","format":"standard","meta":{"jetpack_post_was_ever_published":false,"_jetpack_newsletter_access":"","_jetpack_dont_email_post_to_subs":false,"_jetpack_newsletter_tier_id":0,"_jetpack_memberships_contains_paywalled_content":false,"_jetpack_memberships_contains_paid_content":false,"footnotes":"","jetpack_publicize_message":"","jetpack_publicize_feature_enabled":true,"jetpack_social_post_already_shared":true,"jetpack_social_options":{"image_generator_settings":{"template":"highway","default_image_id":0,"font":"","enabled":false},"version":2}},"categories":[657],"tags":[1494,1560,1837,12352,1619,183],"class_list":["post-175907","post","type-post","status-publish","format-standard","hentry","category-spor","tag-acti","tag-kapilarini","tag-mardinde","tag-okullari","tag-spor","tag-yaz"],"jetpack_publicize_connections":[],"jetpack_featured_media_url":"","jetpack_sharing_enabled":true,"jetpack_shortlink":"https:\/\/wp.me\/paKIfm-JLd","_links":{"self":[{"href":"http:\/\/www.tvturk.com\/index.php\/wp-json\/wp\/v2\/posts\/175907","targetHints":{"allow":["GET"]}}],"collection":[{"href":"http:\/\/www.tvturk.com\/index.php\/wp-json\/wp\/v2\/posts"}],"about":[{"href":"http:\/\/www.tvturk.com\/index.php\/wp-json\/wp\/v2\/types\/post"}],"author":[{"embeddable":true,"href":"http:\/\/www.tvturk.com\/index.php\/wp-json\/wp\/v2\/users\/1"}],"replies":[{"embeddable":true,"href":"http:\/\/www.tvturk.com\/index.php\/wp-json\/wp\/v2\/comments?post=175907"}],"version-history":[{"count":0,"href":"http:\/\/www.tvturk.com\/index.php\/wp-json\/wp\/v2\/posts\/175907\/revisions"}],"wp:attachment":[{"href":"http:\/\/www.tvturk.com\/index.php\/wp-json\/wp\/v2\/media?parent=175907"}],"wp:term":[{"taxonomy":"category","embeddable":true,"href":"http:\/\/www.tvturk.com\/index.php\/wp-json\/wp\/v2\/categories?post=175907"},{"taxonomy":"post_tag","embeddable":true,"href":"http:\/\/www.tvturk.com\/index.php\/wp-json\/wp\/v2\/tags?post=175907"}],"curies":[{"name":"wp","href":"https:\/\/api.w.org\/{rel}","templated":true}]}}