{"id":175919,"date":"2019-06-30T13:31:46","date_gmt":"2019-06-30T10:31:46","guid":{"rendered":"http:\/\/www.tvturk.com\/index.php\/acikogretim-fakultesi-yaz-okulu-kayitlari-uzatildi\/"},"modified":"2019-06-30T13:31:46","modified_gmt":"2019-06-30T10:31:46","slug":"acikogretim-fakultesi-yaz-okulu-kayitlari-uzatildi","status":"publish","type":"post","link":"http:\/\/www.tvturk.com\/index.php\/acikogretim-fakultesi-yaz-okulu-kayitlari-uzatildi\/","title":{"rendered":"A\u00e7\u0131k\u00f6\u011fretim Fak\u00fcltesi \u2018Yaz okulu\u2019 kay\u0131tlar\u0131 uzat\u0131ld\u0131"},"content":{"rendered":"<p>Anadolu \u00dcniversitesi A\u00e7\u0131k\u00f6\u011fretim, \u0130ktisat ve \u0130\u015fletme Fak\u00fcltesi yaz okulu kay\u0131tlar\u0131 yo\u011fun talep \u00fczerine 5 Temmuz\u2019a kadar uzat\u0131ld\u0131. 3 ders s\u0131nav\u0131 hakk\u0131 olan ancak bu hakk\u0131ndan vazge\u00e7erek yaz okuluna kay\u0131t yapt\u0131rmak isteyen \u00f6\u011frenciler ise 1 Temmuz\u2019a kadar yaz okuluna kay\u0131t yapt\u0131rabilecek.<\/p>\n<p>Anadolu \u00dcniversitesi Rekt\u00f6r\u00fc Prof. Dr. \u015eafak Ertan \u00c7omakl\u0131, Twitter hesab\u0131ndan yapt\u0131\u011f\u0131 a\u00e7\u0131klamada, \u201cYo\u011fun talep \u00fczerine A\u00d6F yaz okulu kay\u0131tlar\u0131 5 Temmuz 2019 tarihine kadar uzat\u0131lm\u0131\u015ft\u0131r\u201d dedi. \u00c7e\u015fitli sebeplerden dolay\u0131 kay\u0131t yapt\u0131ramayanlar i\u00e7in yeni bir f\u0131rsat anlam\u0131na gelen bu a\u00e7\u0131klama, \u00f6\u011frenciler aras\u0131nda heyecan olu\u015fturdu.<\/p>\n<p>A\u00e7\u0131k\u00f6\u011fretim Sistemi yaz okuluna, Anadolu \u00dcniversitesi A\u00e7\u0131k\u00f6\u011fretim, \u0130ktisat ve \u0130\u015fletme Fak\u00fcltelerine kay\u0131tl\u0131 t\u00fcm \u00f6\u011frenciler ba\u015fvurabilecek. Yaz okulu uygulamas\u0131 mezuniyet a\u015famas\u0131na gelmi\u015f fakat eksik derslerinden dolay\u0131 mezun olamayan \u00f6\u011frencilere; bir \u00f6\u011fretim d\u00f6neminde 45 kredilik ders al\u0131p tek dersi kalan \u00f6\u011frencilere; d\u00f6nemlik ders se\u00e7me ko\u015fullar\u0131ndan dolay\u0131 ge\u00e7mi\u015f \u00f6\u011fretim y\u0131llar\u0131nda baz\u0131 dersleri al\u0131p ba\u015far\u0131s\u0131z olan ancak mevcut \u00f6\u011fretim y\u0131l\u0131nda ba\u015far\u0131s\u0131z oldu\u011fu dersi alamayan \u00f6\u011frencilere mezuniyet a\u00e7\u0131s\u0131ndan avantaj sa\u011flayacak. Kay\u0131tlar, http:\/\/aof.anadolu.edu.tr adresindeki Kay\u0131t Otomasyonu ba\u011flant\u0131s\u0131, \u201cYaz Okulu Kay\u0131t\u201d linkinden yap\u0131labilecek.<\/p>\n<p>Yaz okulunda \u00f6\u011frencilerin ba\u015fvurdu\u011fu b\u00fct\u00fcn dersler a\u00e7\u0131lacak<\/p>\n<p>Yaz okuluna, g\u00fcz ve bahar d\u00f6nemi kay\u0131t yenileten veya yeniletmeyen, yar\u0131 y\u0131l fark etmeksizin t\u00fcm A\u00e7\u0131k\u00f6\u011fretim Sistemine g\u00f6re \u00f6\u011fretim yapan fak\u00fcltelerin \u00f6\u011frencileri kay\u0131t yapt\u0131rabilecek. Bu durum; pasif durumdaki \u00f6\u011frencilerin de yaz okuluna kay\u0131t yapt\u0131rabilece\u011fi anlam\u0131na geliyor. Bu \u00f6\u011frenciler herhangi bir g\u00fcz veya bahar d\u00f6neminde tekrar kay\u0131t yenilediklerinde aktif \u00f6\u011frenci olacaklar ve yaz okulunda ba\u015far\u0131l\u0131 olduklar\u0131 derslerden sorumlu olmayacaklar. \u00d6\u011frenciler, \u00fcst yar\u0131y\u0131l ya da alt yar\u0131 y\u0131llardan hi\u00e7 almad\u0131klar\u0131 dersleri yaz okulunda alabilecekler. Yaz okulunda \u00f6\u011frenciler en fazla 5 ders alabilecek. \u00d6\u011frenim g\u00f6rd\u00fc\u011f\u00fc programda FF harf notlu dersi veya dersleri olan \u00f6\u011frenci, yaz okulunda bunlar\u0131 alabilecek. Genel Not Ortalamas\u0131 (GNO) 2,00\u2019\u0131n alt\u0131nda olan \u00f6\u011frenciler, ko\u015fullu ge\u00e7tikleri dersleri yani CD, DC ve DD harf notu ald\u0131klar\u0131 ders veya dersleri de yaz okulunda alabilecek. \u00dc\u00e7 ders s\u0131nav\u0131na giri\u015f hakk\u0131 olan \u00f6\u011frencilerin yaz okuluna kay\u0131t yapt\u0131rma hakk\u0131 bulunuyor. Fakat bu \u00f6\u011frenciler yaz okuluna kay\u0131t yapt\u0131rd\u0131klar\u0131nda, \u00fc\u00e7 ders s\u0131nav hakk\u0131ndan feragat etmi\u015f say\u0131lacaklar. Bu nedenle mezun olmak i\u00e7in 3 dersi kalan \u00f6\u011frencilerin \u00fc\u00e7 ders s\u0131nav\u0131 ya da yaz okulu aras\u0131nda tercih yapmas\u0131 gerekiyor. Bir \u00f6\u011frenci \u00fc\u00e7 ders s\u0131nav\u0131 ve yaz okuluna ayn\u0131 anda kat\u0131lamayacak. Bu durumdaki \u00f6\u011frenciler i\u00e7in yaz okulu i\u00e7in son kay\u0131t tarihi 1 Temmuz 2019 Pazartesi saat 09.00 olarak belirlendi.<\/p>\n<p>S\u0131navlar 14-15 Eyl\u00fcl\u2019de<\/p>\n<p>Yaz okulu ba\u015far\u0131 de\u011ferlendirmesi tek s\u0131nav ile yap\u0131lacak ve bu s\u0131nav\u0131n ba\u015far\u0131 notuna katk\u0131s\u0131 %100 olacak. S\u0131navlar 14-15 Eyl\u00fcl tarihlerinde yap\u0131lacak. Yaz okulu s\u0131navlar\u0131n\u0131n her ilde yap\u0131lmas\u0131 planlan\u0131yor.<\/p>\n","protected":false},"excerpt":{"rendered":"<p>ANADOLU \u00dcN\u0130VERS\u0130TES\u0130 A\u00c7IK\u00d6\u011eRET\u0130M, \u0130KT\u0130SAT VE \u0130\u015eLETME FAK\u00dcLTES\u0130 YAZ OKULU KAYITLARI YO\u011eUN TALEP \u00dcZER\u0130NE 5 TEMMUZ CUMA G\u00dcN\u00dcNE KADAR UZATILDI.<\/p>\n","protected":false},"author":1,"featured_media":0,"comment_status":"closed","ping_status":"open","sticky":false,"template":"","format":"standard","meta":{"jetpack_post_was_ever_published":false,"_jetpack_newsletter_access":"","_jetpack_dont_email_post_to_subs":false,"_jetpack_newsletter_tier_id":0,"_jetpack_memberships_contains_paywalled_content":false,"_jetpack_memberships_contains_paid_content":false,"footnotes":"","jetpack_publicize_message":"","jetpack_publicize_feature_enabled":true,"jetpack_social_post_already_shared":true,"jetpack_social_options":{"image_generator_settings":{"template":"highway","default_image_id":0,"font":"","enabled":false},"version":2}},"categories":[1],"tags":[18128,644,30867,2055,327,183],"class_list":["post-175919","post","type-post","status-publish","format-standard","hentry","category-genel","tag-acikogretim","tag-fakultesi","tag-kayitlari","tag-okulu","tag-uzatildi","tag-yaz"],"jetpack_publicize_connections":[],"jetpack_featured_media_url":"","jetpack_sharing_enabled":true,"jetpack_shortlink":"https:\/\/wp.me\/paKIfm-JLp","_links":{"self":[{"href":"http:\/\/www.tvturk.com\/index.php\/wp-json\/wp\/v2\/posts\/175919","targetHints":{"allow":["GET"]}}],"collection":[{"href":"http:\/\/www.tvturk.com\/index.php\/wp-json\/wp\/v2\/posts"}],"about":[{"href":"http:\/\/www.tvturk.com\/index.php\/wp-json\/wp\/v2\/types\/post"}],"author":[{"embeddable":true,"href":"http:\/\/www.tvturk.com\/index.php\/wp-json\/wp\/v2\/users\/1"}],"replies":[{"embeddable":true,"href":"http:\/\/www.tvturk.com\/index.php\/wp-json\/wp\/v2\/comments?post=175919"}],"version-history":[{"count":0,"href":"http:\/\/www.tvturk.com\/index.php\/wp-json\/wp\/v2\/posts\/175919\/revisions"}],"wp:attachment":[{"href":"http:\/\/www.tvturk.com\/index.php\/wp-json\/wp\/v2\/media?parent=175919"}],"wp:term":[{"taxonomy":"category","embeddable":true,"href":"http:\/\/www.tvturk.com\/index.php\/wp-json\/wp\/v2\/categories?post=175919"},{"taxonomy":"post_tag","embeddable":true,"href":"http:\/\/www.tvturk.com\/index.php\/wp-json\/wp\/v2\/tags?post=175919"}],"curies":[{"name":"wp","href":"https:\/\/api.w.org\/{rel}","templated":true}]}}