{"id":175921,"date":"2019-06-30T13:31:49","date_gmt":"2019-06-30T10:31:49","guid":{"rendered":"http:\/\/www.tvturk.com\/index.php\/berivan-ogretmen-mutlu-sinif-projesi-ile-ogrencileri-okula-bagladi\/"},"modified":"2019-06-30T13:31:49","modified_gmt":"2019-06-30T10:31:49","slug":"berivan-ogretmen-mutlu-sinif-projesi-ile-ogrencileri-okula-bagladi","status":"publish","type":"post","link":"http:\/\/www.tvturk.com\/index.php\/berivan-ogretmen-mutlu-sinif-projesi-ile-ogrencileri-okula-bagladi\/","title":{"rendered":"Berivan \u00f6\u011fretmen Mutlu S\u0131n\u0131f Projesi ile \u00f6\u011frencileri okula ba\u011flad\u0131"},"content":{"rendered":"<p>D\u0130YARBAKIR (\u0130HA) \u2013 Diyarbak\u0131rl\u0131 Berivan Aztuzcu, g\u00f6rev yapt\u0131\u011f\u0131 \u00c7\u0131nar il\u00e7esindeki Ziya G\u00f6kalp \u0130lkokulunda Mutlu S\u0131n\u0131f Projesi\u2019ni hayata ge\u00e7irdi. K\u00fc\u00e7\u00fck dokunu\u015flarla okulu ev ortam\u0131na \u00e7eviren Berivan \u00f6\u011fretmen, \u00f6\u011frencilerin kendilerini evlerinde hissetmelerini sa\u011flad\u0131. Okullar\u0131n tatil olmas\u0131na ra\u011fmen s\u0131n\u0131flarda \u00e7al\u0131\u015fmalar\u0131na devam eden Berivan \u00f6\u011fretmen, \u00e7ocuklar\u0131 mutlu bir ortamda gelece\u011fe haz\u0131rl\u0131yor.<\/p>\n<p>Klasik s\u0131n\u0131f ortam\u0131n\u0131 ortadan kald\u0131rarak renkli dokunu\u015flarla okul s\u0131n\u0131f\u0131n\u0131 de\u011fi\u015ftiren Berivan Aztuzcu, \u00f6\u011frencileriyle mutlu s\u0131n\u0131f ortam\u0131nda ders i\u015flemek ve \u00f6\u011frencileri okula ba\u011flamak ad\u0131na ba\u015flatt\u0131\u011f\u0131 projeyi hayata ge\u00e7irdi. S\u0131n\u0131f\u0131n tamam\u0131n\u0131 yenileyerek, \u00f6zel okullardan daha iyi hale getiren Aztuzcu, g\u00f6renleri hayrete d\u00fc\u015f\u00fcrd\u00fc. \u00d6\u011frencilerin okulun biran \u00f6nce a\u00e7\u0131lmas\u0131 i\u00e7in g\u00fcn sayd\u0131\u011f\u0131n\u0131 ve yaz tatilinde bile okula gelmek isteyen \u00f6\u011frencilerin oldu\u011funu kaydeden Aztuzcu, projeyi yayg\u0131nla\u015ft\u0131rmak ve Mutlu Okul haline getirmek i\u00e7in kollar\u0131 tekrar s\u0131vad\u0131. Mutlu Okul Projesi i\u00e7in ilk ad\u0131m\u0131 atan Aztuzcu, Uzay ve Bilim Soka\u011f\u0131\u2019n\u0131 hayata ge\u00e7irdi. Maddi imkans\u0131zl\u0131klardan dolay\u0131 bir\u00e7ok projelerini hayata ge\u00e7iremeyen Aztuzcu, destek olunmas\u0131 durumunda projeyi T\u00fcrkiye\u2019ye yaymay\u0131 hedefliyor.<\/p>\n<p>\u00d6\u011frenciler eve gitmek istemiyor<\/p>\n<p>9 y\u0131ld\u0131r \u00f6\u011fretmenlik yapan ve 2 y\u0131ld\u0131r Ziya G\u00f6kalp \u0130lkokulunda s\u0131n\u0131f \u00f6\u011fretmenli\u011fini s\u00fcrd\u00fcren Berivan Aztuzcu, Mutlu S\u0131n\u0131f Projesi\u2019ni hayata ge\u00e7irdiklerinde \u00f6\u011frencilerin eve gitmek istemediklerini, vakitlerini s\u0131n\u0131fta ge\u00e7irmek istediklerini dile getirdi. Aztuzcu, \u201cBu okula geldi\u011fim vakit klasik s\u0131n\u0131f ortam\u0131 vard\u0131, bende bunu renklendirmek istedim. \u00c7\u00fcnk\u00fc vaktimizin \u00e7o\u011funu s\u0131n\u0131fta ge\u00e7iriyoruz, insanlar\u0131n sevdi\u011fi ortamda daha iyi \u00e7al\u0131\u015fabilece\u011fini d\u00fc\u015f\u00fcnd\u00fcm. Mutlu s\u0131n\u0131fa ba\u015flarken seminer d\u00f6neminde ba\u015flad\u0131k projeye, 2 haftal\u0131k k\u0131sa bir s\u00fcre i\u00e7erisinde s\u0131n\u0131f\u0131 tamamlad\u0131k. G\u00f6renler taraf\u0131ndan \u00e7ok olumlu tepkiler al\u0131yorum. Daha \u00e7ok g\u00f6renler \u00f6zel okul zannediyorlar. Ama bizim okulumuz \u00c7\u0131nar il\u00e7esinde bir k\u00f6y okulu say\u0131l\u0131yor. \u00d6\u011frenciler g\u00f6rd\u00fckleri vakit \u00e7ok mutlu oldular, onlar\u0131n g\u00f6z\u00fcndeki mutluluk beni de \u00e7ok mutlu etti, bu s\u0131n\u0131f\u0131 yapt\u0131\u011f\u0131m i\u00e7inde \u00e7ok mutluyum. \u00d6\u011fretmen mesle\u011fi mutlu etmeyi gerektirir, \u00f6\u011fretmen olmak mutlu olmak ve mutlu etmektir. Bu slogandan yola \u00e7\u0131karak s\u0131n\u0131f\u0131 mutlu s\u0131n\u0131fa d\u00f6n\u00fc\u015ft\u00fcrd\u00fck ve s\u0131n\u0131f\u0131n yeni g\u00f6r\u00fcnt\u00fcs\u00fcyle ben, \u00f6\u011frencilerim mutlu. S\u0131n\u0131f\u0131n bu ortam\u0131 olunca \u00e7ocuklar daha \u00e7ok severek bu okula geliyorlar, eve gitmek istemiyorlar, tatil d\u00f6neminde okula bile gelmek istiyorlar\u201d dedi.<\/p>\n<p>&#8220;Mutlu okula d\u00f6n\u00fc\u015ft\u00fcrmek i\u00e7in destek laz\u0131m&#8221;<\/p>\n<p>Mutlu S\u0131n\u0131f Projesi\u2019nden yola \u00e7\u0131karak bu projeyi geni\u015fletmeyi d\u00fc\u015f\u00fcnd\u00fcklerini aktaran Berivan Aztuzcu, projesini t\u00fcm okula d\u00f6n\u00fc\u015ft\u00fcrebilmeleri i\u00e7in destek gerekti\u011fini aktard\u0131. Aztuzcu, \u201cBu noktada bir tak\u0131m \u00e7al\u0131\u015fmalar\u0131m\u0131z oldu, destek olursa okulun tamam\u0131n\u0131 Mutlu Okul Projesi\u2019ne d\u00f6n\u00fc\u015ft\u00fcrmeyi d\u00fc\u015f\u00fcn\u00fcyoruz. \u0130l\u00e7ede bir okul oldu\u011fu i\u00e7in maddi imkanlar\u0131m\u0131z k\u0131s\u0131tl\u0131, maddi imkan oldu\u011fu vakit \u00e7ok farkl\u0131 projelerimiz var. Hakl\u0131 olarak di\u011fer s\u0131n\u0131f\u0131n \u00f6\u011frencileri de b\u00f6yle bir s\u0131n\u0131fta okumak istiyorlar, bunu baz alarak maddi deste\u011fi al\u0131rsak, bu projeyi di\u011fer s\u0131n\u0131flara da yans\u0131tmay\u0131 hedefliyoruz. Uzay ve Bilim Soka\u011f\u0131m\u0131z\u0131 da Mutlu Okul Projesi kapsam\u0131nda d\u00fc\u015f\u00fcnd\u00fck, Mutlu Okul Projesi\u2019nde ilk ad\u0131m\u0131 olarak Uzay ve Bilim Soka\u011f\u0131\u2019n\u0131 Diyarbak\u0131r Ticaret Borsas\u0131n\u0131n deste\u011fiyle olu\u015fturduk. Uzay ve Bilim Soka\u011f\u0131 projesinde desteklerini esirgemeyen Diyarbak\u0131r Ticaret Borsas\u0131, Mutlu S\u0131n\u0131f Projesi\u2019nde desteklerini esirgemeyen Diyarbak\u0131r \u0130l Milli E\u011fitim M\u00fcd\u00fcrl\u00fc\u011f\u00fc ve \u00c7\u0131nar \u0130l\u00e7e Milli E\u011fitim M\u00fcd\u00fcrl\u00fc\u011f\u00fcne te\u015fekk\u00fcrler ederim\u201d diye konu\u015ftu.<\/p>\n<p>\u201cE\u011fitimde Berivan hocalar\u0131n \u00e7o\u011falmas\u0131 dile\u011fiyle\u201d<\/p>\n<p>Ziya G\u00f6kalp \u0130lkokulu M\u00fcd\u00fcr\u00fc Mehmet Ekinci, projeler kapsam\u0131nda eme\u011finin \u00e7ok ge\u00e7ti\u011fini, zaman\u0131n\u0131 ve eme\u011fini sarf eden s\u0131n\u0131f \u00f6\u011fretmeni Berivan Aztuzcu gibi \u00f6\u011fretmenlerin e\u011fitimde \u00e7o\u011falmas\u0131n\u0131 diledi. Ekinci, \u201cAmac\u0131m\u0131z marka bir okul haline gelmek, e\u011fitimde fark\u0131ndal\u0131k olu\u015fturmak, okulumuzu da \u00f6\u011frencilerimize sevdirip mutlu hale getirmek. Okul projesi kapsam\u0131nda b\u00fct\u00fcn payda\u015flar\u0131m\u0131z\u0131 mutlu etmek i\u00e7in yola \u00e7\u0131kt\u0131k, biz biliyoruz ki \u00f6\u011frenci mutlu olursa \u00f6\u011fretmende mutlu olur, \u00f6\u011fretmen mutlu olursa b\u00fct\u00fcn toplum mutlu olur. \u00d6\u011frencilerimizin g\u00f6rerek ve ya\u015fayarak \u00f6\u011frendikleri, kendilerini farkl\u0131 hissedebilmeleri ortamlar olu\u015fturmakt\u0131 amac\u0131m\u0131z. Bunun i\u00e7in de Uzay ve Bilim Soka\u011f\u0131 olu\u015fturduk, in\u015fallah ba\u015farm\u0131\u015f\u0131zd\u0131r. Tabii bu projeye Mutlu S\u0131n\u0131f Projesi\u2019yle ba\u015flad\u0131k, bu anlamda Berivan hocam\u0131za ger\u00e7ekten \u00e7ok te\u015fekk\u00fcr ediyoruz, zaman\u0131n\u0131, eme\u011fini ve b\u00fct\u00fcn katk\u0131lar\u0131n\u0131 koydu. E\u011fitimde Berivan hocalar\u0131n \u00e7o\u011falmas\u0131 dile\u011fiyle in\u015fallah. Bizi heveslendirip ve motive eden ba\u015fta \u0130l Milli E\u011fitim M\u00fcd\u00fcr\u00fcm\u00fcz Do\u00e7. Dr. Feysel Ta\u015fc\u0131er\u2019e, destek ve katk\u0131lar\u0131n\u0131 esirgemeyen \u0130l\u00e7e Milli E\u011fitim M\u00fcd\u00fcr\u00fcm\u00fcz Mehmet Aziz \u0130de\u2019ye te\u015fekk\u00fcrlerimizi sunuyoruz\u201d \u015feklinde konu\u015ftu.<\/p>\n","protected":false},"excerpt":{"rendered":"<p>D\u0130YARBAKIR\u2019IN \u00c7INAR \u0130L\u00c7ES\u0130NDE Z\u0130YA G\u00d6KALP \u0130LKOKULUNDA SINIF ORTAMINI RENKLEND\u0130REREK UFAK DOKUNU\u015eLAR YAPAN SINIF \u00d6\u011eRETMEN\u0130 BER\u0130VAN AZTUZCU, \u00d6\u011eRENC\u0130LER\u0130 MUTLU EDEREK OKULA BA\u011eLADI.<\/p>\n","protected":false},"author":1,"featured_media":0,"comment_status":"closed","ping_status":"open","sticky":false,"template":"","format":"standard","meta":{"jetpack_post_was_ever_published":false,"_jetpack_newsletter_access":"","_jetpack_dont_email_post_to_subs":false,"_jetpack_newsletter_tier_id":0,"_jetpack_memberships_contains_paywalled_content":false,"_jetpack_memberships_contains_paid_content":false,"footnotes":"","jetpack_publicize_message":"","jetpack_publicize_feature_enabled":true,"jetpack_social_post_already_shared":true,"jetpack_social_options":{"image_generator_settings":{"template":"highway","default_image_id":0,"font":"","enabled":false},"version":2}},"categories":[1],"tags":[8787,32752,192,4828,1491,1904,4317,1324,4491],"class_list":["post-175921","post","type-post","status-publish","format-standard","hentry","category-genel","tag-bagladi","tag-berivan","tag-ile","tag-mutlu","tag-ogrencileri","tag-ogretmen","tag-okula","tag-projesi","tag-sinif"],"jetpack_publicize_connections":[],"jetpack_featured_media_url":"","jetpack_sharing_enabled":true,"jetpack_shortlink":"https:\/\/wp.me\/paKIfm-JLr","_links":{"self":[{"href":"http:\/\/www.tvturk.com\/index.php\/wp-json\/wp\/v2\/posts\/175921","targetHints":{"allow":["GET"]}}],"collection":[{"href":"http:\/\/www.tvturk.com\/index.php\/wp-json\/wp\/v2\/posts"}],"about":[{"href":"http:\/\/www.tvturk.com\/index.php\/wp-json\/wp\/v2\/types\/post"}],"author":[{"embeddable":true,"href":"http:\/\/www.tvturk.com\/index.php\/wp-json\/wp\/v2\/users\/1"}],"replies":[{"embeddable":true,"href":"http:\/\/www.tvturk.com\/index.php\/wp-json\/wp\/v2\/comments?post=175921"}],"version-history":[{"count":0,"href":"http:\/\/www.tvturk.com\/index.php\/wp-json\/wp\/v2\/posts\/175921\/revisions"}],"wp:attachment":[{"href":"http:\/\/www.tvturk.com\/index.php\/wp-json\/wp\/v2\/media?parent=175921"}],"wp:term":[{"taxonomy":"category","embeddable":true,"href":"http:\/\/www.tvturk.com\/index.php\/wp-json\/wp\/v2\/categories?post=175921"},{"taxonomy":"post_tag","embeddable":true,"href":"http:\/\/www.tvturk.com\/index.php\/wp-json\/wp\/v2\/tags?post=175921"}],"curies":[{"name":"wp","href":"https:\/\/api.w.org\/{rel}","templated":true}]}}