{"id":175923,"date":"2019-06-30T13:46:06","date_gmt":"2019-06-30T10:46:06","guid":{"rendered":"http:\/\/www.tvturk.com\/index.php\/cumhurbaskani-erdogan-japonyada-turk-vatandaslariyla-bir-araya-geldi\/"},"modified":"2019-06-30T13:46:06","modified_gmt":"2019-06-30T10:46:06","slug":"cumhurbaskani-erdogan-japonyada-turk-vatandaslariyla-bir-araya-geldi","status":"publish","type":"post","link":"http:\/\/www.tvturk.com\/index.php\/cumhurbaskani-erdogan-japonyada-turk-vatandaslariyla-bir-araya-geldi\/","title":{"rendered":"Cumhurba\u015fkan\u0131 Erdo\u011fan Japonya\u2019da T\u00fcrk vatanda\u015flar\u0131yla bir araya geldi"},"content":{"rendered":"<p>Cumhurba\u015fkan\u0131 Recep Tayyip Erdo\u011fan, Japonya\u2019da ya\u015fayan T\u00fcrk vatanda\u015flar\u0131yla bir araya geldi.<\/p>\n<p>Cumhurba\u015fkan\u0131 Recep Tayyip Erdo\u011fan, Japonya\u2019n\u0131n Kyoto kentindeki temaslar\u0131n\u0131n ard\u0131ndan Nagoya \u015fehrine ge\u00e7ti. Nagoya Belediye Ba\u015fkan\u0131 Takashi Kawamura ve Nagoya Valisi Hidaeki Omura\u2019y\u0131 kabul eden Erdo\u011fan, Nagoya Bunri \u00dcniversitesi K\u00fclt\u00fcr Forumunda T\u00fcrk Toplumuyla Bulu\u015fma program\u0131na kat\u0131ld\u0131. Erdo\u011fan burada yapt\u0131\u011f\u0131 konu\u015fmada, \u201cBug\u00fcn buraya gelemeyen Japonya\u2019daki t\u00fcm karde\u015flerime b\u00fct\u00fcn vatanda\u015flar\u0131ma selamlar\u0131m\u0131 g\u00f6nderiyorum\u201d dedi.<\/p>\n<p>Yurt d\u0131\u015f\u0131nda ya\u015fayan T\u00fcrk vatanda\u015flar\u0131n art\u0131k gurbet\u00e7i de\u011fil T\u00fcrk milletini yurt d\u0131\u015f\u0131ndaki g\u00fcc\u00fc, el\u00e7isi ve temsilcileri oldu\u011funu s\u00f6yleyen Erdo\u011fan, \u201cT\u00fcrkiye Cumhuriyeti her zaman her yerde sizlerin yan\u0131ndad\u0131r. Yurtd\u0131\u015f\u0131ndaki vatanda\u015flar\u0131m\u0131z\u0131n ve soyda\u015flar\u0131m\u0131z\u0131n \u00e7\u0131karlar\u0131n\u0131 korumak daha ima \u00f6nceliklerimizin ba\u015f\u0131nda yer alm\u0131\u015ft\u0131r\u201d diye konu\u015ftu.<\/p>\n<p>Belediye ba\u015fkanlar\u0131 ve vali ile g\u00f6r\u00fc\u015ft\u00fc\u011f\u00fcn\u00fc ifade eden Erdo\u011fan, \u201cB\u00fct\u00fcn dertlerinizde yan\u0131n\u0131zday\u0131z dedi. B\u00f6yle dertlerinizde siz ortak olan belediye ba\u015fkan\u0131n\u0131zda oldu\u011funa g\u00f6re durmak yok yola devam. Vatanda\u015flar\u0131m\u0131za her alanda ihtiya\u00e7 duydu\u011fu hizmetleri en kaliteli ve en h\u0131zl\u0131 \u015fekilde sunmaya \u00e7al\u0131\u015f\u0131yoruz. Evlatlar\u0131m\u0131z\u0131n ve gen\u00e7lerimizin inanc\u0131m\u0131za, k\u00fclt\u00fcr\u00fcm\u00fcze, \u00f6rf ve adetlerimize uygun bir \u015fekilde yeti\u015fmelerinin yan\u0131nda Japon toplumuna uyum sa\u011flamalar\u0131n\u0131 da \u00f6zellikle tavsiye ediyorum. T\u00fcrk\u00e7e\u2019nin yan\u0131nda Japonca\u2019y\u0131 da \u00e7ok iyi \u00f6\u011freneceksiniz. Buradaki ba\u015far\u0131n\u0131z buna ba\u011fl\u0131\u201d dedi.<\/p>\n<p>\u201cNagoya\u2019da \u015fimdilik ayda bir kez gezici konsolosluk hizmeti verilmeye ba\u015fland\u0131\u201d<\/p>\n<p>Nagoya\u2019daki \u00e7ocuklar\u0131n dilimizi ve de\u011ferlerimizi daha iyi \u00f6\u011frenebilmeleri i\u00e7in Maarif Vakf\u0131\u2019n\u0131n buraya \u00f6\u011fretmen g\u00f6nderdi\u011fini belirten Erdo\u011fan, \u201cD\u0131\u015fi\u015fleri Bakan\u0131 ge\u00e7ti\u011fimiz y\u0131l Kas\u0131m ay\u0131nda sizlerle bir araya gelerek taleplerinizi isteklerinizi dinledi. Bu kapsamda Tokyo B\u00fcy\u00fckel\u00e7ili\u011fimiz taraf\u0131ndan Nagoya\u2019da \u015fimdilik ayda bir kez gezici konsolosluk hizmeti verilmeye ba\u015fland\u0131\u201d \u015feklinde konu\u015ftu.<\/p>\n<p>D\u00fcnyan\u0131n d\u00f6rt bir yan\u0131nda ya\u015fayan vatanda\u015flar\u0131m\u0131z\u0131n bulunduklar\u0131 \u00fclkenin ekonomilerine katma de\u011fer sa\u011flayarak gururland\u0131rd\u0131\u011f\u0131n\u0131 ifade eden Erdo\u011fan, \u201cBurada yasalara sayg\u0131l\u0131, Japon toplumuyla uyumlu e\u015fit haklara sahip bireyler olarak  rahat bir hayat s\u00fcrebilmek i\u00e7in sizlere her t\u00fcrl\u00fc deste\u011fi vermeye haz\u0131r\u0131z. Bu ama\u00e7la Japon makamlar\u0131 ile i\u015f birli\u011fi halindeyiz. Her birinizin \u00fclkenizin imaj\u0131na olumlu katk\u0131 sa\u011flayacak faaliyetlerinizle T\u00fcrk insan\u0131n\u0131 ve T\u00fcrkiye\u2019yi burada en iyi \u015fekilde temsil edece\u011finize inan\u0131yorum\u201d diye konu\u015ftu.<\/p>\n<p>\u201cPKK neyse DHKP-C neyse FET\u00d6 de odur\u201d<\/p>\n<p>Japonya\u2019da FET\u00d6\u2019ye ba\u011fl\u0131 okullar\u0131n, dernekler ve \u015fah\u0131slar\u0131n hala faaliyetlerini s\u00fcrd\u00fc\u011f\u00fcn\u00fc vurgulayan Erdo\u011fan, \u201c15 Temmuz gecesi 251 insan\u0131m\u0131z\u0131 kalle\u015f\u00e7e \u015fehit eden bu \u00f6rg\u00fct, yurtd\u0131\u015f\u0131nda \u00fclkemize y\u00f6nelik yo\u011fun bir karalama kampanyas\u0131 y\u00fcr\u00fct\u00fcyor. 40 y\u0131l boyunca \u00fcmmet, hizmet diyerek milletten toplad\u0131klar\u0131n\u0131 hi\u00e7 y\u00fczleri k\u0131zarmadan, zerre kadar utanmadan son d\u00f6rt y\u0131ld\u0131r milletimizin aleyhine kullan\u0131yorlar. G\u00f6z\u00fcn\u00fc h\u0131rs kin ve nefret b\u00fcr\u00fcm\u00fc\u015f FET\u00d6\u2019c\u00fclerin \u00fclkemizin itibar\u0131na kara \u00e7almas\u0131na izin vermemeliyiz. Eli kanl\u0131 bu ter\u00f6r \u00f6rg\u00fct\u00fcyle m\u00fccadelemizde sizlerden destek bekliyoruz. PKK neyse DHKP-C neyse FET\u00d6 de odur\u201d dedi.<\/p>\n<p>\u201cNagoya\u2019da bir ba\u015fkonsolosluk a\u00e7abiliriz\u201d<\/p>\n<p>Birlik ve beraberli\u011fin her t\u00fcrl\u00fc ba\u015far\u0131n\u0131n anahtar\u0131 oldu\u011funu s\u00f6yleyen Erdo\u011fan, \u201c\u015euanda i\u00e7inizde i\u00e7inde bulundu\u011fumuz bu tabloyu da\u011f\u0131tmay\u0131n. Biz ne diyoruz tek millet, tek bayrak, tek vatan, tek devlet. Bir olaca\u011f\u0131z, iri olaca\u011f\u0131z, diri olaca\u011f\u0131z, karde\u015f olaca\u011f\u0131z, hep birlikte, T\u00fcrkiye olaca\u011f\u0131z. Bundan taviz vermeyece\u011fiz. Dayan\u0131\u015fma i\u00e7inde hareket etti\u011fimiz s\u00fcrece \u00fcstesinden gelemeyece\u011fimiz hi\u00e7bir zorluk yoktur. Sizler de birlik ve beraberlik i\u00e7erisinde hareket ederek bug\u00fcne kadar oldu\u011fu gibi bundan sonra da her t\u00fcrl\u00fc g\u00fc\u00e7l\u00fc\u011f\u00fc yenebilirsiniz. Gerekti\u011finde Japon makamlar\u0131na sesinizi duyurabilmeniz i\u00e7in mutlaka dayan\u0131\u015fma i\u00e7inde olmal\u0131s\u0131n\u0131z. Bu konuda in\u015fallah Nagoya\u2019da bir ba\u015fkonsolosluk a\u00e7abiliriz\u201d diye konu\u015ftu.<\/p>\n<p>\u201cT\u00fcrkiye son 17 y\u0131ldaki at\u0131l\u0131mlar\u0131yla adeta \u00e7a\u011f atlam\u0131\u015ft\u0131r\u201d<\/p>\n<p>T\u00fcrk Hava Yollar\u0131\u2019n\u0131n \u00f6n\u00fcm\u00fczdeki y\u0131l\u0131n Nisan ay\u0131ndan itibaren Osaka Kansai havaliman\u0131ndan \u0130stanbul seferlerine ba\u015flayaca\u011f\u0131n\u0131 belirten Erdo\u011fan, \u201cT\u00fcrkiye bilhassa son 17 y\u0131ldaki at\u0131l\u0131mlar\u0131yla demokrasiden ekonomiye her alanda adeta \u00e7a\u011f atlam\u0131\u015f bir \u00fcst lige \u00e7\u0131km\u0131\u015ft\u0131r. E\u011fitimde 302 bin yeni derslik yaparak, 631 bin yeni \u00f6\u011fretmen atayarak, ilk ve orta\u00f6\u011fretim kitaplar\u0131n\u0131 \u00fccretsiz vererek, \u00fcniversite say\u0131m\u0131z\u0131 130 ilaveyle 206\u2019ya ve akademik personel say\u0131m\u0131z\u0131 90 bin ilaveyle 166 bine \u00e7\u0131kartarak adeta bir devrim yapt\u0131k. T\u00fcrkiye Maarif Vakf\u0131m\u0131z da 269 okulu, 35 yurdu, 2 \u00fcniversitesi ve 5 bin personeliyle yurt d\u0131\u015f\u0131nda \u00fclkemizi temsil ediyor. Bug\u00fcn d\u00fcnyan\u0131n 160\u2019\u0131 a\u015fk\u0131n \u00fclkesinden 10 binlerce \u00f6\u011frenci y\u00fcksek \u00f6\u011frenim i\u00e7in T\u00fcrk \u00fcniversitelerini tercih ediyor\u201d dedi.<\/p>\n<p>\u201cHedefimiz T\u00fcrkiye\u2019yi d\u00fcnyan\u0131n en b\u00fcy\u00fck 10 ekonomisinden biri haline getirmek\u201d<\/p>\n<p>2023 hedeflerinin en ba\u015f\u0131nda, T\u00fcrkiye\u2019yi d\u00fcnyan\u0131n en b\u00fcy\u00fck 10 ekonomisinden biri haline getirmek oldu\u011funun alt\u0131n\u0131 \u00e7izen Erdo\u011fan, \u201c\u0130n\u015fallah bu hedefimize de ula\u015faca\u011f\u0131z. Tabii \u00fclkemiz g\u00fc\u00e7lendik\u00e7e, kar\u015f\u0131 kar\u015f\u0131ya kald\u0131\u011f\u0131m\u0131z s\u0131namalar ve sald\u0131r\u0131lar da art\u0131yor.  Eskilerin, \u2018b\u00fcy\u00fck da\u011f\u0131n b\u00fcy\u00fck k\u0131\u015f\u0131 olur\u2019 dedikleri gibi, geldi\u011fimiz yer itibariyle \u00fclkemizin de ba\u015f\u0131nda zaman zaman sert r\u00fczg\u00e2rlar esiyor. Son d\u00f6nemde, b\u00f6lgemizde ve d\u00fcnyada b\u00fcy\u00fck bir de\u011fi\u015fim, radikal bir yeniden yap\u0131lanma s\u00fcreci ya\u015fan\u0131yor. T\u00fcrkiye\u2019nin tam merkezinde yer ald\u0131\u011f\u0131 bir s\u00fcre\u00e7ten \u00fclkemizi sadece hasars\u0131z olarak de\u011fil, en karl\u0131 \u015fekilde \u00e7\u0131karmak i\u00e7in \u00e7al\u0131\u015f\u0131yoruz. Bug\u00fcnlere, yurt i\u00e7indeki ve yurt d\u0131\u015f\u0131ndaki vatanda\u015flar\u0131m\u0131zdan ald\u0131\u011f\u0131m\u0131z b\u00fcy\u00fck destek sayesinde geldik\u201d diye konu\u015ftu.<\/p>\n","protected":false},"excerpt":{"rendered":"<p>CUMHURBA\u015eKANI RECEP TAYY\u0130P ERDO\u011eAN, JAPONYA\u2019DA YA\u015eAYAN T\u00dcRK VATANDA\u015eLARIYLA B\u0130R ARAYA GELD\u0130.<\/p>\n","protected":false},"author":1,"featured_media":0,"comment_status":"closed","ping_status":"open","sticky":false,"template":"","format":"standard","meta":{"jetpack_post_was_ever_published":false,"_jetpack_newsletter_access":"","_jetpack_dont_email_post_to_subs":false,"_jetpack_newsletter_tier_id":0,"_jetpack_memberships_contains_paywalled_content":false,"_jetpack_memberships_contains_paid_content":false,"footnotes":"","jetpack_publicize_message":"","jetpack_publicize_feature_enabled":true,"jetpack_social_post_already_shared":true,"jetpack_social_options":{"image_generator_settings":{"template":"highway","default_image_id":0,"font":"","enabled":false},"version":2}},"categories":[10],"tags":[126,125,503,649,127,15716,957,42899],"class_list":["post-175923","post","type-post","status-publish","format-standard","hentry","category-dunya","tag-araya","tag-bir","tag-cumhurbaskani","tag-erdogan","tag-geldi","tag-japonyada","tag-turk","tag-vatandaslariyla"],"jetpack_publicize_connections":[],"jetpack_featured_media_url":"","jetpack_sharing_enabled":true,"jetpack_shortlink":"https:\/\/wp.me\/paKIfm-JLt","_links":{"self":[{"href":"http:\/\/www.tvturk.com\/index.php\/wp-json\/wp\/v2\/posts\/175923","targetHints":{"allow":["GET"]}}],"collection":[{"href":"http:\/\/www.tvturk.com\/index.php\/wp-json\/wp\/v2\/posts"}],"about":[{"href":"http:\/\/www.tvturk.com\/index.php\/wp-json\/wp\/v2\/types\/post"}],"author":[{"embeddable":true,"href":"http:\/\/www.tvturk.com\/index.php\/wp-json\/wp\/v2\/users\/1"}],"replies":[{"embeddable":true,"href":"http:\/\/www.tvturk.com\/index.php\/wp-json\/wp\/v2\/comments?post=175923"}],"version-history":[{"count":0,"href":"http:\/\/www.tvturk.com\/index.php\/wp-json\/wp\/v2\/posts\/175923\/revisions"}],"wp:attachment":[{"href":"http:\/\/www.tvturk.com\/index.php\/wp-json\/wp\/v2\/media?parent=175923"}],"wp:term":[{"taxonomy":"category","embeddable":true,"href":"http:\/\/www.tvturk.com\/index.php\/wp-json\/wp\/v2\/categories?post=175923"},{"taxonomy":"post_tag","embeddable":true,"href":"http:\/\/www.tvturk.com\/index.php\/wp-json\/wp\/v2\/tags?post=175923"}],"curies":[{"name":"wp","href":"https:\/\/api.w.org\/{rel}","templated":true}]}}