{"id":175949,"date":"2019-06-30T15:16:58","date_gmt":"2019-06-30T12:16:58","guid":{"rendered":"http:\/\/www.tvturk.com\/index.php\/milli-guresciler-avrupa-sampiyonasindan-1-altin-ve-1-bronz-madalyayla-dondu\/"},"modified":"2019-06-30T15:16:58","modified_gmt":"2019-06-30T12:16:58","slug":"milli-guresciler-avrupa-sampiyonasindan-1-altin-ve-1-bronz-madalyayla-dondu","status":"publish","type":"post","link":"http:\/\/www.tvturk.com\/index.php\/milli-guresciler-avrupa-sampiyonasindan-1-altin-ve-1-bronz-madalyayla-dondu\/","title":{"rendered":"Milli g\u00fcre\u015f\u00e7iler, Avrupa \u015eampiyonas\u0131\u2019ndan 1 alt\u0131n ve 1 bronz madalyayla d\u00f6nd\u00fc"},"content":{"rendered":"<p>Polonya\u2019da d\u00fczenlenen U15 Minikler Avrupa G\u00fcre\u015f \u015eampiyonas\u0131\u2019nda 1 alt\u0131n ve 1 bronz madalya elde milli g\u00fcre\u015f\u00e7iler yurda d\u00f6nd\u00fc.<\/p>\n<p>Polonya\u2019n\u0131n Krakow kentinde 27-30 Haziran tarihleri aras\u0131nda ger\u00e7ekle\u015ftirilen U15 Minikler Avrupa G\u00fcre\u015f \u015eampiyonas\u0131\u2019n\u0131n tamamlanmas\u0131n\u0131n ard\u0131ndan milli g\u00fcre\u015f\u00e7iler yurda d\u00f6nd\u00fc. M\u00fcsabakalarda 1 alt\u0131n ve 1 bronz madalya kazanan milliler, saat 13.30\u2019da \u0130stanbul Havaliman\u0131\u2019na indi. \u015eampiyonada m\u00fccadele eden Esenyurt Belediyesi \u0130brahim \u00d6zayd\u0131n Spor Kul\u00fcb\u00fc b\u00fcnyesindeki milli g\u00fcre\u015f\u00e7i Tu\u011fba Demir 50 kg kategorisinde alt\u0131n madalya elde ederken, Afyonkarahisar Ta\u015foluk Belediye Spor Kul\u00fcb\u00fc\u2019n\u00fcn milli sporcusu Edanur Ersoy ise 33 kg kategorisini \u00fc\u00e7\u00fcnc\u00fc tamamlamayarak bronz madalya kazand\u0131.<\/p>\n<p>Tu\u011fba Demir: \u201cBu bana gelece\u011fe ili\u015fkin cesaret verdi\u201d<\/p>\n<p>50 kg kategorisinde rakibi yenerek Avrupa \u015fampiyonu olan Tu\u011fba Demir, kazand\u0131\u011f\u0131 ba\u015far\u0131ya ili\u015fkin havaliman\u0131nda bas\u0131n mensuplar\u0131na yapt\u0131\u011f\u0131 a\u00e7\u0131klamada, \u201c\u0130lk kat\u0131ld\u0131\u011f\u0131m Avrupa \u015eampiyonas\u0131\u2019nda \u015fampiyon oldum \u00e7ok mutluyum. Bu bana gelece\u011fe ili\u015fkin cesaret verdi. U15\u2019te madalya ald\u0131m. \u00d6n\u00fcm\u00fczdeki y\u0131l da y\u0131ld\u0131zlar kategorisinde madalya almak istiyorum. Bunun i\u00e7in \u00e7al\u0131\u015faca\u011f\u0131m\u201d diye konu\u015ftu.<\/p>\n<p>Edanur Ersoy: \u201c\u00d6n\u00fcm\u00fczdeki y\u0131l da \u015fampiyon olmay\u0131 hedefliyorum\u201d<\/p>\n<p>33 kg kategorisinde Avrupa \u00fc\u00e7\u00fcnc\u00fcs\u00fc olarak bronz madalya elde eden Edanur Ersoy, \u201cGe\u00e7en sene de kat\u0131l\u0131p 5\u2019inci olmu\u015ftum. Bu sene \u015fampiyon olma dile\u011fiyle gitmi\u015ftim \u00fc\u00e7\u00fcnc\u00fc oldum. \u00d6n\u00fcm\u00fczdeki y\u0131l da \u015fampiyon olmay\u0131 hedefliyorum\u201d ifadelerine yer verdi.<\/p>\n<p>Yakup Ya\u011fc\u0131: \u201c\u00c7ok \u00e7al\u0131\u015f\u0131p daha iyi ba\u015far\u0131lar elde edece\u011fimize milli tak\u0131m olarak inan\u0131yoruz\u201d<\/p>\n<p>Avrupa \u015eampiyonas\u0131\u2019nda milli g\u00fcre\u015f\u00e7ilerin performans\u0131n\u0131 de\u011ferlendiren U15 Minik Bayanlar Milli Tak\u0131m Antren\u00f6r\u00fc Yakup Ya\u011fc\u0131 ise, \u201cKat\u0131l\u0131m ge\u00e7en seneye oranla \u00e7ok daha yo\u011fundu. \u015eampiyonaua 10 siklette tek tak\u0131m olarak kat\u0131ld\u0131k. 50 kg\u2019da Tu\u011fba Demir Avrupa \u015fampiyonu, 33 kg\u2019da Edanur Ersoy Avrupa \u00fc\u00e7\u00fcnc\u00fcs\u00fc oldu. Tabi ki yar\u0131 finallerde, \u00e7eyrek finallerde 3-4 tane m\u00fcsabaka kaybettik. \u00d6n\u00fcm\u00fczdeki y\u0131llarda daha \u00e7ok \u00e7al\u0131\u015f\u0131p daha iyi ba\u015far\u0131lar elde edece\u011fimize milli tak\u0131m olarak inan\u0131yoruz\u201d dedi.<\/p>\n","protected":false},"excerpt":{"rendered":"<p>POLONYA\u2019DA D\u00dcZENLENEN U15 M\u0130N\u0130KLER AVRUPA G\u00dcRE\u015e \u015eAMP\u0130YONASI\u2019NDA 1 ALTIN VE 1 BRONZ MADALYA ELDE M\u0130LL\u0130 G\u00dcRE\u015e\u00c7\u0130LER YURDA D\u00d6ND\u00dc.<\/p>\n","protected":false},"author":1,"featured_media":0,"comment_status":"closed","ping_status":"open","sticky":false,"template":"","format":"standard","meta":{"jetpack_post_was_ever_published":false,"_jetpack_newsletter_access":"","_jetpack_dont_email_post_to_subs":false,"_jetpack_newsletter_tier_id":0,"_jetpack_memberships_contains_paywalled_content":false,"_jetpack_memberships_contains_paid_content":false,"footnotes":"","jetpack_publicize_message":"","jetpack_publicize_feature_enabled":true,"jetpack_social_post_already_shared":true,"jetpack_social_options":{"image_generator_settings":{"template":"highway","default_image_id":0,"font":"","enabled":false},"version":2}},"categories":[657],"tags":[596,392,9548,990,11604,2681,429,9550],"class_list":["post-175949","post","type-post","status-publish","format-standard","hentry","category-spor","tag-altin","tag-avrupa","tag-bronz","tag-dondu","tag-guresciler","tag-madalyayla","tag-milli","tag-sampiyonasindan"],"jetpack_publicize_connections":[],"jetpack_featured_media_url":"","jetpack_sharing_enabled":true,"jetpack_shortlink":"https:\/\/wp.me\/paKIfm-JLT","_links":{"self":[{"href":"http:\/\/www.tvturk.com\/index.php\/wp-json\/wp\/v2\/posts\/175949","targetHints":{"allow":["GET"]}}],"collection":[{"href":"http:\/\/www.tvturk.com\/index.php\/wp-json\/wp\/v2\/posts"}],"about":[{"href":"http:\/\/www.tvturk.com\/index.php\/wp-json\/wp\/v2\/types\/post"}],"author":[{"embeddable":true,"href":"http:\/\/www.tvturk.com\/index.php\/wp-json\/wp\/v2\/users\/1"}],"replies":[{"embeddable":true,"href":"http:\/\/www.tvturk.com\/index.php\/wp-json\/wp\/v2\/comments?post=175949"}],"version-history":[{"count":0,"href":"http:\/\/www.tvturk.com\/index.php\/wp-json\/wp\/v2\/posts\/175949\/revisions"}],"wp:attachment":[{"href":"http:\/\/www.tvturk.com\/index.php\/wp-json\/wp\/v2\/media?parent=175949"}],"wp:term":[{"taxonomy":"category","embeddable":true,"href":"http:\/\/www.tvturk.com\/index.php\/wp-json\/wp\/v2\/categories?post=175949"},{"taxonomy":"post_tag","embeddable":true,"href":"http:\/\/www.tvturk.com\/index.php\/wp-json\/wp\/v2\/tags?post=175949"}],"curies":[{"name":"wp","href":"https:\/\/api.w.org\/{rel}","templated":true}]}}