{"id":175965,"date":"2019-06-30T16:01:45","date_gmt":"2019-06-30T13:01:45","guid":{"rendered":"http:\/\/www.tvturk.com\/index.php\/nevsehir-belediyesi-500-kisiye-balon-turu-hediye-etti\/"},"modified":"2019-06-30T16:01:45","modified_gmt":"2019-06-30T13:01:45","slug":"nevsehir-belediyesi-500-kisiye-balon-turu-hediye-etti","status":"publish","type":"post","link":"http:\/\/www.tvturk.com\/index.php\/nevsehir-belediyesi-500-kisiye-balon-turu-hediye-etti\/","title":{"rendered":"Nev\u015fehir Belediyesi 500 ki\u015fiye balon turu hediye etti"},"content":{"rendered":"<p>Nev\u015fehir Belediye Ba\u015fkan\u0131 Rasim Ar\u0131\u2019n\u0131n, sosyal medya takip\u00e7ileri aras\u0131ndan 500 ki\u015fiye hediye edece\u011fi balon turunun talihlileri \u00e7ekilen kurayla belirlendi. Kura t\u00f6renini izleyenler aras\u0131nda ayr\u0131ca 10 ki\u015fiye daha balon turu hediyesi verilirken t\u00f6rende konu\u015fan Belediye Ba\u015fkan\u0131 Rasim Ar\u0131, \u201cBelediye b\u00fct\u00e7emizden be\u015f kuru\u015f harcamadan, \u015fehrimizin tan\u0131t\u0131m\u0131 i\u00e7in yapt\u0131\u011f\u0131m\u0131z bu \u00e7al\u0131\u015fma devam edecek\u201d dedi.<\/p>\n<p>Belediye Ba\u015fkan\u0131 Rasim Ar\u0131\u2019n\u0131n, T\u00fcrkiye\u2019nin en \u00f6nemli turizm merkezlerinden biri olan Kapadokya b\u00f6lgesinin tan\u0131t\u0131m\u0131na katk\u0131 sa\u011flamak amac\u0131yla, Twitter hesab\u0131n\u0131 takip eden ve bunla ilgili yapt\u0131\u011f\u0131 payla\u015f\u0131m\u0131 RT edenler aras\u0131ndan 500 ki\u015fiye balon turu hediye edece\u011finin a\u00e7\u0131klamas\u0131n\u0131n ard\u0131ndan binlerce ki\u015fi bu payla\u015f\u0131m\u0131 be\u011fenerek ve RT yaparak \u00e7ekili\u015fe kat\u0131lmaya hak kazand\u0131. Yakla\u015f\u0131k on bin ki\u015fi aras\u0131ndan talihli 500 ki\u015finin belirlenmesi i\u00e7in Nev\u015fehir Belediyesi Kapadokya K\u00fclt\u00fcr ve Sanat Merkezi\u2019nde kura \u00e7ekimi ger\u00e7ekle\u015ftirildi.<\/p>\n<p>Nev\u015fehir Belediye Ba\u015fkan\u0131 Rasim Ar\u0131 yapt\u0131\u011f\u0131 a\u00e7\u0131klamada, \u201cNev\u015fehir her zaman s\u00f6yledi\u011fim gibi d\u00fcnyan\u0131n g\u00f6zbebe\u011fi bir \u015fehir. Bu \u015fehrin hem \u00fclkemizde hem de d\u00fcnyada tan\u0131t\u0131lmas\u0131 i\u00e7in her t\u00fcrl\u00fc gayreti sarf edece\u011fimizi bu \u015fehirde ki her karde\u015fimize beyan etmi\u015ftik. Bu kapsamda farkl\u0131 aktiviteler, farkl\u0131 \u00e7ekili\u015f y\u00f6ntemlerini denemeye ba\u015flad\u0131k. Bunlardan bir tanesi de \u015fehrimizle \u00f6zde\u015fle\u015fmi\u015f balonumuz var. Bu balonunda \u015fehrimizin ve \u00fclkemizin farkl\u0131 noktalar\u0131nda ya\u015fayan karde\u015flerimiz taraf\u0131ndan da daha fazla tan\u0131nmas\u0131 ve bug\u00fcne kadar balona binmeyen karde\u015flerimizin balon keyfini s\u00fcrmesi, \u015fehrimizi havadan seyretmesini temin etmek amac\u0131yla sekt\u00f6r temsilcileriyle g\u00f6r\u00fc\u015fmelerimiz neticesinde bize 500 tane balon turu hediye etmi\u015flerdir. Bizde bu balon turunu hem \u015fehrimizdeki hem de \u00fclkemizde ki farkl\u0131 noktalar\u0131nda ya\u015fayan karde\u015flerimize hediye etmeyi planlam\u0131\u015ft\u0131k. \u0130\u015fte o g\u00fcn bug\u00fcn. Bug\u00fcn \u00e7ekili\u015fimizi yaparak \u015fansl\u0131 karde\u015flerimize balon turlar\u0131n\u0131 hediye ettik. \u015euanda bizim bu balon hediyemiz sosyal medya hesaplar\u0131m\u0131zdan 2 milyon civar\u0131nda etkile\u015fim ald\u0131. Nev\u015fehir\u2019in T\u00fcrkiye\u2019nin ve d\u00fcnyan\u0131n farkl\u0131 noktalar\u0131ndan takip edilmesinin bir g\u00f6stergesidir. Bu da bizim i\u00e7in mutluluk verici oldu. Denizin her yerde alternatifini her yerde bulabilirsiniz. Kapadokya b\u00f6lgesini ve Nev\u015fehir\u2019i sadece T\u00fcrkiye\u2019de ve D\u00fcnyada sadece burada bulabilirsiniz\u201d \u015feklinde konu\u015ftu.<\/p>\n<p>Nev\u015fehir Belediyesi taraf\u0131ndan d\u00fczenlenen \u00e7ekili\u015fe Nev\u015fehir Belediye Ba\u015fkan\u0131 Rasim Ar\u0131\u2019n\u0131n yan\u0131 s\u0131ra AK Parti \u0130l Ba\u015fkan\u0131 Mustafa Rauf Yanar, AK Parti Merkez \u0130l\u00e7e Ba\u015fkan\u0131 Edip Av\u015far, AK Parti Gen\u00e7lik Kollar\u0131 Ba\u015fkan\u0131 Ahmet Dola\u015fmaz, Belediye Ba\u015fkan Yard\u0131mc\u0131lar\u0131 ve vatanda\u015flar kat\u0131ld\u0131.<\/p>\n","protected":false},"excerpt":{"rendered":"<p>NEV\u015eEH\u0130R BELED\u0130YE BA\u015eKANI RAS\u0130M ARI\u2019NIN, SOSYAL MEDYA TAK\u0130P\u00c7\u0130LER\u0130 ARASINDAN 500 K\u0130\u015e\u0130YE HED\u0130YE EDECE\u011e\u0130 BALON TURUNUN TAL\u0130HL\u0130LER\u0130 \u00c7EK\u0130LEN KURA \u0130LE BEL\u0130RLEND\u0130. KURA T\u00d6REN\u0130N\u0130 \u0130ZLEYENLER ARASINDA AYRICA 10 K\u0130\u015e\u0130YE DAHA BALON TURU HED\u0130YES\u0130 VER\u0130L\u0130RKEN T\u00d6RENDE KONU\u015eAN BELED\u0130YE BA\u015eKANI RAS\u0130M ARI: \u201cBELED\u0130YE B\u00dcT\u00c7EM\u0130ZDEN BE\u015e KURU\u015e HARCAMADAN, \u015eEHR\u0130M\u0130Z\u0130N TANITIMI \u0130\u00c7\u0130N YAPTI\u011eIMIZ BU \u00c7ALI\u015eMA DEVAM EDECEK.\u201d DED\u0130.<\/p>\n","protected":false},"author":1,"featured_media":0,"comment_status":"closed","ping_status":"open","sticky":false,"template":"","format":"standard","meta":{"jetpack_post_was_ever_published":false,"_jetpack_newsletter_access":"","_jetpack_dont_email_post_to_subs":false,"_jetpack_newsletter_tier_id":0,"_jetpack_memberships_contains_paywalled_content":false,"_jetpack_memberships_contains_paid_content":false,"footnotes":"","jetpack_publicize_message":"","jetpack_publicize_feature_enabled":true,"jetpack_social_post_already_shared":true,"jetpack_social_options":{"image_generator_settings":{"template":"highway","default_image_id":0,"font":"","enabled":false},"version":2}},"categories":[1],"tags":[565,17513,383,207,4357,2667,2470,1419],"class_list":["post-175965","post","type-post","status-publish","format-standard","hentry","category-genel","tag-565","tag-balon","tag-belediyesi","tag-etti","tag-hediye","tag-kisiye","tag-nevsehir","tag-turu"],"jetpack_publicize_connections":[],"jetpack_featured_media_url":"","jetpack_sharing_enabled":true,"jetpack_shortlink":"https:\/\/wp.me\/paKIfm-JM9","_links":{"self":[{"href":"http:\/\/www.tvturk.com\/index.php\/wp-json\/wp\/v2\/posts\/175965","targetHints":{"allow":["GET"]}}],"collection":[{"href":"http:\/\/www.tvturk.com\/index.php\/wp-json\/wp\/v2\/posts"}],"about":[{"href":"http:\/\/www.tvturk.com\/index.php\/wp-json\/wp\/v2\/types\/post"}],"author":[{"embeddable":true,"href":"http:\/\/www.tvturk.com\/index.php\/wp-json\/wp\/v2\/users\/1"}],"replies":[{"embeddable":true,"href":"http:\/\/www.tvturk.com\/index.php\/wp-json\/wp\/v2\/comments?post=175965"}],"version-history":[{"count":0,"href":"http:\/\/www.tvturk.com\/index.php\/wp-json\/wp\/v2\/posts\/175965\/revisions"}],"wp:attachment":[{"href":"http:\/\/www.tvturk.com\/index.php\/wp-json\/wp\/v2\/media?parent=175965"}],"wp:term":[{"taxonomy":"category","embeddable":true,"href":"http:\/\/www.tvturk.com\/index.php\/wp-json\/wp\/v2\/categories?post=175965"},{"taxonomy":"post_tag","embeddable":true,"href":"http:\/\/www.tvturk.com\/index.php\/wp-json\/wp\/v2\/tags?post=175965"}],"curies":[{"name":"wp","href":"https:\/\/api.w.org\/{rel}","templated":true}]}}