{"id":175967,"date":"2019-06-30T16:02:17","date_gmt":"2019-06-30T13:02:17","guid":{"rendered":"http:\/\/www.tvturk.com\/index.php\/ozan-kabak-schalke-04te\/"},"modified":"2019-06-30T16:02:17","modified_gmt":"2019-06-30T13:02:17","slug":"ozan-kabak-schalke-04te","status":"publish","type":"post","link":"http:\/\/www.tvturk.com\/index.php\/ozan-kabak-schalke-04te\/","title":{"rendered":"Ozan Kabak, Schalke 04\u2019te"},"content":{"rendered":"<p>Almanya Bundesliga tak\u0131mlar\u0131ndan Schalke 04, milli futbolcu Ozan Kabak\u2019\u0131 5 y\u0131ll\u0131\u011f\u0131na kadrosuna katt\u0131\u011f\u0131n\u0131 a\u00e7\u0131klad\u0131.<\/p>\n<p>Geride kalan sezonun devre aras\u0131nda Galatasaray\u2019dan Stuttgart\u2019a transfer olan Ozan Kabak\u2019\u0131n yeni tak\u0131m\u0131 belli oldu. Milli oyuncu, Almanya\u2019da kalmay\u0131 tercih etti ve Schalke 04\u2019e transfer oldu. \u2019Schalke 04\u2018e ho\u015f geldin Ozan! Bize geldi\u011fin i\u00e7in \u00e7ok mutluyuz\u2019 mesaj\u0131yla transferi duyuran Alman ekibinin resmi sitesinden bir a\u00e7\u0131klama yapan Schalke Sportif Direkt\u00f6r\u00fc Jochen Schneider, &#8220;Avrupa\u2019n\u0131n en b\u00fcy\u00fck yeteneklerinden birini tak\u0131m\u0131m\u0131za kazand\u0131rd\u0131\u011f\u0131m\u0131z i\u00e7in \u00e7ok mutluyuz. Transferde \u00e7ok \u00f6nemli rakiplerimiz olmas\u0131na ra\u011fmen Ozan bizi se\u00e7ti. Ozan\u2019\u0131 ikna eden Michael Reschke ve David Wagner\u2019e \u00e7ok te\u015fekk\u00fcr ederim&#8221; ifadelerini kulland\u0131.<\/p>\n<p>Ozan Kabak, Stutgart ile ligde 15 ma\u00e7a \u00e7\u0131k\u0131p 3 gol atma ba\u015far\u0131s\u0131 g\u00f6stermi\u015fti.<\/p>\n","protected":false},"excerpt":{"rendered":"<p>ALMANYA BUNDESL\u0130GA TAKIMLARINDAN SCHALKE 04, M\u0130LL\u0130 FUTBOLCU OZAN KABAK&#8217;I KADROSUN KATTI\u011eINI A\u00c7IKLADI.<\/p>\n","protected":false},"author":1,"featured_media":0,"comment_status":"closed","ping_status":"open","sticky":false,"template":"","format":"standard","meta":{"jetpack_post_was_ever_published":false,"_jetpack_newsletter_access":"","_jetpack_dont_email_post_to_subs":false,"_jetpack_newsletter_tier_id":0,"_jetpack_memberships_contains_paywalled_content":false,"_jetpack_memberships_contains_paid_content":false,"footnotes":"","jetpack_publicize_message":"","jetpack_publicize_feature_enabled":true,"jetpack_social_post_already_shared":true,"jetpack_social_options":{"image_generator_settings":{"template":"highway","default_image_id":0,"font":"","enabled":false},"version":2}},"categories":[657],"tags":[42914,20590,11089,42544],"class_list":["post-175967","post","type-post","status-publish","format-standard","hentry","category-spor","tag-04te","tag-kabak","tag-ozan","tag-schalke"],"jetpack_publicize_connections":[],"jetpack_featured_media_url":"","jetpack_sharing_enabled":true,"jetpack_shortlink":"https:\/\/wp.me\/paKIfm-JMb","_links":{"self":[{"href":"http:\/\/www.tvturk.com\/index.php\/wp-json\/wp\/v2\/posts\/175967","targetHints":{"allow":["GET"]}}],"collection":[{"href":"http:\/\/www.tvturk.com\/index.php\/wp-json\/wp\/v2\/posts"}],"about":[{"href":"http:\/\/www.tvturk.com\/index.php\/wp-json\/wp\/v2\/types\/post"}],"author":[{"embeddable":true,"href":"http:\/\/www.tvturk.com\/index.php\/wp-json\/wp\/v2\/users\/1"}],"replies":[{"embeddable":true,"href":"http:\/\/www.tvturk.com\/index.php\/wp-json\/wp\/v2\/comments?post=175967"}],"version-history":[{"count":0,"href":"http:\/\/www.tvturk.com\/index.php\/wp-json\/wp\/v2\/posts\/175967\/revisions"}],"wp:attachment":[{"href":"http:\/\/www.tvturk.com\/index.php\/wp-json\/wp\/v2\/media?parent=175967"}],"wp:term":[{"taxonomy":"category","embeddable":true,"href":"http:\/\/www.tvturk.com\/index.php\/wp-json\/wp\/v2\/categories?post=175967"},{"taxonomy":"post_tag","embeddable":true,"href":"http:\/\/www.tvturk.com\/index.php\/wp-json\/wp\/v2\/tags?post=175967"}],"curies":[{"name":"wp","href":"https:\/\/api.w.org\/{rel}","templated":true}]}}