{"id":175999,"date":"2019-06-30T18:31:18","date_gmt":"2019-06-30T15:31:18","guid":{"rendered":"http:\/\/www.tvturk.com\/index.php\/japonya-protestolara-ragmen-balina-avciligina-devam-edecek\/"},"modified":"2019-06-30T18:31:18","modified_gmt":"2019-06-30T15:31:18","slug":"japonya-protestolara-ragmen-balina-avciligina-devam-edecek","status":"publish","type":"post","link":"http:\/\/www.tvturk.com\/index.php\/japonya-protestolara-ragmen-balina-avciligina-devam-edecek\/","title":{"rendered":"Japonya protestolara ra\u011fmen balina avc\u0131l\u0131\u011f\u0131na devam edecek"},"content":{"rendered":"<p>Japonya, Uluslararas\u0131 Balina Kurulundan (IWC) ayr\u0131ld\u0131ktan sonra protestolara ra\u011fmen bu hafta ticari balina avc\u0131l\u0131\u011f\u0131na devam etmeye haz\u0131rlan\u0131yor.<\/p>\n<p>Japonya, Uluslararas\u0131 Balina Kurulundan (IWC) ayr\u0131ld\u0131ktan sonra bu hafta ticari balina avc\u0131l\u0131\u011f\u0131na devam etmeye haz\u0131rlan\u0131yor. Japon yetkililer, ge\u00e7ti\u011fimiz Aral\u0131k ay\u0131nda ayr\u0131lma karar\u0131 ald\u0131\u011f\u0131nda, art\u0131k IWC kurallar\u0131na g\u00f6re ticari olarak balina avlaman\u0131n m\u00fcmk\u00fcn olmad\u0131\u011f\u0131n\u0131 a\u00e7\u0131klad\u0131. Japonya, avlanmay\u0131 yaln\u0131zca karasular\u0131nda ve m\u00fcnhas\u0131r ekonomik b\u00f6lgelerde y\u00fcr\u00fctece\u011fini kaydetti.<\/p>\n<p>\u0130ngiltere merkezli hayvan koruma gruplar\u0131, Londra\u2019da bir protesto d\u00fczenlendi. Pankartlar ta\u015f\u0131yan protestocular, balinalar\u0131n korunmas\u0131 gerekti\u011fini hayk\u0131rarak Japon B\u00fcy\u00fckel\u00e7ili\u011fine do\u011fru y\u00fcr\u00fcd\u00fc.<\/p>\n<p>IWC, azalan balina n\u00fcfusu nedeniyle 1980\u2019lerde ticari bir moratoryum uygulad\u0131. Japonya da yak\u0131n zaman \u00f6nce ara\u015ft\u0131rma ama\u00e7l\u0131 avc\u0131l\u0131k yapt\u0131\u011f\u0131n\u0131 ve balina n\u00fcfuslar\u0131n\u0131n yeterince artt\u0131\u011f\u0131n\u0131 a\u00e7\u0131klayarak, balina av\u0131na devam edeceklerini a\u00e7\u0131klad\u0131.<\/p>\n<p>Ancak, ara\u015ft\u0131rma ama\u00e7l\u0131 avc\u0131l\u0131\u011f\u0131n bir k\u0131l\u0131f oldu\u011funu iddia eden ele\u015ftirmenler, balina etlerinin \u00e7oktan restoranlara sat\u0131ld\u0131\u011f\u0131n\u0131 s\u00f6yl\u00fcyor.<\/p>\n<p>Balina eti pazarlayanlar, protein bak\u0131m\u0131ndan y\u00fcksek ve kalorisi d\u00fc\u015f\u00fck sa\u011fl\u0131kl\u0131 bir besin oldu\u011funu iddia ediyor.<\/p>\n","protected":false},"excerpt":{"rendered":"<p>JAPONLAR BAL\u0130NA ET\u0130NDEN YAPILMI\u015e YEMEKLER\u0130N TADINI \u00c7IKARIYOR<\/p>\n","protected":false},"author":1,"featured_media":0,"comment_status":"closed","ping_status":"open","sticky":false,"template":"","format":"standard","meta":{"jetpack_post_was_ever_published":false,"_jetpack_newsletter_access":"","_jetpack_dont_email_post_to_subs":false,"_jetpack_newsletter_tier_id":0,"_jetpack_memberships_contains_paywalled_content":false,"_jetpack_memberships_contains_paid_content":false,"footnotes":"","jetpack_publicize_message":"","jetpack_publicize_feature_enabled":true,"jetpack_social_post_already_shared":true,"jetpack_social_options":{"image_generator_settings":{"template":"highway","default_image_id":0,"font":"","enabled":false},"version":2}},"categories":[10],"tags":[42927,13612,522,4253,665,42926,18330],"class_list":["post-175999","post","type-post","status-publish","format-standard","hentry","category-dunya","tag-avciligina","tag-balina","tag-devam","tag-edecek","tag-japonya","tag-protestolara","tag-ragmen"],"jetpack_publicize_connections":[],"jetpack_featured_media_url":"","jetpack_sharing_enabled":true,"jetpack_shortlink":"https:\/\/wp.me\/paKIfm-JMH","_links":{"self":[{"href":"http:\/\/www.tvturk.com\/index.php\/wp-json\/wp\/v2\/posts\/175999","targetHints":{"allow":["GET"]}}],"collection":[{"href":"http:\/\/www.tvturk.com\/index.php\/wp-json\/wp\/v2\/posts"}],"about":[{"href":"http:\/\/www.tvturk.com\/index.php\/wp-json\/wp\/v2\/types\/post"}],"author":[{"embeddable":true,"href":"http:\/\/www.tvturk.com\/index.php\/wp-json\/wp\/v2\/users\/1"}],"replies":[{"embeddable":true,"href":"http:\/\/www.tvturk.com\/index.php\/wp-json\/wp\/v2\/comments?post=175999"}],"version-history":[{"count":0,"href":"http:\/\/www.tvturk.com\/index.php\/wp-json\/wp\/v2\/posts\/175999\/revisions"}],"wp:attachment":[{"href":"http:\/\/www.tvturk.com\/index.php\/wp-json\/wp\/v2\/media?parent=175999"}],"wp:term":[{"taxonomy":"category","embeddable":true,"href":"http:\/\/www.tvturk.com\/index.php\/wp-json\/wp\/v2\/categories?post=175999"},{"taxonomy":"post_tag","embeddable":true,"href":"http:\/\/www.tvturk.com\/index.php\/wp-json\/wp\/v2\/tags?post=175999"}],"curies":[{"name":"wp","href":"https:\/\/api.w.org\/{rel}","templated":true}]}}