{"id":176003,"date":"2019-06-30T18:31:44","date_gmt":"2019-06-30T15:31:44","guid":{"rendered":"http:\/\/www.tvturk.com\/index.php\/hakkari-sehidi-son-yolculuguna-ugurlandi\/"},"modified":"2019-06-30T18:31:44","modified_gmt":"2019-06-30T15:31:44","slug":"hakkari-sehidi-son-yolculuguna-ugurlandi","status":"publish","type":"post","link":"http:\/\/www.tvturk.com\/index.php\/hakkari-sehidi-son-yolculuguna-ugurlandi\/","title":{"rendered":"Hakkari \u015fehidi son yolculu\u011funa u\u011furland\u0131"},"content":{"rendered":"<p>Hakkari\u2019nin Do\u011fanl\u0131 mezras\u0131nda b\u00f6l\u00fcc\u00fc ter\u00f6r \u00f6rg\u00fct\u00fcyle \u00e7\u0131kan \u00e7at\u0131\u015fmada yaralanan ve t\u00fcm m\u00fcdahalelere ra\u011fmen kurtar\u0131lamayarak \u015fehit olan Jandarma Te\u011fmen G\u00fcng\u00f6r Dolunay (30), \u0130zmir\u2019de d\u00fczenlenen cenaze t\u00f6reniyle son yolculu\u011funa u\u011furland\u0131.<\/p>\n<p>Hakkari\u2019nin Do\u011fanl\u0131 mezras\u0131nda b\u00f6l\u00fcc\u00fc ter\u00f6r \u00f6rg\u00fct\u00fcyle \u00e7\u0131kan \u00e7at\u0131\u015fmada yaralanan Ispartal\u0131 Jandarma Te\u011fmen G\u00fcng\u00f6r Dolunay (30), kald\u0131r\u0131ld\u0131\u011f\u0131 Hakkari Devlet Hastanesi\u2019nde yap\u0131lan t\u00fcm m\u00fcdahalelere ra\u011fmen kurtar\u0131lamayarak \u015fehit oldu. \u015eehidin cenazesi \u00f6nce baba oca\u011f\u0131na getirilirken, ard\u0131ndan \u015fehit Dolunay i\u00e7in Gaziemir il\u00e7esinde bulunan G\u00fclhane Camii\u2019nde ikindi namaz\u0131n\u0131 m\u00fcteakip cenaze t\u00f6reni d\u00fczenlendi.<\/p>\n<p>10 ay \u00f6nce evlenmi\u015fti<\/p>\n<p>T\u00f6rene; \u015fehidin annesi Zehra, babas\u0131 G\u00fcrkan, \u015fehidin 10 ayl\u0131k e\u015fi Selin ve \u015fehidin karde\u015fi G\u00f6khan Dolunay, Tar\u0131m ve Orman Bakan\u0131 Bekir Pakdemirli, \u0130\u00e7i\u015fleri Bakan Yard\u0131mc\u0131s\u0131 Muhterem \u0130nce, \u0130zmir Valisi Erol Ayy\u0131ld\u0131z, Jandarma Genel Komutanl\u0131\u011f\u0131 Asayi\u015f Ba\u015fkan\u0131 T\u00fcmgeneral Fuat G\u00fcney, Ege Ordusu Komutan\u0131 Abdullah Recep, \u0130zmir \u0130l Emniyet M\u00fcd\u00fcr\u00fc H\u00fcseyin A\u015fk\u0131n, \u0130zmir B\u00fcy\u00fck\u015fehir Belediyesi Ba\u015fkan Vekili Mustafa \u00d6zuslu, AK Parti Genel Ba\u015fkan Yard\u0131mc\u0131s\u0131 ve \u0130zmir Milletvekili Hamza Da\u011f, AK Parti \u0130zmir \u0130l Ba\u015fkan\u0131 Kerem Ali S\u00fcrekli, MHP \u0130zmir \u0130l Ba\u015fkan\u0131 Veysel \u015eahin, askeri erkan ve \u015fehidin yak\u0131nlar\u0131 kat\u0131ld\u0131. \u015eehidin ailesi, tabutun ba\u015f\u0131nda uzun s\u00fcre g\u00f6zya\u015f\u0131 d\u00f6kt\u00fc. \u015eehidin cenazesi Kadifekale \u015eehitli\u011fine defnedilecek.<\/p>\n","protected":false},"excerpt":{"rendered":"<p>\u015eEH\u0130D\u0130N SEL\u0130N DOLUNAY \u0130LE 10 AY \u00d6NCE EVLEND\u0130\u011e\u0130 \u00d6\u011eREN\u0130LD\u0130.<\/p>\n","protected":false},"author":1,"featured_media":0,"comment_status":"closed","ping_status":"open","sticky":false,"template":"","format":"standard","meta":{"jetpack_post_was_ever_published":false,"_jetpack_newsletter_access":"","_jetpack_dont_email_post_to_subs":false,"_jetpack_newsletter_tier_id":0,"_jetpack_memberships_contains_paywalled_content":false,"_jetpack_memberships_contains_paid_content":false,"footnotes":"","jetpack_publicize_message":"","jetpack_publicize_feature_enabled":true,"jetpack_social_post_already_shared":true,"jetpack_social_options":{"image_generator_settings":{"template":"highway","default_image_id":0,"font":"","enabled":false},"version":2}},"categories":[1],"tags":[1674,5327,1240,2516,2515],"class_list":["post-176003","post","type-post","status-publish","format-standard","hentry","category-genel","tag-hakkari","tag-sehidi","tag-son","tag-ugurlandi","tag-yolculuguna"],"jetpack_publicize_connections":[],"jetpack_featured_media_url":"","jetpack_sharing_enabled":true,"jetpack_shortlink":"https:\/\/wp.me\/paKIfm-JML","_links":{"self":[{"href":"http:\/\/www.tvturk.com\/index.php\/wp-json\/wp\/v2\/posts\/176003","targetHints":{"allow":["GET"]}}],"collection":[{"href":"http:\/\/www.tvturk.com\/index.php\/wp-json\/wp\/v2\/posts"}],"about":[{"href":"http:\/\/www.tvturk.com\/index.php\/wp-json\/wp\/v2\/types\/post"}],"author":[{"embeddable":true,"href":"http:\/\/www.tvturk.com\/index.php\/wp-json\/wp\/v2\/users\/1"}],"replies":[{"embeddable":true,"href":"http:\/\/www.tvturk.com\/index.php\/wp-json\/wp\/v2\/comments?post=176003"}],"version-history":[{"count":0,"href":"http:\/\/www.tvturk.com\/index.php\/wp-json\/wp\/v2\/posts\/176003\/revisions"}],"wp:attachment":[{"href":"http:\/\/www.tvturk.com\/index.php\/wp-json\/wp\/v2\/media?parent=176003"}],"wp:term":[{"taxonomy":"category","embeddable":true,"href":"http:\/\/www.tvturk.com\/index.php\/wp-json\/wp\/v2\/categories?post=176003"},{"taxonomy":"post_tag","embeddable":true,"href":"http:\/\/www.tvturk.com\/index.php\/wp-json\/wp\/v2\/tags?post=176003"}],"curies":[{"name":"wp","href":"https:\/\/api.w.org\/{rel}","templated":true}]}}