{"id":176017,"date":"2019-06-30T19:17:00","date_gmt":"2019-06-30T16:17:00","guid":{"rendered":"http:\/\/www.tvturk.com\/index.php\/denizlispor-efsanevi-baskanlarindan-ipek-son-yolculuguna-ugurlandi\/"},"modified":"2019-06-30T19:17:00","modified_gmt":"2019-06-30T16:17:00","slug":"denizlispor-efsanevi-baskanlarindan-ipek-son-yolculuguna-ugurlandi","status":"publish","type":"post","link":"http:\/\/www.tvturk.com\/index.php\/denizlispor-efsanevi-baskanlarindan-ipek-son-yolculuguna-ugurlandi\/","title":{"rendered":"Denizlispor efsanevi ba\u015fkanlar\u0131ndan \u0130pek son yolculu\u011funa u\u011furland\u0131"},"content":{"rendered":"<p>Yukatel Denizlispor\u2019un, tedavi g\u00f6rd\u00fc\u011f\u00fc hastanede kanser hastal\u0131\u011f\u0131na yenik d\u00fc\u015ferek hayat\u0131n\u0131 kaybeden eski kul\u00fcp ba\u015fkanlar\u0131ndan Ali \u0130pek, k\u0131l\u0131nan cenaze namaz\u0131n\u0131n ard\u0131ndan topra\u011fa verildi.<\/p>\n<p>Denizlispor\u2019un efsane ba\u015fkanlar\u0131ndan \u0130pek, ge\u00e7ti\u011fimiz g\u00fcn tedavi g\u00f6rd\u00fc\u011f\u00fc hastanede hayat\u0131n\u0131 kaybetti. Yakla\u015f\u0131k 1 y\u0131ld\u0131r kanser tedavisi g\u00f6ren \u0130pek, hastal\u0131\u011f\u0131na yenik d\u00fc\u015ferek hayata veda etti. \u0130pek\u2019in \u00f6l\u00fcm\u00fc, kentte b\u00fcy\u00fck \u00fcz\u00fcnt\u00fcye neden oldu. Denizlispor\u2019da 1990-1992 ve 2005-2010 d\u00f6nemlerinde ba\u015fkanl\u0131k yapan ve 1997-2004 y\u0131llar\u0131nda Haluk Ulusoy d\u00f6neminde T\u00fcrkiye Futbol Federasyonu Y\u00f6netim Kurulu \u00dcyeli\u011fi g\u00f6revinde bulunan Ali \u0130pek i\u00e7in, Denizlispor Haluk Ulusoy Tesisleri\u2019nde bir t\u00f6ren d\u00fczenlendi.<\/p>\n<p>&#8220;Ali \u0130pek olmasayd\u0131 o eser olmazd\u0131&#8221;<\/p>\n<p>Cenaze t\u00f6renine kat\u0131lan eski TFF Ba\u015fkanlar\u0131ndan Haluk Ulusoy, \u0130pek\u2019in \u00f6l\u00fcm\u00fcnden duydu\u011fu \u00fcz\u00fcnt\u00fcy\u00fc dile getirerek, birlikte Denizlispor tesislerini kurduklar\u0131n\u0131 ve art\u0131k Ali \u0130pek ismi ile de\u011fi\u015ftirilmesini istedi\u011fini ifade etti. Ulusoy, &#8220;Denizlispor\u2019un ve camias\u0131n\u0131n sevenlerinin, ailesinin, bizlerin ba\u015f\u0131 sa\u011f olsun. Ben karde\u015fimi kaybettim. Erken oldu, yak\u0131\u015fmad\u0131 ama takdir-i ilahi, diyecek bir \u015fey yok. S\u00f6z\u00fcn bitti\u011fi yer. Denizlispor\u2019un tesislerini beraber yapt\u0131k. \u00d6nderli\u011fini Ali karde\u015fim yapt\u0131. Her \u015feyiyle ikimizin eseridir o. Ali olmasayd\u0131 o eser olmazd\u0131. Bug\u00fcn \u015fimdi son g\u00f6revlerimden bir tanesini daha yapmak istiyorum. Denizlispor\u2019un ba\u015fkan\u0131na da bunu ilettim. Biraz \u00f6nce s\u00f6yledim. Art\u0131k  Haluk Ulusoy isminin oradan kald\u0131r\u0131l\u0131p Ali \u0130pek isminin orada olmas\u0131n\u0131 istiyorum. Ali \u0130pek\u2019in ismi orada ya\u015famal\u0131, Ali \u0130pek\u2019in ismi Denizli\u2019de y\u0131llar boyu ya\u015famal\u0131 diye d\u00fc\u015f\u00fcn\u00fcyorum&#8221; dedi.<\/p>\n<p>&#8220;Denizlispor\u2019unda en zor g\u00fcnlerinde g\u00f6rev yapt\u0131&#8221;<\/p>\n<p>Cenaze kat\u0131lan bir ba\u015fka isim olan T\u00fcrk futbolunun \u00f6nemli isimlerinden olan R\u0131za \u00c7al\u0131mbay ise \u0130pek\u2019in spor camias\u0131n\u0131n \u00f6nemli ismi oldu\u011funu belirterek, &#8220;Hem insan olarak hem spor camias\u0131nda \u00f6nemli birisiydi. Denizlispor\u2019unda en zor g\u00fcnlerinde g\u00f6rev yapt\u0131. Hepsinde de ba\u015far\u0131l\u0131 \u00e7\u0131kt\u0131. Milli tak\u0131mda da beraber \u00e7al\u0131\u015ft\u0131k ayn\u0131 zamanda orada da \u00e7ok g\u00fczel \u015feyler yapt\u0131. Allah rahmet eylesin bu ger\u00e7ekten \u00e7ok \u00fczd\u00fc&#8221; diye konu\u015ftu.<\/p>\n<p>ipek cenazesi M\u00fcft\u00fc Ahmet Hulusi Efendi Camii\u2019n de ikindi namaz\u0131na m\u00fcteakip k\u0131l\u0131nan cenaze namaz\u0131 sonras\u0131 topra\u011fa verildi. Cenazeye ye\u015fil-siyahl\u0131 kul\u00fcb\u00fcn y\u00f6neticileri, taraftarlar, futbolcular, yak\u0131nlar\u0131 ve sevenleri kat\u0131ld\u0131.<\/p>\n","protected":false},"excerpt":{"rendered":"<p>YUKATEL DEN\u0130ZL\u0130SPOR\u2019UN, TEDAV\u0130 G\u00d6RD\u00dc\u011e\u00dc HASTANEDE KANSER HASTALI\u011eINA YEN\u0130K D\u00dc\u015eEREK HAYATINI KAYBEDEN ESK\u0130 KUL\u00dcP BA\u015eKANLARINDAN AL\u0130 \u0130PEK, KILINAN CENAZE NAMAZININ ARDINDAN TOPRA\u011eA VER\u0130LD\u0130.<\/p>\n","protected":false},"author":1,"featured_media":0,"comment_status":"closed","ping_status":"open","sticky":false,"template":"","format":"standard","meta":{"jetpack_post_was_ever_published":false,"_jetpack_newsletter_access":"","_jetpack_dont_email_post_to_subs":false,"_jetpack_newsletter_tier_id":0,"_jetpack_memberships_contains_paywalled_content":false,"_jetpack_memberships_contains_paid_content":false,"footnotes":"","jetpack_publicize_message":"","jetpack_publicize_feature_enabled":true,"jetpack_social_post_already_shared":true,"jetpack_social_options":{"image_generator_settings":{"template":"highway","default_image_id":0,"font":"","enabled":false},"version":2}},"categories":[657],"tags":[19831,2000,6694,42936,1240,2516,2515],"class_list":["post-176017","post","type-post","status-publish","format-standard","hentry","category-spor","tag-ipek","tag-baskanlarindan","tag-denizlispor","tag-efsanevi","tag-son","tag-ugurlandi","tag-yolculuguna"],"jetpack_publicize_connections":[],"jetpack_featured_media_url":"","jetpack_sharing_enabled":true,"jetpack_shortlink":"https:\/\/wp.me\/paKIfm-JMZ","_links":{"self":[{"href":"http:\/\/www.tvturk.com\/index.php\/wp-json\/wp\/v2\/posts\/176017","targetHints":{"allow":["GET"]}}],"collection":[{"href":"http:\/\/www.tvturk.com\/index.php\/wp-json\/wp\/v2\/posts"}],"about":[{"href":"http:\/\/www.tvturk.com\/index.php\/wp-json\/wp\/v2\/types\/post"}],"author":[{"embeddable":true,"href":"http:\/\/www.tvturk.com\/index.php\/wp-json\/wp\/v2\/users\/1"}],"replies":[{"embeddable":true,"href":"http:\/\/www.tvturk.com\/index.php\/wp-json\/wp\/v2\/comments?post=176017"}],"version-history":[{"count":0,"href":"http:\/\/www.tvturk.com\/index.php\/wp-json\/wp\/v2\/posts\/176017\/revisions"}],"wp:attachment":[{"href":"http:\/\/www.tvturk.com\/index.php\/wp-json\/wp\/v2\/media?parent=176017"}],"wp:term":[{"taxonomy":"category","embeddable":true,"href":"http:\/\/www.tvturk.com\/index.php\/wp-json\/wp\/v2\/categories?post=176017"},{"taxonomy":"post_tag","embeddable":true,"href":"http:\/\/www.tvturk.com\/index.php\/wp-json\/wp\/v2\/tags?post=176017"}],"curies":[{"name":"wp","href":"https:\/\/api.w.org\/{rel}","templated":true}]}}