{"id":176058,"date":"2019-07-01T09:16:12","date_gmt":"2019-07-01T06:16:12","guid":{"rendered":"http:\/\/www.tvturk.com\/index.php\/50-yil-isvecte-calisti-emekli-olunca-koyune-gelip-pizzaci-dukkani-acti\/"},"modified":"2019-07-01T09:16:12","modified_gmt":"2019-07-01T06:16:12","slug":"50-yil-isvecte-calisti-emekli-olunca-koyune-gelip-pizzaci-dukkani-acti","status":"publish","type":"post","link":"http:\/\/www.tvturk.com\/index.php\/50-yil-isvecte-calisti-emekli-olunca-koyune-gelip-pizzaci-dukkani-acti\/","title":{"rendered":"50 y\u0131l \u0130sve\u00e7\u2019te \u00e7al\u0131\u015ft\u0131, emekli olunca k\u00f6y\u00fcne gelip pizzac\u0131 d\u00fckkan\u0131 a\u00e7t\u0131"},"content":{"rendered":"<p>\u0130sve\u00e7\u2019de 50 y\u0131l ya\u015fad\u0131ktan sonra emekli olan 71 ya\u015f\u0131ndaki Mustafa Ayd\u0131n, T\u00fcrkiye d\u00f6nerek memleketi \u00c7orum\u2019un Karg\u0131 il\u00e7esine ba\u011fl\u0131 \u00c7etmi K\u00f6y\u00fc\u2019ne pizzac\u0131 d\u00fckkan\u0131 a\u00e7t\u0131.<\/p>\n<p>22 ya\u015f\u0131ndayken \u00e7al\u0131\u015fmak i\u00e7in \u0130sve\u00e7\u2019e giden Pizzac\u0131 Musti lakapl\u0131 Ayd\u0131n,  215 n\u00fcfusu bulunan k\u00f6yde a\u00e7t\u0131\u011f\u0131 pizzac\u0131 d\u00fckkan\u0131yla g\u00f6renleri \u015fa\u015f\u0131rt\u0131yor. Pizzalar\u0131 tatmak i\u00e7in \u00e7evre illerden k\u00f6ye m\u00fc\u015fteriler gelirken, Pizzac\u0131 Musti\u2019de g\u00f6sterilen ilgiden olduk\u00e7a memnun.<\/p>\n<p>22 ya\u015f\u0131na geldi\u011finde \u00e7al\u0131\u015fmak i\u00e7in \u0130sve\u00e7\u2019e gitti\u011fini dile getiren Mustafa Ayd\u0131n, \u201c\u0130sve\u00e7\u2019de 50 y\u0131l ya\u015fad\u0131m her y\u0131l k\u00f6y\u00fcme tatile geldi\u011fimde pizzac\u0131 olarak d\u00fc\u015f\u00fcnd\u00fc\u011f\u00fcm \u015fuandaki mekan\u0131 yava\u015f yava\u015f yapmaya ba\u015flad\u0131m. Sonra T\u00fcrkiye\u2019me d\u00f6nd\u00fcm. Pizza restoran\u0131m\u0131 a\u00e7t\u0131m. \u00c7ok b\u00fcy\u00fck ra\u011fbet g\u00f6rd\u00fc. Herkes memnun oldu. Pizzay\u0131 \u0130sve\u00e7 usul\u00fc yap\u0131yorum. Baharatlar\u0131m\u0131z \u0130sve\u00e7\u2019ten, peynirler \u0130talya\u2019dan geliyor. Bu y\u00fczdende \u00e7ok tutuldu ve be\u011fenildi. Ormanlar\u0131n aras\u0131nda bu g\u00fczel tabiat\u0131n i\u00e7erisinde m\u00fc\u015fterilerimiz gelip pizzalar\u0131n\u0131 yiyerek memnun bir \u015fekilde buradan ayr\u0131l\u0131yorlar\u2019\u2019 dedi.<\/p>\n<p>\u0130sve\u00e7\u2019te uzun y\u0131llar pizza ustas\u0131 olarak \u00e7al\u0131\u015ft\u0131\u011f\u0131n\u0131 belirten Mustafa Ayd\u0131n, \u2018\u2019\u0130sve\u00e7\u2019e ilk gitti\u011fimde 16 y\u0131l tekstil sekt\u00f6r\u00fcnde \u00e7al\u0131\u015ft\u0131m. Sonra kendi i\u015fime ba\u015flad\u0131m ve ilk pizza restoran\u0131 a\u00e7t\u0131m. 10 y\u0131l ailemle birlikte bu i\u015fyerinde \u00e7al\u0131\u015ft\u0131k. \u00c7ok tutuldu ve sevildi. Daha sonra T\u00fcrk restoran\u0131 a\u00e7t\u0131m ve 20 y\u0131l buray\u0131 i\u015flettim. 50 y\u0131ldan sonra T\u00fcrkiye\u2019ye geri d\u00f6nd\u00fcm. \u0130sve\u00e7\u2019de yapt\u0131\u011f\u0131m pizza usul\u00fcn\u00fcn ayn\u0131s\u0131n\u0131 k\u00f6y\u00fcmde yap\u0131yorum. K\u00f6y\u00fcme de bu sayede katk\u0131m oluyor\u201d \u015feklinde konu\u015ftu.<\/p>\n<p>M\u00fc\u015fterilerin ilgisinden de olduk\u00e7a memnun oldu\u011funu belirten Ayd\u0131n, \u2018\u2019M\u00fc\u015fterilerimiz sa\u011folsunlar buraya ak\u0131n ediyorlar. \u015euanda en \u00e7ok m\u00fc\u015fterimiz Karg\u0131\u2019dan ve Boyabat\u2019tan geliyor. Ramazan bayram\u0131nda \u00e7ok g\u00fczel i\u015f oldu talebe yeti\u015femedik. Bu nedenle kurban bayram\u0131nda daha \u00e7ok i\u015f olaca\u011f\u0131n\u0131 d\u00fc\u015f\u00fcn\u00fcyoruz. Nas\u0131l yeti\u015fece\u011fimizi d\u00fc\u015f\u00fcn\u00fcyoruz ve plan yap\u0131yoruz\u2019\u2019 ifadelerini kulland\u0131.<\/p>\n<p>Daha b\u00fcy\u00fck bir \u015fehirde veya il\u00e7ede pizzac\u0131 a\u00e7abilece\u011fini ama k\u00f6y\u00fcn\u00fc tercih etti\u011fini belirten Mustafa Ayd\u0131n, \u2018\u2019Ben \u0130sve\u00e7\u2019te ve Antalya\u2019da kald\u0131m. Ama en b\u00fcy\u00fck huzuru k\u00f6y\u00fcmde buldum. Bana buras\u0131 daha cazip geldi. Ben inan\u0131yorum 10 y\u0131l, 20 y\u0131l buray\u0131 kesinlikle i\u015fletirim \u00e7\u00fcnk\u00fc \u00e7ok g\u00fczel talep var. K\u00f6y\u00fcme bir katk\u0131m oldu. Ben bu pizzac\u0131y\u0131 Karg\u0131-Sinop Karayolu\u2019na da veya bir \u015fehirde a\u00e7abilirdim ama istemiyorum. En g\u00fczeli k\u00f6y\u00fcm ve en g\u00fczeli buras\u0131\u2019\u2019 diye konu\u015ftu.<\/p>\n<p>Pizza yemek gelen baz\u0131 m\u00fc\u015fteriler de, \u00c7orum\u2019a tatile geldiklerini, Pizzac\u0131 Musti\u2019yi g\u00f6rd\u00fcklerini ve merak ettiklerin belirterek, pizzan\u0131n g\u00fczel ve lezzetli oldu\u011funu s\u00f6ylediler.<\/p>\n","protected":false},"excerpt":{"rendered":"<p>\u0130SVE\u00c7\u2019DE 50 YIL YA\u015eADIKTAN SONRA EMEKL\u0130 OLAN 71 YA\u015eINDAK\u0130 MUSTAFA AYDIN, T\u00dcRK\u0130YE D\u00d6NEREK MEMLEKET\u0130 \u00c7ORUM\u2019UN KARGI \u0130L\u00c7ES\u0130NE BA\u011eLI \u00c7ETM\u0130 K\u00d6Y\u00dc\u2019NE P\u0130ZZACI D\u00dcKKANI A\u00c7TI.<\/p>\n","protected":false},"author":1,"featured_media":176059,"comment_status":"closed","ping_status":"open","sticky":false,"template":"","format":"standard","meta":{"jetpack_post_was_ever_published":false,"_jetpack_newsletter_access":"","_jetpack_dont_email_post_to_subs":false,"_jetpack_newsletter_tier_id":0,"_jetpack_memberships_contains_paywalled_content":false,"_jetpack_memberships_contains_paid_content":false,"footnotes":"","jetpack_publicize_message":"","jetpack_publicize_feature_enabled":true,"jetpack_social_post_already_shared":true,"jetpack_social_options":{"image_generator_settings":{"template":"highway","default_image_id":0,"font":"","enabled":false},"version":2}},"categories":[1],"tags":[19906,1494,5060,40486,6907,8611,28984,13652,42944,231],"class_list":["post-176058","post","type-post","status-publish","format-standard","has-post-thumbnail","hentry","category-genel","tag-isvecte","tag-acti","tag-calisti","tag-dukkani","tag-emekli","tag-gelip","tag-koyune","tag-olunca","tag-pizzaci","tag-yil"],"jetpack_publicize_connections":[],"jetpack_featured_media_url":"https:\/\/i0.wp.com\/www.tvturk.com\/wp-content\/uploads\/2019\/07\/50-yil-isvecte-calisti-emekli-olunca-koyune-gelip-pizzaci-dukkani-acti_74998f5.jpg?fit=960%2C720","jetpack_sharing_enabled":true,"jetpack_shortlink":"https:\/\/wp.me\/paKIfm-JNE","_links":{"self":[{"href":"http:\/\/www.tvturk.com\/index.php\/wp-json\/wp\/v2\/posts\/176058","targetHints":{"allow":["GET"]}}],"collection":[{"href":"http:\/\/www.tvturk.com\/index.php\/wp-json\/wp\/v2\/posts"}],"about":[{"href":"http:\/\/www.tvturk.com\/index.php\/wp-json\/wp\/v2\/types\/post"}],"author":[{"embeddable":true,"href":"http:\/\/www.tvturk.com\/index.php\/wp-json\/wp\/v2\/users\/1"}],"replies":[{"embeddable":true,"href":"http:\/\/www.tvturk.com\/index.php\/wp-json\/wp\/v2\/comments?post=176058"}],"version-history":[{"count":0,"href":"http:\/\/www.tvturk.com\/index.php\/wp-json\/wp\/v2\/posts\/176058\/revisions"}],"wp:featuredmedia":[{"embeddable":true,"href":"http:\/\/www.tvturk.com\/index.php\/wp-json\/wp\/v2\/media\/176059"}],"wp:attachment":[{"href":"http:\/\/www.tvturk.com\/index.php\/wp-json\/wp\/v2\/media?parent=176058"}],"wp:term":[{"taxonomy":"category","embeddable":true,"href":"http:\/\/www.tvturk.com\/index.php\/wp-json\/wp\/v2\/categories?post=176058"},{"taxonomy":"post_tag","embeddable":true,"href":"http:\/\/www.tvturk.com\/index.php\/wp-json\/wp\/v2\/tags?post=176058"}],"curies":[{"name":"wp","href":"https:\/\/api.w.org\/{rel}","templated":true}]}}