{"id":176064,"date":"2019-07-01T09:16:34","date_gmt":"2019-07-01T06:16:34","guid":{"rendered":"http:\/\/www.tvturk.com\/index.php\/havacilik-ogrencilerden-turk-hava-yollari-icin-proje-onerileri\/"},"modified":"2019-07-01T09:16:34","modified_gmt":"2019-07-01T06:16:34","slug":"havacilik-ogrencilerden-turk-hava-yollari-icin-proje-onerileri","status":"publish","type":"post","link":"http:\/\/www.tvturk.com\/index.php\/havacilik-ogrencilerden-turk-hava-yollari-icin-proje-onerileri\/","title":{"rendered":"Havac\u0131l\u0131k \u00f6\u011frencilerden T\u00fcrk Hava Yollar\u0131 i\u00e7in proje \u00f6nerileri"},"content":{"rendered":"<p>\u0130stanbul Esenyurt \u00dcniversitesi Sivil Hava Ula\u015ft\u0131rma \u0130\u015fletmecili\u011fi ve Sivil Havac\u0131l\u0131k Kabin Hizmetleri program\u0131nda \u00f6\u011frenim g\u00f6ren toplam 21 \u00f6\u011frenci, T\u00fcrk Hava Yollar\u0131 (THY) i\u00e7in \u201c\u00e7evrenin korunmas\u0131\u201d, \u201cteknoloji\u201d, \u201cm\u00fc\u015fteri deneyimi\u201d ve \u201csosyal sorumluluk\u201d konular\u0131nda tasarlad\u0131klar\u0131 5 farkl\u0131 \u00f6zg\u00fcn projeyi THY Kurumsal \u0130novasyon ve Projeler Ba\u015fkanl\u0131\u011f\u0131\u2019nda sundu.<\/p>\n<p>Projeler vas\u0131tas\u0131yla inovatif \u00fcr\u00fcn ve hizmetlerin geli\u015ftirilmesi hedeflenirken; \u00f6\u011frenciler taraf\u0131ndan yap\u0131lan proje sunumlar\u0131, T\u00fcrk Hava Yollar\u0131 yetkilileri taraf\u0131ndan b\u00fcy\u00fck takdirle kar\u015f\u0131land\u0131 ve s\u00fcrecin THY Kurumsal \u0130novasyon ve Projeler Ba\u015fkanl\u0131\u011f\u0131 ile koordineli \u015fekilde y\u00fcr\u00fct\u00fclmesine karar verildi.<\/p>\n<p>Konuya ili\u015fkin a\u00e7\u0131klamalarda bulunan \u00dcniversitenin Genel Sekreteri Dr. \u00d6\u011fr. \u00dcyesi Erdal Dursun, \u201cT\u00fcrk Hava Yollar\u0131\u2019n\u0131n alan\u0131nda uzman temsilcilerinin \u00fcniversitemizde sa\u011flam\u0131\u015f olduklar\u0131 b\u00fcy\u00fck emek ve gayretlerin neticesinde 8 ayd\u0131r yenilik\u00e7i projeler \u00f6zelinde \u00e7al\u0131\u015fmalar yapan havac\u0131l\u0131k \u00f6\u011frencilerimiz, art\u0131k tasar\u0131m \u00f6nerilerini bizzat T\u00fcrk Hava Yollar\u0131\u2019nda sunabilme imk\u00e2n\u0131n\u0131 yakalam\u0131\u015flard\u0131r. B\u00f6ylelikle \u00fcniversite olarak havac\u0131l\u0131k alan\u0131nda \u00dcniversite-Sanayi i\u015fbirli\u011finin g\u00fczel uygulama \u00f6rneklerini ger\u00e7ekle\u015ftirir hale geldik\u201d \u015feklinde konu\u015ftu.<\/p>\n","protected":false},"excerpt":{"rendered":"<p>\u0130STANBUL ESENYURT \u00dcN\u0130VERS\u0130TES\u0130 S\u0130V\u0130L HAVA ULA\u015eTIRMA \u0130\u015eLETMEC\u0130L\u0130\u011e\u0130 VE S\u0130V\u0130L HAVACILIK KAB\u0130N H\u0130ZMETLER\u0130 PROGRAMINDA \u00d6\u011eREN\u0130M G\u00d6REN TOPLAM 21 \u00d6\u011eRENC\u0130, T\u00dcRK HAVA YOLLARI (THY) \u0130\u00c7\u0130N \u201c\u00c7EVREN\u0130N KORUNMASI\u201d, \u201cTEKNOLOJ\u0130\u201d, \u201cM\u00dc\u015eTER\u0130 DENEY\u0130M\u0130\u201d VE \u201cSOSYAL SORUMLULUK\u201d KONULARINDA TASARLADIKLARI 5 FARKLI \u00d6ZG\u00dcN PROJEY\u0130 THY KURUMSAL \u0130NOVASYON VE PROJELER BA\u015eKANLI\u011eI\u2019NDA SUNDULAR.<\/p>\n","protected":false},"author":1,"featured_media":176065,"comment_status":"closed","ping_status":"open","sticky":false,"template":"","format":"standard","meta":{"jetpack_post_was_ever_published":false,"_jetpack_newsletter_access":"","_jetpack_dont_email_post_to_subs":false,"_jetpack_newsletter_tier_id":0,"_jetpack_memberships_contains_paywalled_content":false,"_jetpack_memberships_contains_paid_content":false,"footnotes":"","jetpack_publicize_message":"","jetpack_publicize_feature_enabled":true,"jetpack_social_post_already_shared":true,"jetpack_social_options":{"image_generator_settings":{"template":"highway","default_image_id":0,"font":"","enabled":false},"version":2}},"categories":[1],"tags":[257,3079,44,3174,4806,1456,957,5024],"class_list":["post-176064","post","type-post","status-publish","format-standard","has-post-thumbnail","hentry","category-genel","tag-hava","tag-havacilik","tag-icin","tag-ogrencilerden","tag-onerileri","tag-proje","tag-turk","tag-yollari"],"jetpack_publicize_connections":[],"jetpack_featured_media_url":"https:\/\/i0.wp.com\/www.tvturk.com\/wp-content\/uploads\/2019\/07\/havacilik-ogrencilerden-turk-hava-yollari-icin-proje-onerileri_8fc4880.jpg?fit=1000%2C750","jetpack_sharing_enabled":true,"jetpack_shortlink":"https:\/\/wp.me\/paKIfm-JNK","_links":{"self":[{"href":"http:\/\/www.tvturk.com\/index.php\/wp-json\/wp\/v2\/posts\/176064","targetHints":{"allow":["GET"]}}],"collection":[{"href":"http:\/\/www.tvturk.com\/index.php\/wp-json\/wp\/v2\/posts"}],"about":[{"href":"http:\/\/www.tvturk.com\/index.php\/wp-json\/wp\/v2\/types\/post"}],"author":[{"embeddable":true,"href":"http:\/\/www.tvturk.com\/index.php\/wp-json\/wp\/v2\/users\/1"}],"replies":[{"embeddable":true,"href":"http:\/\/www.tvturk.com\/index.php\/wp-json\/wp\/v2\/comments?post=176064"}],"version-history":[{"count":0,"href":"http:\/\/www.tvturk.com\/index.php\/wp-json\/wp\/v2\/posts\/176064\/revisions"}],"wp:featuredmedia":[{"embeddable":true,"href":"http:\/\/www.tvturk.com\/index.php\/wp-json\/wp\/v2\/media\/176065"}],"wp:attachment":[{"href":"http:\/\/www.tvturk.com\/index.php\/wp-json\/wp\/v2\/media?parent=176064"}],"wp:term":[{"taxonomy":"category","embeddable":true,"href":"http:\/\/www.tvturk.com\/index.php\/wp-json\/wp\/v2\/categories?post=176064"},{"taxonomy":"post_tag","embeddable":true,"href":"http:\/\/www.tvturk.com\/index.php\/wp-json\/wp\/v2\/tags?post=176064"}],"curies":[{"name":"wp","href":"https:\/\/api.w.org\/{rel}","templated":true}]}}