{"id":176088,"date":"2019-07-01T10:01:22","date_gmt":"2019-07-01T07:01:22","guid":{"rendered":"http:\/\/www.tvturk.com\/index.php\/kktcde-patlama-sonrasi-olay-yeri-havadan-goruntulendi\/"},"modified":"2019-07-01T10:01:22","modified_gmt":"2019-07-01T07:01:22","slug":"kktcde-patlama-sonrasi-olay-yeri-havadan-goruntulendi","status":"publish","type":"post","link":"http:\/\/www.tvturk.com\/index.php\/kktcde-patlama-sonrasi-olay-yeri-havadan-goruntulendi\/","title":{"rendered":"KKTC\u2019de patlama sonras\u0131 olay yeri havadan g\u00f6r\u00fcnt\u00fclendi"},"content":{"rendered":"<p>Kuzey K\u0131br\u0131s T\u00fcrk Cumhuriyeti\u2019nin Ta\u015fkent k\u00f6y\u00fcnde bir cismin d\u00fc\u015fmesi sonucu patlaman\u0131n meydana geldi\u011fi olay yeri, havadan g\u00f6r\u00fcnt\u00fclendi.<\/p>\n<p>KKTC\u2019de ba\u015fkent Lefko\u015fa ve Girne aras\u0131ndaki Ta\u015fkent k\u00f6y\u00fcne 200 metre uzakl\u0131kta 00.30\u2019da bir cismin d\u00fc\u015fmesi sonras\u0131 patlama meydana geldi. \u015eiddetli patlaman\u0131n ard\u0131ndan \u00e7\u0131kan yang\u0131n k\u0131sa s\u00fcrede s\u00f6nd\u00fcr\u00fcld\u00fc. Patlaman\u0131n meydana geldi\u011fi b\u00f6lge polis taraf\u0131ndan g\u00fcvenlik kordonuna al\u0131nd\u0131. Olay yeri havadan g\u00f6r\u00fcnt\u00fclendi. Askeri birimler b\u00f6lgede g\u00fcvenlik alan\u0131n\u0131 geni\u015fleterek arazideki par\u00e7alar\u0131 arama \u00e7al\u0131\u015fmalar\u0131n\u0131 s\u00fcrd\u00fcr\u00fcrken, patlayan bir cismin par\u00e7as\u0131n\u0131n da Dikmen k\u00f6y\u00fc b\u00f6lgesine d\u00fc\u015ft\u00fc\u011f\u00fc tespit edildi.<\/p>\n<p>KKTC Ba\u015fbakan Yard\u0131mc\u0131s\u0131 ve D\u0131\u015fi\u015fleri Bakan\u0131 Kudret \u00d6zersay patlamayla ilgili yapt\u0131\u011f\u0131 a\u00e7\u0131klamada, &#8220;\u0130lk bulgular patlamaya neden olan cismin niteli\u011finin ya patlay\u0131c\u0131 ta\u015f\u0131yan bir hava arac\u0131 ya da do\u011frudan do\u011fruya bir patlay\u0131c\u0131 (f\u00fcze) oldu\u011funa i\u015faret etmektedir. Par\u00e7alar \u00fczerindeki yaz\u0131lar ve di\u011fer emareler k\u0131sa s\u00fcre sonra tam olarak ne oldu\u011funu anlamam\u0131za yard\u0131mc\u0131 olacak niteliktedir&#8221; dedi.<\/p>\n<p>KKTC Ba\u015fbakan\u0131 Ersin Tatar\u2019dan da olayla ilgili a\u00e7\u0131klama geldi. Tatar, \u201cTa\u015fkent k\u00f6y\u00fcm\u00fcz ve \u00fclkemiz d\u00fcn gece havada patlayan ve f\u00fcze oldu\u011fu \u00fczerinde durulan bir cismin d\u00fc\u015fmesi ve yang\u0131n \u00e7\u0131kmas\u0131 dolay\u0131s\u0131yla ciddi bir tehlike atlatm\u0131\u015ft\u0131r. G\u00fcvenlik g\u00fc\u00e7lerimiz ve Anavatan T\u00fcrkiye olay \u00fczerindeki incelemelerini s\u00fcrd\u00fcrmektedir.  Patlamalar ve yang\u0131n\u0131n herhangi bir can kayb\u0131na neden olmamas\u0131 bizleri memnun etmi\u015ftir. \u0130lk f\u0131rsatta gereken daha detayl\u0131 a\u00e7\u0131klaman\u0131n yap\u0131laca\u011f\u0131n\u0131 belirtir halk\u0131m\u0131za ve \u00f6zellikte Ta\u015fkent k\u00f6y\u00fcm\u00fcze ge\u00e7mi\u015f olsun dileklerimi iletirim\u201d a\u00e7\u0131klamas\u0131n\u0131 yapt\u0131.<\/p>\n","protected":false},"excerpt":{"rendered":"<p>KUZEY KIBRIS T\u00dcRK CUMHUR\u0130YET\u0130&#8217;N\u0130N TA\u015eKENT K\u00d6Y\u00dcNDE B\u0130R C\u0130SM\u0130N D\u00dc\u015eMES\u0130 SONUCU PATLAMANIN MEYDANA GELD\u0130\u011e\u0130 OLAY YER\u0130, HAVADAN G\u00d6R\u00dcNT\u00dcLEND\u0130.<\/p>\n","protected":false},"author":1,"featured_media":176089,"comment_status":"closed","ping_status":"open","sticky":false,"template":"","format":"standard","meta":{"jetpack_post_was_ever_published":false,"_jetpack_newsletter_access":"","_jetpack_dont_email_post_to_subs":false,"_jetpack_newsletter_tier_id":0,"_jetpack_memberships_contains_paywalled_content":false,"_jetpack_memberships_contains_paid_content":false,"footnotes":"","jetpack_publicize_message":"","jetpack_publicize_feature_enabled":true,"jetpack_social_post_already_shared":true,"jetpack_social_options":{"image_generator_settings":{"template":"highway","default_image_id":0,"font":"","enabled":false},"version":2}},"categories":[10],"tags":[3388,3387,4716,1793,4398,36,488],"class_list":["post-176088","post","type-post","status-publish","format-standard","has-post-thumbnail","hentry","category-dunya","tag-goruntulendi","tag-havadan","tag-kktcde","tag-olay","tag-patlama","tag-sonrasi","tag-yeri"],"jetpack_publicize_connections":[],"jetpack_featured_media_url":"https:\/\/i0.wp.com\/www.tvturk.com\/wp-content\/uploads\/2019\/07\/kktcde-patlama-sonrasi-olay-yeri-havadan-goruntulendi_cc5d906.jpg?fit=1000%2C562","jetpack_sharing_enabled":true,"jetpack_shortlink":"https:\/\/wp.me\/paKIfm-JO8","_links":{"self":[{"href":"http:\/\/www.tvturk.com\/index.php\/wp-json\/wp\/v2\/posts\/176088","targetHints":{"allow":["GET"]}}],"collection":[{"href":"http:\/\/www.tvturk.com\/index.php\/wp-json\/wp\/v2\/posts"}],"about":[{"href":"http:\/\/www.tvturk.com\/index.php\/wp-json\/wp\/v2\/types\/post"}],"author":[{"embeddable":true,"href":"http:\/\/www.tvturk.com\/index.php\/wp-json\/wp\/v2\/users\/1"}],"replies":[{"embeddable":true,"href":"http:\/\/www.tvturk.com\/index.php\/wp-json\/wp\/v2\/comments?post=176088"}],"version-history":[{"count":0,"href":"http:\/\/www.tvturk.com\/index.php\/wp-json\/wp\/v2\/posts\/176088\/revisions"}],"wp:featuredmedia":[{"embeddable":true,"href":"http:\/\/www.tvturk.com\/index.php\/wp-json\/wp\/v2\/media\/176089"}],"wp:attachment":[{"href":"http:\/\/www.tvturk.com\/index.php\/wp-json\/wp\/v2\/media?parent=176088"}],"wp:term":[{"taxonomy":"category","embeddable":true,"href":"http:\/\/www.tvturk.com\/index.php\/wp-json\/wp\/v2\/categories?post=176088"},{"taxonomy":"post_tag","embeddable":true,"href":"http:\/\/www.tvturk.com\/index.php\/wp-json\/wp\/v2\/tags?post=176088"}],"curies":[{"name":"wp","href":"https:\/\/api.w.org\/{rel}","templated":true}]}}