{"id":176100,"date":"2019-07-01T10:16:07","date_gmt":"2019-07-01T07:16:07","guid":{"rendered":"http:\/\/www.tvturk.com\/index.php\/cumhurbaskani-erdogan-japonya-temsilciler-meclisi-baskani-tadamoriyi-kabul-etti\/"},"modified":"2019-07-01T10:16:07","modified_gmt":"2019-07-01T07:16:07","slug":"cumhurbaskani-erdogan-japonya-temsilciler-meclisi-baskani-tadamoriyi-kabul-etti","status":"publish","type":"post","link":"http:\/\/www.tvturk.com\/index.php\/cumhurbaskani-erdogan-japonya-temsilciler-meclisi-baskani-tadamoriyi-kabul-etti\/","title":{"rendered":"Cumhurba\u015fkan\u0131 Erdo\u011fan, Japonya Temsilciler Meclisi Ba\u015fkan\u0131 Tadamori\u2019yi kabul etti"},"content":{"rendered":"<p>Cumhurba\u015fkan\u0131 Recep Tayyip Erdo\u011fan, Japonya Temsilciler Meclisi Ba\u015fkan\u0131 O\u015fima Tadamori ile bir araya geldi.<\/p>\n<p>Cumhurba\u015fkan\u0131 Recep Tayyip Erdo\u011fan, Japonya\u2019n\u0131n ba\u015fkenti Tokyo\u2019da Temsilciler Meclisi Ba\u015fkan\u0131 O\u015fima Tadamori ile Temsilciler Meclisinde ikili g\u00f6r\u00fc\u015fme ger\u00e7ekle\u015ftirdi.<\/p>\n<p>Cumhurba\u015fkan\u0131 Erdo\u011fan, Liberal Demokrat Parti Genel Sekreteri ve Japonya-T\u00fcrkiye Parlamentolar Aras\u0131 Dostluk Grubu Ba\u015fkan\u0131 To\u015fihiro Nikai\u2019nin Palace Hotel\u2019de verdi\u011fi \u00f6\u011fle yeme\u011fine de i\u015ftirak etti. Yemekte Cumhurba\u015fkan\u0131 Erdo\u011fan\u2019a, D\u0131\u015fi\u015fleri Bakan\u0131 Mevl\u00fct \u00c7avu\u015fo\u011flu, Hazine ve Maliye Bakan\u0131 Berat Albayrak, K\u00fclt\u00fcr ve Turizm Bakan\u0131 Mehmet Ersoy ile Ticaret Bakan\u0131 Ruhsar Pekcan e\u015flik etti.<\/p>\n","protected":false},"excerpt":{"rendered":"<p>CUMHURBA\u015eKANI RECEP TAYY\u0130P ERDO\u011eAN, JAPONYA TEMS\u0130LC\u0130LER MECL\u0130S\u0130 BA\u015eKANI O\u015e\u0130MA TADAMOR\u0130 \u0130LE B\u0130R ARAYA GELD\u0130.<\/p>\n","protected":false},"author":1,"featured_media":176101,"comment_status":"closed","ping_status":"open","sticky":false,"template":"","format":"standard","meta":{"jetpack_post_was_ever_published":false,"_jetpack_newsletter_access":"","_jetpack_dont_email_post_to_subs":false,"_jetpack_newsletter_tier_id":0,"_jetpack_memberships_contains_paywalled_content":false,"_jetpack_memberships_contains_paid_content":false,"footnotes":"","jetpack_publicize_message":"","jetpack_publicize_feature_enabled":true,"jetpack_social_post_already_shared":true,"jetpack_social_options":{"image_generator_settings":{"template":"highway","default_image_id":0,"font":"","enabled":false},"version":2}},"categories":[10],"tags":[216,503,649,207,665,654,290,42963,23693],"class_list":["post-176100","post","type-post","status-publish","format-standard","has-post-thumbnail","hentry","category-dunya","tag-baskani","tag-cumhurbaskani","tag-erdogan","tag-etti","tag-japonya","tag-kabul","tag-meclisi","tag-tadamoriyi","tag-temsilciler"],"jetpack_publicize_connections":[],"jetpack_featured_media_url":"https:\/\/i0.wp.com\/www.tvturk.com\/wp-content\/uploads\/2019\/07\/cumhurbaskani-erdogan-japonya-temsilciler-meclisi-baskani-tadamoriyi-kabul-etti_2338b2b.jpg?fit=1000%2C740","jetpack_sharing_enabled":true,"jetpack_shortlink":"https:\/\/wp.me\/paKIfm-JOk","_links":{"self":[{"href":"http:\/\/www.tvturk.com\/index.php\/wp-json\/wp\/v2\/posts\/176100","targetHints":{"allow":["GET"]}}],"collection":[{"href":"http:\/\/www.tvturk.com\/index.php\/wp-json\/wp\/v2\/posts"}],"about":[{"href":"http:\/\/www.tvturk.com\/index.php\/wp-json\/wp\/v2\/types\/post"}],"author":[{"embeddable":true,"href":"http:\/\/www.tvturk.com\/index.php\/wp-json\/wp\/v2\/users\/1"}],"replies":[{"embeddable":true,"href":"http:\/\/www.tvturk.com\/index.php\/wp-json\/wp\/v2\/comments?post=176100"}],"version-history":[{"count":0,"href":"http:\/\/www.tvturk.com\/index.php\/wp-json\/wp\/v2\/posts\/176100\/revisions"}],"wp:featuredmedia":[{"embeddable":true,"href":"http:\/\/www.tvturk.com\/index.php\/wp-json\/wp\/v2\/media\/176101"}],"wp:attachment":[{"href":"http:\/\/www.tvturk.com\/index.php\/wp-json\/wp\/v2\/media?parent=176100"}],"wp:term":[{"taxonomy":"category","embeddable":true,"href":"http:\/\/www.tvturk.com\/index.php\/wp-json\/wp\/v2\/categories?post=176100"},{"taxonomy":"post_tag","embeddable":true,"href":"http:\/\/www.tvturk.com\/index.php\/wp-json\/wp\/v2\/tags?post=176100"}],"curies":[{"name":"wp","href":"https:\/\/api.w.org\/{rel}","templated":true}]}}