{"id":176106,"date":"2019-07-01T10:16:28","date_gmt":"2019-07-01T07:16:28","guid":{"rendered":"http:\/\/www.tvturk.com\/index.php\/ozel-kraliyet-ailesi-bursali-genc-girisimciyi-tercih-etti\/"},"modified":"2019-07-01T10:16:28","modified_gmt":"2019-07-01T07:16:28","slug":"ozel-kraliyet-ailesi-bursali-genc-girisimciyi-tercih-etti","status":"publish","type":"post","link":"http:\/\/www.tvturk.com\/index.php\/ozel-kraliyet-ailesi-bursali-genc-girisimciyi-tercih-etti\/","title":{"rendered":"(\u00d6zel) Kraliyet Ailesi Bursal\u0131 gen\u00e7 giri\u015fimciyi tercih etti"},"content":{"rendered":"<p>Suudi Arabistan Kraliyet ailesi ve Suudi Prensi Muhammed bin Salman\u2019a ba\u011fl\u0131 d\u00fcnyaca \u00fcnl\u00fc \u015firketlerin kurumsal i\u015flerini Bursal\u0131 gen\u00e7 giri\u015fimci yap\u0131yor.<\/p>\n<p>Suudi Arabistan, Arap \u00dclkeleri, Hollanda, \u0130svi\u00e7re, Fransa gibi \u00fclkelerin d\u00fcnyaca \u00fcnl\u00fc \u015firketleri ile Hava yolu \u015firketleri Bursal\u0131 gen\u00e7 giri\u015fimcinin pe\u015finde.<\/p>\n<p>Bursa\u2019n\u0131n Yeni\u015fehir il\u00e7esinde kurdu\u011fu \u015firket ile bir anda Arap \u00fclkeleri ve Avrupa \u00fclkelerinde bulunan \u00f6nemli \u015firketlerin i\u015flerini yapan gen\u00e7 giri\u015fimci T\u00fcrkiye\u2019nin ad\u0131n\u0131 duyurmaya devam ediyor.<\/p>\n<p>Ajans \u015eirket Y\u00f6netim Kurulu Ba\u015fkan\u0131 Fatih Alku\u015f, Suudi Arabistan\u2019da \u00f6nemli anla\u015fmalara imza att\u0131klar\u0131n\u0131 belirterek, &#8220;Suudi Arabistan\u2019daki Kraliyet b\u00fcnyesindeki \u00f6nemli firmalarla birlikte anla\u015fma sa\u011flayarak, \u015firketlerin kurumsal yap\u0131lanmas\u0131nda \u00f6nemli noktalardaki a\u00e7\u0131klar\u0131n\u0131 Bursa\u2019da kurmu\u015f oldu\u011fumuz ajans\u0131m\u0131z ile birlikte Arabistan\u2019daki firmalara hizmet etmekteyiz. Kurumsal yap\u0131lanmalar\u0131ndaki tasar\u0131mlar\u0131nda ve bask\u0131 i\u015flerine kadar t\u00fcm hizmetleri firmalara sa\u011flamaktay\u0131z. Son teknoloji \u00fcr\u00fcnlerle halk\u0131m\u0131za, di\u011fer \u00fclkelere ve t\u00fcm M\u00fcsl\u00fcman \u00fclkelere hizmet etmeye \u00e7al\u0131\u015f\u0131yoruz\u201d diye konu\u015ftu.<\/p>\n<p>Alku\u015f, \u201cSuudi Arabistan\u2019\u0131n d\u0131\u015f\u0131nda \u00fclkemizin ba\u011flant\u0131l\u0131 oldu\u011fu Avrupa \u00fclkelerinde, Hollanda, Fransa gibi \u00fclkelerde kurumsal anlamda katalog ve benzeri \u00e7al\u0131\u015fmalar\u0131 y\u00fcr\u00fctmekteyiz. Ayr\u0131ca Suudi Arabistan\u2019\u0131n \u00f6nemli hava yolu \u015firketlerinin promosyon \u00fcr\u00fcnlerinin bas\u0131m\u0131nda anla\u015fmaya varmak \u00fczereyiz\u201d dedi.<\/p>\n","protected":false},"excerpt":{"rendered":"<p>SUUD\u0130 ARAB\u0130STAN KRAL\u0130YET A\u0130LES\u0130 VE SUUD\u0130 PRENS\u0130 MUHAMMED B\u0130N SALMAN\u2019A BA\u011eLI D\u00dcNYACA \u00dcNL\u00dc \u015e\u0130RKETLER\u0130N KURUMSAL \u0130\u015eLER\u0130N\u0130 BURSALI GEN\u00c7 G\u0130R\u0130\u015e\u0130MC\u0130 YAPIYOR.<\/p>\n","protected":false},"author":1,"featured_media":176107,"comment_status":"closed","ping_status":"open","sticky":false,"template":"","format":"standard","meta":{"jetpack_post_was_ever_published":false,"_jetpack_newsletter_access":"","_jetpack_dont_email_post_to_subs":false,"_jetpack_newsletter_tier_id":0,"_jetpack_memberships_contains_paywalled_content":false,"_jetpack_memberships_contains_paid_content":false,"footnotes":"","jetpack_publicize_message":"","jetpack_publicize_feature_enabled":true,"jetpack_social_post_already_shared":true,"jetpack_social_options":{"image_generator_settings":{"template":"highway","default_image_id":0,"font":"","enabled":false},"version":2}},"categories":[19],"tags":[1073,7558,5854,207,803,42966,950,4504],"class_list":["post-176106","post","type-post","status-publish","format-standard","has-post-thumbnail","hentry","category-ekonomi","tag-ozel","tag-ailesi","tag-bursali","tag-etti","tag-genc","tag-girisimciyi","tag-kraliyet","tag-tercih"],"jetpack_publicize_connections":[],"jetpack_featured_media_url":"https:\/\/i0.wp.com\/www.tvturk.com\/wp-content\/uploads\/2019\/07\/ozel-kraliyet-ailesi-bursali-genc-girisimciyi-tercih-etti_7d1d979.jpg?fit=1000%2C750","jetpack_sharing_enabled":true,"jetpack_shortlink":"https:\/\/wp.me\/paKIfm-JOq","_links":{"self":[{"href":"http:\/\/www.tvturk.com\/index.php\/wp-json\/wp\/v2\/posts\/176106","targetHints":{"allow":["GET"]}}],"collection":[{"href":"http:\/\/www.tvturk.com\/index.php\/wp-json\/wp\/v2\/posts"}],"about":[{"href":"http:\/\/www.tvturk.com\/index.php\/wp-json\/wp\/v2\/types\/post"}],"author":[{"embeddable":true,"href":"http:\/\/www.tvturk.com\/index.php\/wp-json\/wp\/v2\/users\/1"}],"replies":[{"embeddable":true,"href":"http:\/\/www.tvturk.com\/index.php\/wp-json\/wp\/v2\/comments?post=176106"}],"version-history":[{"count":0,"href":"http:\/\/www.tvturk.com\/index.php\/wp-json\/wp\/v2\/posts\/176106\/revisions"}],"wp:featuredmedia":[{"embeddable":true,"href":"http:\/\/www.tvturk.com\/index.php\/wp-json\/wp\/v2\/media\/176107"}],"wp:attachment":[{"href":"http:\/\/www.tvturk.com\/index.php\/wp-json\/wp\/v2\/media?parent=176106"}],"wp:term":[{"taxonomy":"category","embeddable":true,"href":"http:\/\/www.tvturk.com\/index.php\/wp-json\/wp\/v2\/categories?post=176106"},{"taxonomy":"post_tag","embeddable":true,"href":"http:\/\/www.tvturk.com\/index.php\/wp-json\/wp\/v2\/tags?post=176106"}],"curies":[{"name":"wp","href":"https:\/\/api.w.org\/{rel}","templated":true}]}}