{"id":176110,"date":"2019-07-01T10:16:37","date_gmt":"2019-07-01T07:16:37","guid":{"rendered":"http:\/\/www.tvturk.com\/index.php\/kalekondular-sasirtiyor\/"},"modified":"2019-07-01T10:16:37","modified_gmt":"2019-07-01T07:16:37","slug":"kalekondular-sasirtiyor","status":"publish","type":"post","link":"http:\/\/www.tvturk.com\/index.php\/kalekondular-sasirtiyor\/","title":{"rendered":"Kalekondular \u015fa\u015f\u0131rt\u0131yor"},"content":{"rendered":"<p>UNESCO\u2019nun D\u00fcnya Miras Ge\u00e7ici Listesi\u2019nde yer alan tarihi Sinop Kalesi\u2019ne y\u0131llar \u00f6nce yap\u0131lan &#8220;kalekondular&#8221; g\u00f6renleri \u015fa\u015f\u0131rt\u0131yor.<\/p>\n<p>Sinop\u2019ta, tarihi kalenin \u00fczerine in\u015fa edilen ve tapular\u0131 bulundu\u011fu i\u00e7in y\u0131k\u0131lamayan deniz manzaral\u0131 kalekondular\u0131n kamula\u015ft\u0131rma bedeli her ge\u00e7en y\u0131l art\u0131yor. Milattan \u00f6nce 7\u2019nci y\u00fczy\u0131lda \u015fehri korumak amac\u0131yla g\u00f6\u00e7menler taraf\u0131ndan in\u015fa edildi\u011fi d\u00fc\u015f\u00fcn\u00fclen, 370 metre uzunlu\u011funda, 30 metre y\u00fcksekli\u011findeki tarihi kalenin surlar\u0131, ge\u00e7mi\u015fin izlerinin yan\u0131 s\u0131ra halk aras\u0131nda &#8220;kalekondu&#8221; olarak bilinen evlerin y\u00fck\u00fcn\u00fc de ta\u015f\u0131yor. Tarihi kalenin surlar\u0131 \u00fczerine in\u015fa edilen ve her birinin tapusu bulunan kalekondular, kamula\u015ft\u0131rma bedelleri \u00f6denemedi\u011fi i\u00e7in y\u0131k\u0131lam\u0131yor.<\/p>\n<p>Konu ile ilgili a\u00e7\u0131klamalarda bulunan Sinop Alan Y\u00f6netimi Dan\u0131\u015fma Kurulu Ba\u015fkan\u0131 Cemalettin Kaya, \u201cSinop\u2019ta bundan \u00f6nce b\u00fct\u00fcn yap\u0131lar o kale duvarlar\u0131n\u0131n bir kenar\u0131n\u0131 yani d\u00f6rt duvar\u0131n bir duvar\u0131n\u0131 kale duvar\u0131na yaslayan bir y\u0131\u011f\u0131n yap\u0131 vard\u0131. Hala var. Devlet binalar\u0131 bile \u00f6yleydi. Devlet bir duvar\u0131 imkans\u0131zl\u0131k nedeniyle insanlar kale duvarlar\u0131n\u0131 her zaman bir mekan olarak kullanm\u0131\u015flard\u0131r. \u0130\u00e7 ve d\u0131\u015fta. Gerek konut olarak gerekse i\u015fletme olarak burada bir y\u0131\u011f\u0131n depolar, i\u015f yerleri, bu liman\u0131n antipolar\u0131 hep kalelerin duvarlar\u0131 yaslanarak yap\u0131lm\u0131\u015ft\u0131r. Bizim \u015fimdiki ad\u0131yla Sebahattin Ali Soka\u011f\u0131\u2019n\u0131n o cephesindeki o yol Sinop antik kanal\u0131d\u0131r. \u0130ki denizi birle\u015ftiren bir antik kanal vard\u0131r. Saat Kulesi\u2019nin \u00f6n\u00fcnde dev gibi bir \u00f6zel idare binas\u0131 vard\u0131. Tam kalenin \u00fczerine yap\u0131lm\u0131\u015f. B\u00fct\u00fcn bunlar varken vatanda\u015flar\u0131n o evlerini ele\u015ftirmeyelim. Onlar ihtiya\u00e7tan, binaen yapm\u0131\u015flar. Ho\u015f ya\u015fad\u0131klar\u0131 yerden de kendileri de pek memnun de\u011fil. Zaman i\u00e7erisinde g\u00fcn\u00fcm\u00fczde de e\u011fer, Sinop\u2019un yeni imar plan\u0131yla bat\u0131ya a\u00e7\u0131l\u0131rsa insanlar mekan se\u00e7erken hayatlar\u0131n\u0131, canlar\u0131n\u0131, sa\u011fl\u0131klar\u0131n\u0131 koruyacak \u015fekilde mekan se\u00e7erler. Bug\u00fcn bu co\u011frafyadaki sa\u011fl\u0131ktan \u00e7ok daha sa\u011fl\u0131kl\u0131 ortamlarda bat\u0131da sunuldu\u011fu zaman ister, istemez buralar bo\u015falacak. Kendili\u011finden d\u00fczelecek. Radikal kararlarla de\u011fil. Sinop kendi kimli\u011fine iyi bir imar plan\u0131yla, bat\u0131ya a\u00e7\u0131lan bir imar plan\u0131yla kendili\u011finden d\u00fczelecek. Kendili\u011finden de\u011fer kazanacak. B\u00fct\u00fcn bu mekanlarda turistik mekan olarak, Sinopumuza hizmet verecek. Katma de\u011fer olu\u015fturacak&#8221; dedi.<\/p>\n<p>Zonguldak\u2019tan Sinop\u2019a gelen Adnan Top\u00e7u ise \u201cAsl\u0131nda bu konutlar\u0131n hi\u00e7 olmamas\u0131 laz\u0131m. Kalelerin orijinalleri hi\u00e7 bozulmamas\u0131 laz\u0131md\u0131. Bir tek burada de\u011fil. Her yerde var. \u0130stanbul\u2019da da var. B\u00fct\u00fcn tarihi eserlere b\u00f6yle dibine kadar girilmi\u015f, i\u015fgal edilmi\u015f. Zaman\u0131nda g\u00f6z yumulmu\u015f ama bundan sonra ne t\u00fcr bir d\u00fczenleme yapabilirler? Yapabilirlerse i\u015fin i\u00e7inden \u00e7\u0131kabilirlerse \u00e7ok iyi olur&#8221; diye konu\u015ftu.<\/p>\n","protected":false},"excerpt":{"rendered":"<p>UNESCO&#8217;NUN D\u00dcNYA M\u0130RAS GE\u00c7\u0130C\u0130 L\u0130STES\u0130NDE YER ALAN TAR\u0130H\u0130 S\u0130NOP KALES\u0130, YILLAR \u00d6NCE \u00dcZER\u0130NE \u0130N\u015eA ED\u0130LEN VE YIKIM \u0130\u00c7\u0130N KAMULA\u015eTIRILMASI GEREKEN &#8220;KALEKONDU&#8221;LARDAN KURTARILMAYI BEKL\u0130YOR.<\/p>\n","protected":false},"author":1,"featured_media":176111,"comment_status":"closed","ping_status":"open","sticky":false,"template":"","format":"standard","meta":{"jetpack_post_was_ever_published":false,"_jetpack_newsletter_access":"","_jetpack_dont_email_post_to_subs":false,"_jetpack_newsletter_tier_id":0,"_jetpack_memberships_contains_paywalled_content":false,"_jetpack_memberships_contains_paid_content":false,"footnotes":"","jetpack_publicize_message":"","jetpack_publicize_feature_enabled":true,"jetpack_social_post_already_shared":true,"jetpack_social_options":{"image_generator_settings":{"template":"highway","default_image_id":0,"font":"","enabled":false},"version":2}},"categories":[1],"tags":[42967,12497],"class_list":["post-176110","post","type-post","status-publish","format-standard","has-post-thumbnail","hentry","category-genel","tag-kalekondular","tag-sasirtiyor"],"jetpack_publicize_connections":[],"jetpack_featured_media_url":"https:\/\/i0.wp.com\/www.tvturk.com\/wp-content\/uploads\/2019\/07\/kalekondular-sasirtiyor_4fd06c3.jpg?fit=1000%2C666","jetpack_sharing_enabled":true,"jetpack_shortlink":"https:\/\/wp.me\/paKIfm-JOu","_links":{"self":[{"href":"http:\/\/www.tvturk.com\/index.php\/wp-json\/wp\/v2\/posts\/176110","targetHints":{"allow":["GET"]}}],"collection":[{"href":"http:\/\/www.tvturk.com\/index.php\/wp-json\/wp\/v2\/posts"}],"about":[{"href":"http:\/\/www.tvturk.com\/index.php\/wp-json\/wp\/v2\/types\/post"}],"author":[{"embeddable":true,"href":"http:\/\/www.tvturk.com\/index.php\/wp-json\/wp\/v2\/users\/1"}],"replies":[{"embeddable":true,"href":"http:\/\/www.tvturk.com\/index.php\/wp-json\/wp\/v2\/comments?post=176110"}],"version-history":[{"count":0,"href":"http:\/\/www.tvturk.com\/index.php\/wp-json\/wp\/v2\/posts\/176110\/revisions"}],"wp:featuredmedia":[{"embeddable":true,"href":"http:\/\/www.tvturk.com\/index.php\/wp-json\/wp\/v2\/media\/176111"}],"wp:attachment":[{"href":"http:\/\/www.tvturk.com\/index.php\/wp-json\/wp\/v2\/media?parent=176110"}],"wp:term":[{"taxonomy":"category","embeddable":true,"href":"http:\/\/www.tvturk.com\/index.php\/wp-json\/wp\/v2\/categories?post=176110"},{"taxonomy":"post_tag","embeddable":true,"href":"http:\/\/www.tvturk.com\/index.php\/wp-json\/wp\/v2\/tags?post=176110"}],"curies":[{"name":"wp","href":"https:\/\/api.w.org\/{rel}","templated":true}]}}