{"id":176126,"date":"2019-07-01T10:31:43","date_gmt":"2019-07-01T07:31:43","guid":{"rendered":"http:\/\/www.tvturk.com\/index.php\/ikiz-sprinterler-1-haftada-2-kez-sampiyon-oldu\/"},"modified":"2019-07-01T10:31:43","modified_gmt":"2019-07-01T07:31:43","slug":"ikiz-sprinterler-1-haftada-2-kez-sampiyon-oldu","status":"publish","type":"post","link":"http:\/\/www.tvturk.com\/index.php\/ikiz-sprinterler-1-haftada-2-kez-sampiyon-oldu\/","title":{"rendered":"\u0130kiz Sprinterler 1 haftada 2 kez \u015fampiyon oldu"},"content":{"rendered":"<p>Erzurum\u2019da tek yumurta ikizi karde\u015fler kat\u0131ld\u0131klar\u0131 Atletizm T\u00fcrkiye \u015eampiyonas\u0131nda Sprint\u2019te bir haftada iki kez \u015fampiyon oldu.<\/p>\n<p>K\u0131\u015f sporlar\u0131yla \u00fcnl\u00fc olan Erzurum spor camias\u0131na ikiz sprinter kazand\u0131rd\u0131. Do\u011fu Anadolu\u2019nun ilk sprint yar\u0131\u015f\u00e7\u0131lar\u0131 17 ya\u015flar\u0131nda ki Aytu\u011f ve G\u00f6ktu\u011f Kabul karde\u015fler bir haftada iki \u015fampiyonadan birincilikle d\u00f6nerek yap\u0131lmas\u0131 zor olan bir ba\u015far\u0131ya imza att\u0131lar.<\/p>\n<p>T\u00fcrkiye \u015eampiyonas\u0131 i\u00e7in \u00e7ok say\u0131da sporcu yeti\u015ftiren Erzurum, Atletizm bran\u015f\u0131 ile \u00f6n plana \u00e7\u0131kmaya ba\u015flad\u0131. Do\u011fu Anadolu\u2019da ilk sprint yar\u0131\u015f\u00e7\u0131s\u0131 \u00e7\u0131karan ve yap\u0131lan v\u00fccut denemeleriyle daha ilk antrenmanlarda saniye rekoru k\u0131ran ikiz karde\u015fler, g\u00f6nderildikleri T\u00fcrkiye \u015eampiyonalar\u0131ndan  bir hafta i\u00e7erisinde iki defa birincilik elde ederek Erzurum\u2019a d\u00f6nd\u00fcler.<\/p>\n<p>Ankara\u2019da 12-13 Haziran\u2019da oynanan Y\u0131ld\u0131zlar T\u00fcrkiye \u015eampiyonas\u0131 4100 bayrak yar\u0131\u015f\u0131nda T\u00fcrkiye \u015eampiyonu olan ve bir hafta sonra  22 Haziran\u2019da Bursa\u2019da yap\u0131lan Gen\u00e7ler T\u00fcrkiye \u015eampiyonas\u0131nda ayn\u0131 ba\u015far\u0131y\u0131 tekrarlayan gen\u00e7 sporcular, Bat\u0131 kul\u00fcplerinin g\u00f6zdesi haline geldi. Ald\u0131klar\u0131 derece itibariyle gelecek vadeden ve atletizme olan ilgileriyle, tak\u0131mlar\u0131n ilgi oda\u011f\u0131 haline gelen Aytu\u011f ve G\u00f6ktu\u011f karde\u015fler, \u201cAyn\u0131 evde olmam\u0131z\u0131n, ikiz olmam\u0131z\u0131n birbirimizi motivasyon a\u00e7\u0131s\u0131ndan \u00e7ok b\u00fcy\u00fck bir \u00f6nemi var. \u0130kizler ayn\u0131 \u015feye ilgi duyar biz de atletizmi se\u00e7tik, her zaman birbirimize g\u00fc\u00e7 ve moral olduk\u201d dediler.<\/p>\n<p>T\u00fcrkiye \u015fampiyonalar\u0131ndan dereceyle d\u00f6nmelerinin sebebini,  daha \u00f6nce tekvando sporuyla u\u011fra\u015fmalar\u0131na ra\u011fmen, atletizme olan yo\u011fun merak ve ilgilerinden oldu\u011funu kaydeden karde\u015fler \u201cDaha \u00f6nce ba\u015fka bir ilde ya\u015f\u0131yorduk. Ailemiz bizim daha iyi bir spor ser\u00fcvenimiz olsun diye tayin istediler. Dolay\u0131s\u0131yla Erzurum\u2019a geldik. Spora olan ilgimizi hocalar\u0131m\u0131za anlatt\u0131\u011f\u0131m\u0131zda bizi deneyerek en uygun sporun bu oldu\u011funa karar verip sprinte y\u00f6nlendirdiler. K\u0131sa zamanda b\u00fcy\u00fck bir \u00f6zveriyle \u00e7al\u0131\u015ft\u0131k, 5 ayl\u0131k bir spor ge\u00e7mi\u015fimiz olmas\u0131na ra\u011fmen dereceye girmek nasip oldu. \u0130lk 1 ay antrenman yapt\u0131ktan sonra T\u00fcrkiye \u015eampiyonas\u0131na gittik ve dereceye girdik, \u00e7ok heyecanl\u0131yd\u0131k bu kadar k\u0131sa s\u00fcrede derece yapabilece\u011fimizi d\u00fc\u015f\u00fcnm\u00fcyorduk. Daha sonra tekrar \u015fampiyonalara gitti\u011fimizde hep dereceyle d\u00f6nd\u00fck ve hala \u00e7al\u0131\u015fmalar\u0131m\u0131za devam ediyoruz\u201d ifadelerini kulland\u0131lar.<\/p>\n<p>Erzurum\u2019da, bu y\u0131l ilk defa sprint bran\u015f\u0131nda T\u00fcrkiye \u015fampiyonu tak\u0131m\u0131 \u00e7\u0131karmalar\u0131n\u0131n Atletizm camias\u0131n\u0131 \u015fa\u015fk\u0131na u\u011fratan bir durum oldu\u011funu ifade eden Erzurum Gen\u00e7lik ve Spor M\u00fcd\u00fcrl\u00fc\u011f\u00fc Atletizm Antren\u00f6r\u00fc Yavuz Bayram, \u201cHi\u00e7 beklemiyorlard\u0131.  \u0130stanbul, \u0130zmir, Ankara ve Bursa gibi iller mesafede \u00f6n planda olan bizlerin sprintte b\u00f6ylesine bir tak\u0131m \u00e7\u0131karabilece\u011fini d\u00fc\u015f\u00fcnm\u00fcyorlard\u0131, \u00fcstelik \u00e7ok \u00e7al\u0131\u015fmalar\u0131na ra\u011fmen biz 2 ay gibi k\u0131sa bir s\u00fcrede T\u00fcrkiye \u015fampiyonu olduk. Yetenekli \u00e7ocuklar\u0131m\u0131z var. Hepsi Erzurum \u2018un \u00e7ocu\u011fu, 12-13 Haziran\u2019da Ankara\u2019da oynanan Y\u0131ld\u0131zlar T\u00fcrkiye \u015eampiyonas\u0131nda 4100 bayrak yar\u0131\u015f\u0131nda T\u00fcrkiye \u015eampiyonu olduk, bir hafta sonra ise 22 Haziran\u2019da Bursa\u2019da yap\u0131lan Gen\u00e7ler T\u00fcrkiye \u015eampiyonas\u0131nda ayn\u0131 ba\u015far\u0131y\u0131 tekrarlad\u0131lar. Bat\u0131 kul\u00fcplerinin g\u00f6zleri sporcular\u0131m\u0131z\u0131n \u00fczerlerine \u00e7evrildi. Sporcular\u0131m\u0131z dereceleri itibariyle gelecek vadeden \u00e7ok de\u011ferli \u00e7ocuklar. \u00c7al\u0131\u015fmalar\u0131m\u0131z\u0131 bu y\u00f6nde s\u0131kla\u015ft\u0131rarak sprint alan\u0131nda daha da ilerlemek istiyoruz\u201d dedi.<\/p>\n<p>Sprint tak\u0131m\u0131n\u0131 olu\u015fturan \u00e7ocuklar\u0131n her birinin spor ge\u00e7mi\u015finin daha \u00e7ok yeni oldu\u011funu vurgulayan Bayram, \u201cEn uzun spor ge\u00e7mi\u015fi olan \u00e7ocuklar\u0131m\u0131z tak\u0131m\u0131mda olan ikiz karde\u015fler Aytu\u011f ve G\u00f6ktu\u011f, onlar\u0131nda 6 ayl\u0131k bir spor ge\u00e7mi\u015fleri var. Bu k\u0131sa s\u00fcreye ra\u011fmen \u00e7ok b\u00fcy\u00fck bir geli\u015fme g\u00f6sterdiler. Elbette ikiz olmalar\u0131n\u0131n da katk\u0131s\u0131 vard\u0131r, \u00e7\u00fcnk\u00fc ayn\u0131 yerdeler ve birbirlerini y\u00f6nlendiriliyorlar. \u0130kiz karde\u015flerin ard\u0131ndan tak\u0131m\u0131m\u0131za iki sporcumuzun daha kat\u0131lmas\u0131yla m\u00fcthi\u015f bir tevafuk olu\u015ftu ve bu g\u00fczel tak\u0131m bir araya geldi. Federasyon Ba\u015fkan\u0131 Fatih \u00c7\u0131nt\u0131mar, T\u00fcrkiye \u015eampiyonas\u0131 ard\u0131ndan bizimle ileti\u015fime ge\u00e7erek b\u00fcy\u00fck bir ihtimalle \u00e7ocuklar\u0131m\u0131z\u0131, \u00fclkemizi temsil etmeleri i\u00e7in Balkan \u015eampiyonalar\u0131na g\u00f6t\u00fcrebilece\u011fini s\u00f6yledi. Bu da \u00e7ocuklar\u0131n daha ilk yar\u0131\u015flar\u0131ndan itibaren milli tak\u0131ma girebilece\u011fi anlam\u0131na geliyor. Bu ger\u00e7ekten de b\u00fcy\u00fck bir ba\u015far\u0131, Balkan \u015eampiyonas\u0131nda derece al\u0131p bu sefer \u00fclkemizi madalyaya g\u00f6t\u00fcrmelerini umut ediyoruz\u201d diye konu\u015ftu.<\/p>\n","protected":false},"excerpt":{"rendered":"<p>ERZURUM\u2019DA TEK YUMURTA \u0130K\u0130Z\u0130 KARDE\u015eLER KATILDIKLARI ATLET\u0130ZM T\u00dcRK\u0130YE \u015eAMP\u0130YONASINDA SPR\u0130NT&#8217;TE B\u0130R HAFTADA \u0130K\u0130 KEZ \u015eAMP\u0130YON OLDULAR.<\/p>\n","protected":false},"author":1,"featured_media":176127,"comment_status":"closed","ping_status":"open","sticky":false,"template":"","format":"standard","meta":{"jetpack_post_was_ever_published":false,"_jetpack_newsletter_access":"","_jetpack_dont_email_post_to_subs":false,"_jetpack_newsletter_tier_id":0,"_jetpack_memberships_contains_paywalled_content":false,"_jetpack_memberships_contains_paid_content":false,"footnotes":"","jetpack_publicize_message":"","jetpack_publicize_feature_enabled":true,"jetpack_social_post_already_shared":true,"jetpack_social_options":{"image_generator_settings":{"template":"highway","default_image_id":0,"font":"","enabled":false},"version":2}},"categories":[1],"tags":[7032,11032,1497,77,2024,42976],"class_list":["post-176126","post","type-post","status-publish","format-standard","has-post-thumbnail","hentry","category-genel","tag-haftada","tag-ikiz","tag-kez","tag-oldu","tag-sampiyon","tag-sprinterler"],"jetpack_publicize_connections":[],"jetpack_featured_media_url":"https:\/\/i0.wp.com\/www.tvturk.com\/wp-content\/uploads\/2019\/07\/ikiz-sprinterler-1-haftada-2-kez-sampiyon-oldu_a2a07ca.jpg?fit=1000%2C666","jetpack_sharing_enabled":true,"jetpack_shortlink":"https:\/\/wp.me\/paKIfm-JOK","_links":{"self":[{"href":"http:\/\/www.tvturk.com\/index.php\/wp-json\/wp\/v2\/posts\/176126","targetHints":{"allow":["GET"]}}],"collection":[{"href":"http:\/\/www.tvturk.com\/index.php\/wp-json\/wp\/v2\/posts"}],"about":[{"href":"http:\/\/www.tvturk.com\/index.php\/wp-json\/wp\/v2\/types\/post"}],"author":[{"embeddable":true,"href":"http:\/\/www.tvturk.com\/index.php\/wp-json\/wp\/v2\/users\/1"}],"replies":[{"embeddable":true,"href":"http:\/\/www.tvturk.com\/index.php\/wp-json\/wp\/v2\/comments?post=176126"}],"version-history":[{"count":0,"href":"http:\/\/www.tvturk.com\/index.php\/wp-json\/wp\/v2\/posts\/176126\/revisions"}],"wp:featuredmedia":[{"embeddable":true,"href":"http:\/\/www.tvturk.com\/index.php\/wp-json\/wp\/v2\/media\/176127"}],"wp:attachment":[{"href":"http:\/\/www.tvturk.com\/index.php\/wp-json\/wp\/v2\/media?parent=176126"}],"wp:term":[{"taxonomy":"category","embeddable":true,"href":"http:\/\/www.tvturk.com\/index.php\/wp-json\/wp\/v2\/categories?post=176126"},{"taxonomy":"post_tag","embeddable":true,"href":"http:\/\/www.tvturk.com\/index.php\/wp-json\/wp\/v2\/tags?post=176126"}],"curies":[{"name":"wp","href":"https:\/\/api.w.org\/{rel}","templated":true}]}}