{"id":176128,"date":"2019-07-01T10:31:47","date_gmt":"2019-07-01T07:31:47","guid":{"rendered":"http:\/\/www.tvturk.com\/index.php\/buyukcekmece-belediye-baskani-akgun-osloda-turkiyeyi-temsil-edecek\/"},"modified":"2019-07-01T10:31:47","modified_gmt":"2019-07-01T07:31:47","slug":"buyukcekmece-belediye-baskani-akgun-osloda-turkiyeyi-temsil-edecek","status":"publish","type":"post","link":"http:\/\/www.tvturk.com\/index.php\/buyukcekmece-belediye-baskani-akgun-osloda-turkiyeyi-temsil-edecek\/","title":{"rendered":"B\u00fcy\u00fck\u00e7ekmece Belediye Ba\u015fkan\u0131 Akg\u00fcn, Oslo\u2019da T\u00fcrkiye\u2019yi temsil edecek"},"content":{"rendered":"<p>T\u00fcrkiye Milli Delegasyonu Komite \u00dcyesi olan B\u00fcy\u00fck\u00e7ekmece Belediye Ba\u015fkan\u0131 Dr. Hasan Akg\u00fcn, Avrupa Konseyi Yerel ve B\u00f6lgesel Y\u00f6netimler Kongresi \u0130zleme Komite Toplant\u0131s\u0131\u2019na kat\u0131l\u0131yor.<\/p>\n<p>B\u00fcy\u00fck\u00e7ekmece Belediye Ba\u015fkan\u0131 Dr. Hasan Akg\u00fcn, Norve\u00e7\u2019in ba\u015fkenti Oslo\u2019da d\u00fczenlenen toplant\u0131ya kat\u0131larak bir kez daha T\u00fcrkiye\u2019yi temsil edecek.  Yerel se\u00e7imlerde g\u00f6zlemci olan \u00fcyelerin raporlar\u0131 bekleniyor.  2 &#8211; 4 Temmuz tarihlerinde d\u00fczenlenecek toplant\u0131da Kuzey K\u0131br\u0131s, Azerbaycan ve Bosna &#8211; Hersek\u2019le ilgili g\u00fcndem maddeleri yer alacak. Ayr\u0131ca 31 Mart &#8211; 23 Haziran yerel se\u00e7imlerinde g\u00f6zlemci olarak T\u00fcrkiye\u2019ye gelen Avrupa Konseyi \u00fcyelerinin se\u00e7im sonras\u0131nda d\u00fczenledikleri raporlar\u0131n da toplant\u0131 g\u00fcndeminde yer almas\u0131 bekleniyor.<\/p>\n<p>2001 y\u0131l\u0131ndan bu yana Avrupa Konseyi Yerel ve B\u00f6lgesel Y\u00f6netimler Kongresi\u2019nde T\u00fcrkiye Milli Delegasyonu olarak T\u00fcrkiye\u2019yi temsil eden Ba\u015fkan Dr. Hasan Akg\u00fcn \u201cGer\u00e7ekle\u015ftirdi\u011fimiz bu toplant\u0131lar yerel ve b\u00f6lgesel demokrasinin geli\u015fmesi a\u00e7\u0131s\u0131ndan b\u00fcy\u00fck \u00f6nem te\u015fkil ediyor. Avrupa Konseyi Yerel ve B\u00f6lgesel Y\u00f6netimler Kongresi, yerel ve b\u00f6lgesel g\u00f6zlem yetkisine sahip tek Avrupa kurumudur. Komite \u00fcyeleri \u00fclkemizde d\u00fczenlenen yerel se\u00e7imlerde bizlere destek oldu. Kendilerine te\u015fekk\u00fcr ediyorum\u201d ifadesini kulland\u0131.<\/p>\n","protected":false},"excerpt":{"rendered":"<p>T\u00dcRK\u0130YE M\u0130LL\u0130 DELEGASYONU KOM\u0130TE \u00dcYES\u0130 OLAN B\u00dcY\u00dcK\u00c7EKMECE BELED\u0130YE BA\u015eKANI DR. HASAN AKG\u00dcN, AVRUPA KONSEY\u0130 YEREL VE B\u00d6LGESEL Y\u00d6NET\u0130MLER KONGRES\u0130 \u0130ZLEME KOM\u0130TE TOPLANTISI\u2019NA KATILIYOR.<\/p>\n","protected":false},"author":1,"featured_media":176129,"comment_status":"closed","ping_status":"open","sticky":false,"template":"","format":"standard","meta":{"jetpack_post_was_ever_published":false,"_jetpack_newsletter_access":"","_jetpack_dont_email_post_to_subs":false,"_jetpack_newsletter_tier_id":0,"_jetpack_memberships_contains_paywalled_content":false,"_jetpack_memberships_contains_paid_content":false,"footnotes":"","jetpack_publicize_message":"","jetpack_publicize_feature_enabled":true,"jetpack_social_post_already_shared":true,"jetpack_social_options":{"image_generator_settings":{"template":"highway","default_image_id":0,"font":"","enabled":false},"version":2}},"categories":[1],"tags":[21165,216,134,11138,4253,42977,2671,6844],"class_list":["post-176128","post","type-post","status-publish","format-standard","has-post-thumbnail","hentry","category-genel","tag-akgun","tag-baskani","tag-belediye","tag-buyukcekmece","tag-edecek","tag-osloda","tag-temsil","tag-turkiyeyi"],"jetpack_publicize_connections":[],"jetpack_featured_media_url":"https:\/\/i0.wp.com\/www.tvturk.com\/wp-content\/uploads\/2019\/07\/buyukcekmece-belediye-baskani-akgun-osloda-turkiyeyi-temsil-edecek_faa6bb0.jpg?fit=960%2C638","jetpack_sharing_enabled":true,"jetpack_shortlink":"https:\/\/wp.me\/paKIfm-JOM","_links":{"self":[{"href":"http:\/\/www.tvturk.com\/index.php\/wp-json\/wp\/v2\/posts\/176128","targetHints":{"allow":["GET"]}}],"collection":[{"href":"http:\/\/www.tvturk.com\/index.php\/wp-json\/wp\/v2\/posts"}],"about":[{"href":"http:\/\/www.tvturk.com\/index.php\/wp-json\/wp\/v2\/types\/post"}],"author":[{"embeddable":true,"href":"http:\/\/www.tvturk.com\/index.php\/wp-json\/wp\/v2\/users\/1"}],"replies":[{"embeddable":true,"href":"http:\/\/www.tvturk.com\/index.php\/wp-json\/wp\/v2\/comments?post=176128"}],"version-history":[{"count":0,"href":"http:\/\/www.tvturk.com\/index.php\/wp-json\/wp\/v2\/posts\/176128\/revisions"}],"wp:featuredmedia":[{"embeddable":true,"href":"http:\/\/www.tvturk.com\/index.php\/wp-json\/wp\/v2\/media\/176129"}],"wp:attachment":[{"href":"http:\/\/www.tvturk.com\/index.php\/wp-json\/wp\/v2\/media?parent=176128"}],"wp:term":[{"taxonomy":"category","embeddable":true,"href":"http:\/\/www.tvturk.com\/index.php\/wp-json\/wp\/v2\/categories?post=176128"},{"taxonomy":"post_tag","embeddable":true,"href":"http:\/\/www.tvturk.com\/index.php\/wp-json\/wp\/v2\/tags?post=176128"}],"curies":[{"name":"wp","href":"https:\/\/api.w.org\/{rel}","templated":true}]}}