{"id":176142,"date":"2019-07-01T10:46:10","date_gmt":"2019-07-01T07:46:10","guid":{"rendered":"http:\/\/www.tvturk.com\/index.php\/gencler-gununde-ozbekistanda-orta-asyadaki-ilk-tema-park-acildi\/"},"modified":"2019-07-01T10:46:10","modified_gmt":"2019-07-01T07:46:10","slug":"gencler-gununde-ozbekistanda-orta-asyadaki-ilk-tema-park-acildi","status":"publish","type":"post","link":"http:\/\/www.tvturk.com\/index.php\/gencler-gununde-ozbekistanda-orta-asyadaki-ilk-tema-park-acildi\/","title":{"rendered":"Gen\u00e7ler G\u00fcn\u00fc\u2019nde \u00d6zbekistan\u2019da Orta Asya\u2019daki ilk tema park a\u00e7\u0131ld\u0131"},"content":{"rendered":"<p>\u00d6zbekistan\u2019\u0131n Namangan \u015fehrinde Orta Asya\u2019daki ilk Efsaneler Vadisi tema park\u0131n\u0131n birinci b\u00f6l\u00fcm\u00fc a\u00e7\u0131ld\u0131.<\/p>\n<p>Amfi Tiyatro, marka ma\u011fazalar\u0131, restoran, kafe ve m\u00fczikli \u00e7e\u015fmelerden olu\u015fan park\u0131n birinci b\u00f6l\u00fcm\u00fc a\u00e7\u0131l\u0131\u015f\u0131 30 Haziran &#8211; Ulusal Gen\u00e7ler G\u00fcn\u00fc kutlamalar\u0131 ile beraber yap\u0131ld\u0131. \u00d6zbekistan\u2019da bu y\u0131l yine co\u015fku ile kutlanan Ulusal Gen\u00e7ler G\u00fcn\u00fc t\u00f6reni kapsam\u0131nda y\u0131l boyunca spor, edebiyat, sanat ve m\u00fczik dallar\u0131nda uluslararas\u0131 derecelere giren gen\u00e7lere vilayet valisi te\u015fekk\u00fcrnamesi ve hediyeler verildi. Vilayet Gen\u00e7ler Birli\u011fi\u2019ne otob\u00fcs hediye edildi.<\/p>\n<p>\u00dcnl\u00fc \u00d6zbek sanat\u00e7\u0131lar\u0131n\u0131n verdi\u011fi konserle devam eden t\u00f6ren, yan\u0131 a\u00e7\u0131lan restoranda gala yeme\u011fi ile sona erdi. Toplam 1.1 milyon metrekare alana in\u015fa edilmekte olan Efsaneler Vadisi tema park\u0131 in\u015faat\u0131 2020\u2019de sona erecek. Parkta a\u00e7\u0131k ve kapal\u0131 y\u00fczme havuzlar\u0131, buz saray\u0131, 4 y\u0131ld\u0131z otel, masallar \u015fehri, bowling ve fitness merkezi, aqua park, AVM, her ya\u015ftan gezgin i\u00e7in onlarca e\u011flence \u00fcniteleri yap\u0131l\u0131yor.<\/p>\n","protected":false},"excerpt":{"rendered":"<p>GEN\u00c7LER G\u00dcN\u00dc&#8217;NDE \u00d6ZBEK\u0130STAN&#8217;DA ORTA ASYA&#8217;DAK\u0130 \u0130LK TEMA PARK A\u00c7ILDI<\/p>\n","protected":false},"author":1,"featured_media":176143,"comment_status":"closed","ping_status":"open","sticky":false,"template":"","format":"standard","meta":{"jetpack_post_was_ever_published":false,"_jetpack_newsletter_access":"","_jetpack_dont_email_post_to_subs":false,"_jetpack_newsletter_tier_id":0,"_jetpack_memberships_contains_paywalled_content":false,"_jetpack_memberships_contains_paid_content":false,"footnotes":"","jetpack_publicize_message":"","jetpack_publicize_feature_enabled":true,"jetpack_social_post_already_shared":true,"jetpack_social_options":{"image_generator_settings":{"template":"highway","default_image_id":0,"font":"","enabled":false},"version":2}},"categories":[10],"tags":[288,42982,1622,2246,37,1336,23267,673,11401],"class_list":["post-176142","post","type-post","status-publish","format-standard","has-post-thumbnail","hentry","category-dunya","tag-acildi","tag-asyadaki","tag-gencler","tag-gununde","tag-ilk","tag-orta","tag-ozbekistanda","tag-park","tag-tema"],"jetpack_publicize_connections":[],"jetpack_featured_media_url":"https:\/\/i0.wp.com\/www.tvturk.com\/wp-content\/uploads\/2019\/07\/gencler-gununde-ozbekistanda-orta-asyadaki-ilk-tema-park-acildi_728d9d4.jpg?fit=1000%2C666","jetpack_sharing_enabled":true,"jetpack_shortlink":"https:\/\/wp.me\/paKIfm-JP0","_links":{"self":[{"href":"http:\/\/www.tvturk.com\/index.php\/wp-json\/wp\/v2\/posts\/176142","targetHints":{"allow":["GET"]}}],"collection":[{"href":"http:\/\/www.tvturk.com\/index.php\/wp-json\/wp\/v2\/posts"}],"about":[{"href":"http:\/\/www.tvturk.com\/index.php\/wp-json\/wp\/v2\/types\/post"}],"author":[{"embeddable":true,"href":"http:\/\/www.tvturk.com\/index.php\/wp-json\/wp\/v2\/users\/1"}],"replies":[{"embeddable":true,"href":"http:\/\/www.tvturk.com\/index.php\/wp-json\/wp\/v2\/comments?post=176142"}],"version-history":[{"count":0,"href":"http:\/\/www.tvturk.com\/index.php\/wp-json\/wp\/v2\/posts\/176142\/revisions"}],"wp:featuredmedia":[{"embeddable":true,"href":"http:\/\/www.tvturk.com\/index.php\/wp-json\/wp\/v2\/media\/176143"}],"wp:attachment":[{"href":"http:\/\/www.tvturk.com\/index.php\/wp-json\/wp\/v2\/media?parent=176142"}],"wp:term":[{"taxonomy":"category","embeddable":true,"href":"http:\/\/www.tvturk.com\/index.php\/wp-json\/wp\/v2\/categories?post=176142"},{"taxonomy":"post_tag","embeddable":true,"href":"http:\/\/www.tvturk.com\/index.php\/wp-json\/wp\/v2\/tags?post=176142"}],"curies":[{"name":"wp","href":"https:\/\/api.w.org\/{rel}","templated":true}]}}