{"id":176232,"date":"2019-07-01T12:31:39","date_gmt":"2019-07-01T09:31:39","guid":{"rendered":"http:\/\/www.tvturk.com\/index.php\/o-sehirde-otellerde-yer-kalmadi-evlerde-misafir-edilecekler\/"},"modified":"2019-07-01T12:31:39","modified_gmt":"2019-07-01T09:31:39","slug":"o-sehirde-otellerde-yer-kalmadi-evlerde-misafir-edilecekler","status":"publish","type":"post","link":"http:\/\/www.tvturk.com\/index.php\/o-sehirde-otellerde-yer-kalmadi-evlerde-misafir-edilecekler\/","title":{"rendered":"\u2018O\u2019 \u015fehirde otellerde yer kalmad\u0131, evlerde misafir edilecekler"},"content":{"rendered":"<p>658 y\u0131ld\u0131r kesintisiz olarak devam edilen Tarihi K\u0131rkp\u0131nar Ya\u011fl\u0131 G\u00fcre\u015fleri \u00f6ncesi Edirne\u2019de, otellerde doluluk oran\u0131 y\u00fczde y\u00fcze ula\u015ft\u0131. Aylar \u00f6ncesinden yap\u0131lan rezervasyonlarla otellerde yer kalmayan \u015fehrin merkez n\u00fcfusu kadar ziyaret\u00e7i kente ak\u0131n etti. Edirneli vatanda\u015flar, ziyaret\u00e7ilere evlerini a\u00e7maya haz\u0131rlan\u0131yor.<\/p>\n<p>Edirne Belediyesi taraf\u0131ndan 1-7 Temmuz 2019 tarihlerinde bu y\u0131l 658\u2019incisi d\u00fczenlenecek olan K\u0131rkp\u0131nar Ya\u011fl\u0131 G\u00fcre\u015fleri Haftas\u0131 resmen ba\u015flad\u0131. Tarihi K\u0131rkp\u0131nar Davul ve Zurna ekibi taraf\u0131ndan Edirne Belediyesi \u00f6n\u00fcnde kar\u015f\u0131lanan belediye ba\u015fkan\u0131 Recep G\u00fcrkan, \u201cB\u00fcy\u00fck T\u00fcrk Milleti\u2019nin Ata sporu olan ya\u011fl\u0131 g\u00fcre\u015fler hepimize hay\u0131rl\u0131 u\u011furlu olsun\u201d dedi.<\/p>\n<p>\u201cOtellerde yer kalmad\u0131, yapacak bir \u015fey yok evlerimizi a\u00e7aca\u011f\u0131z\u201d<\/p>\n<p>Edirne Tan\u0131tma ve Tava Ci\u011fer Kalite Koruma Derne\u011fi Ba\u015fkan\u0131 Bahri Dinar, \u201cD\u00fcnyan\u0131n en b\u00fcy\u00fck efsanesinin yap\u0131laca\u011f\u0131 bir kentteyiz. Bug\u00fcn itibariyle ba\u015flad\u0131. \u015eehir hareketli. Hatta aylar \u00f6ncesinden y\u0131llar \u00f6ncesinden Edirne\u2019deki otellerden b\u00fct\u00fcn rezervasyonlar tamamland\u0131. \u015eimdi yeni gelmek isteyenler var. Yurt i\u00e7inden, yurt d\u0131\u015f\u0131ndan \u2018Bu b\u00fcy\u00fck efsaneyi g\u00f6rmeye gidelim\u2019 diyenler var. \u0130yi ama yer yok. Bizlere \u00e7ok ba\u015fvuru oluyor. Bizde diyoruz ki \u2018Hadi buyurun evlerimiz de kal\u0131n\u2019. Yapacak bir \u015fey yok. Evlerimizi a\u00e7aca\u011f\u0131z. B\u00f6yle bir imece usul\u00fc misafirperverlik yapaca\u011f\u0131z\u201d dedi.<\/p>\n<p>\u201c\u00c7evre il ve il\u00e7elere konaklamalar kayd\u0131, 100 bin ziyaret\u00e7i bekliyoruz\u201d<\/p>\n<p>T\u00fcrkiye Otelciler Birli\u011fi Edirne Temsilcisi G\u00f6khan Balta da \u201cY\u0131llard\u0131r oldu\u011fu gibi bizim bayram\u0131m\u0131z K\u0131rkp\u0131nar G\u00fcre\u015f \u015fenliklerimiz geldi. Her y\u0131l oldu\u011fu gibi 6 ay ve \u00e7ok \u00f6ncesinden yap\u0131lan rezervasyonlar ile Edirne\u2019deki b\u00fct\u00fcn oteller dolmu\u015f durumda. Yakla\u015f\u0131k 40\u2019a yak\u0131n konaklama tesisi, 2 bin 500\u2019e yak\u0131n yatak kapasitesi ile bunun yan\u0131nda misafir hanelerimiz, yurtlar\u0131m\u0131z hepsi dolmu\u015f durumda. Tabi sadece Edirne\u2019yi baz alm\u0131yoruz, her sene oldu\u011fu gibi Edirne d\u0131\u015f\u0131nda da konaklamalar Edirne\u2019de yer kalmad\u0131\u011f\u0131 i\u00e7in yak\u0131n il\u00e7elerde ve illerde konaklamalar oluyor. Evlerde de misafirlikler oluyor. Bunlarla beraber konaklamada 50-60 bin say\u0131s\u0131na ula\u015f\u0131labilecektir. Tabi ki g\u00fcn\u00fc birlik gelenler de olaca\u011f\u0131 i\u00e7in 100 bine yak\u0131na bir insan\u0131n g\u00fcre\u015fleri izlemeye gelece\u011fini tahmin ediyoruz\u201d ifadelerini kulland\u0131.<\/p>\n<p>\u201cK\u0131rkp\u0131nar d\u00fcnyaya mal olmu\u015f bir festival\u201d<\/p>\n<p>Tarihi Ali Pa\u015fa \u00c7ar\u015f\u0131s\u0131 Dernek Ba\u015fkan\u0131 Y\u0131lmaz San\u0131\u015f ise \u201cK\u0131rkp\u0131nar b\u00fct\u00fcn d\u00fcnyaya mal olmu\u015f bir festival. Bu sene k\u0131smet olursa 658\u2019incisi ger\u00e7ekle\u015fecek. Her sene hem g\u00fcre\u015f\u00e7i baz\u0131nda hem de seyirci baz\u0131nda \u00fcst\u00fcne koyarak y\u00fckselen bir trendi var. \u015eu anda otellerde yer kalmad\u0131. E\u011fer d\u0131\u015far\u0131da kalan insanlar varsa biz evlerimizi a\u00e7maya haz\u0131r\u0131z\u201d dedi.<\/p>\n","protected":false},"excerpt":{"rendered":"<p>ED\u0130RNE BELED\u0130YES\u0130 TARAFINDAN 1-7 TEMMUZ 2019 TAR\u0130HLER\u0130NDE BU YIL 658\u2019\u0130NC\u0130S\u0130 D\u00dcZENLENECEK OLAN KIRKPINAR YA\u011eLI G\u00dcRE\u015eLER\u0130 HAFTASI, RESMEN BA\u015eLADI. TAR\u0130H\u0130 KIRKPINAR DAVUL VE ZURNA EK\u0130B\u0130 TARAFINDAN ED\u0130RNE BELED\u0130YES\u0130 \u00d6N\u00dcNDE KAR\u015eILANAN BELED\u0130YE BA\u015eKANI RECEP G\u00dcRKAN, \u201cB\u00dcY\u00dcK T\u00dcRK M\u0130LLET\u0130\u2019N\u0130N ATA SPORU OLAN YA\u011eLI G\u00dcRE\u015eLER HEP\u0130M\u0130ZE HAYIRLI U\u011eURLU OLSUN\u201d DED\u0130.<\/p>\n","protected":false},"author":1,"featured_media":176233,"comment_status":"closed","ping_status":"open","sticky":false,"template":"","format":"standard","meta":{"jetpack_post_was_ever_published":false,"_jetpack_newsletter_access":"","_jetpack_dont_email_post_to_subs":false,"_jetpack_newsletter_tier_id":0,"_jetpack_memberships_contains_paywalled_content":false,"_jetpack_memberships_contains_paid_content":false,"footnotes":"","jetpack_publicize_message":"","jetpack_publicize_feature_enabled":true,"jetpack_social_post_already_shared":true,"jetpack_social_options":{"image_generator_settings":{"template":"highway","default_image_id":0,"font":"","enabled":false},"version":2}},"categories":[1],"tags":[13963,43017,16642,13178,6140,9060,17441,4243],"class_list":["post-176232","post","type-post","status-publish","format-standard","has-post-thumbnail","hentry","category-genel","tag-o","tag-edilecekler","tag-evlerde","tag-kalmadi","tag-misafir","tag-otellerde","tag-sehirde","tag-yer"],"jetpack_publicize_connections":[],"jetpack_featured_media_url":"https:\/\/i0.wp.com\/www.tvturk.com\/wp-content\/uploads\/2019\/07\/o-sehirde-otellerde-yer-kalmadi-evlerde-misafir-edilecekler_267dad0.jpg?fit=1000%2C666","jetpack_sharing_enabled":true,"jetpack_shortlink":"https:\/\/wp.me\/paKIfm-JQs","_links":{"self":[{"href":"http:\/\/www.tvturk.com\/index.php\/wp-json\/wp\/v2\/posts\/176232","targetHints":{"allow":["GET"]}}],"collection":[{"href":"http:\/\/www.tvturk.com\/index.php\/wp-json\/wp\/v2\/posts"}],"about":[{"href":"http:\/\/www.tvturk.com\/index.php\/wp-json\/wp\/v2\/types\/post"}],"author":[{"embeddable":true,"href":"http:\/\/www.tvturk.com\/index.php\/wp-json\/wp\/v2\/users\/1"}],"replies":[{"embeddable":true,"href":"http:\/\/www.tvturk.com\/index.php\/wp-json\/wp\/v2\/comments?post=176232"}],"version-history":[{"count":0,"href":"http:\/\/www.tvturk.com\/index.php\/wp-json\/wp\/v2\/posts\/176232\/revisions"}],"wp:featuredmedia":[{"embeddable":true,"href":"http:\/\/www.tvturk.com\/index.php\/wp-json\/wp\/v2\/media\/176233"}],"wp:attachment":[{"href":"http:\/\/www.tvturk.com\/index.php\/wp-json\/wp\/v2\/media?parent=176232"}],"wp:term":[{"taxonomy":"category","embeddable":true,"href":"http:\/\/www.tvturk.com\/index.php\/wp-json\/wp\/v2\/categories?post=176232"},{"taxonomy":"post_tag","embeddable":true,"href":"http:\/\/www.tvturk.com\/index.php\/wp-json\/wp\/v2\/tags?post=176232"}],"curies":[{"name":"wp","href":"https:\/\/api.w.org\/{rel}","templated":true}]}}