{"id":176244,"date":"2019-07-01T12:32:33","date_gmt":"2019-07-01T09:32:33","guid":{"rendered":"http:\/\/www.tvturk.com\/index.php\/ozel-haber-horozun-sesi-yenilenen-stadinda-super-otecek\/"},"modified":"2019-07-01T12:32:33","modified_gmt":"2019-07-01T09:32:33","slug":"ozel-haber-horozun-sesi-yenilenen-stadinda-super-otecek","status":"publish","type":"post","link":"http:\/\/www.tvturk.com\/index.php\/ozel-haber-horozun-sesi-yenilenen-stadinda-super-otecek\/","title":{"rendered":"(\u00d6zel haber) Horozun sesi yenilenen stad\u0131nda \u2018S\u00fcper\u2019 \u00f6tecek"},"content":{"rendered":"<p>S\u00fcper Lig\u2019in yeni ekibi Denizlispor, stad\u0131n\u0131 yeni sezona haz\u0131rlamak i\u00e7in \u015fantiye alan\u0131na \u00e7evirdi. Zemini 3 metre a\u015fa\u011f\u0131 \u00e7ekip tamamen yenileyen ye\u015fil-siyahl\u0131 ekip, trib\u00fcnlerin kapasitesini 3 bin 800 ki\u015fi artt\u0131rarak \u00fczerini de kapat\u0131yor. Ba\u015fkan Ali \u00c7etin, stad\u0131n S\u00fcper Lig\u2019in ilk ma\u00e7\u0131nda FIFA standartlar\u0131nda haz\u0131r olaca\u011f\u0131n\u0131 s\u00f6yledi.<\/p>\n<p>S\u00fcper Lig\u2019in yeni ekiplerinden Yukatel Denizlispor, yeni sezon haz\u0131rl\u0131klar\u0131n\u0131 transferde oldu\u011fu kadar di\u011fer alanlarda da s\u00fcrd\u00fcr\u00fcyor. \u0130lk etapta 15 bin ki\u015fi kapasiteli Denizli Atat\u00fcrk Stad\u0131\u2019n\u0131n yenilenmesi i\u00e7in kollar\u0131 s\u0131vayan Ye\u015fil-siyahl\u0131 kurmaylar, \u015fehrin t\u00fcm dinamikleriyle birlikte imece usul\u00fc stad\u0131 yeni sezona haz\u0131rl\u0131yor. Yap\u0131lan \u00e7al\u0131\u015fmalarla \u015fantiye alan\u0131na \u00e7evrilen Atat\u00fcrk Stad\u0131, 16 A\u011fustos\u2019ta a\u00e7\u0131lacak S\u00fcper Lig\u2019in ilk ma\u00e7\u0131nda FIFA standartlar\u0131nda haz\u0131r olacak. Seyirci kapasitesinin art\u0131r\u0131lmas\u0131 i\u00e7in zemini 3 metre 60 santimetre a\u015fa\u011f\u0131 \u00e7ekilen statta, koltuk say\u0131s\u0131 3 bin 800 artacak.<\/p>\n<p>\u201cLigin ilk ma\u00e7\u0131nda FIFA standartlar\u0131nda haz\u0131r\u0131z\u201d<\/p>\n<p>T\u00fcm trib\u00fcnlerin g\u00fc\u00e7lendirilip koltuklar\u0131n da yenilendi\u011fi statta, 12 tane de yeni l\u00fcks loca olacak. Yeni sezonda horozun sesinin daha g\u00fcr \u00e7\u0131kaca\u011f\u0131 statta, maraton ve kale arkalar\u0131 dahil t\u00fcm trib\u00fcnlerin \u00fczeri de kapat\u0131lacak. \u0130hlas Haber Ajans\u0131 (\u0130HA) muhabirine stattaki \u00e7al\u0131\u015fmalar hakk\u0131nda a\u00e7\u0131klamalarda bulunan Denizlispor Ba\u015fkan\u0131 Ali \u00c7etin, S\u00fcper Lig\u2019in ba\u015flayaca\u011f\u0131 16 A\u011fustos\u2019ta Avrupa standartlar\u0131ndaki statlar\u0131nda ma\u00e7 yap\u0131labilece\u011fini s\u00f6yledi. Stad\u0131n d\u0131\u015f g\u00f6r\u00fcn\u00fc\u015f olarak yeni bir stat gibi g\u00f6r\u00fcnmese de \u015fu anda yeni statlar\u0131n kalitesine geldi\u011fini belirten Ba\u015fkan \u00c7etin, \u201cStad\u0131n zemini normal zeminden 3 metre 60 santimetre a\u015fa\u011f\u0131 indi. Her trib\u00fcnde 4 s\u0131ra, protokol trib\u00fcn\u00fcn\u00fcn oldu\u011fu yerde de 5 s\u0131ra \u00f6ne do\u011fru uzad\u0131. Bu da yakla\u015f\u0131k 3 bin 800 ki\u015filik ek bir ilave yap\u0131yor. Zemin tamamen de\u011fi\u015fiyor koltuklar\u0131n tamam\u0131 de\u011fi\u015fiyor. Kale arkalar\u0131 ve maratonun oldu\u011fu b\u00f6l\u00fcm\u00fcn tamam\u0131 kapat\u0131lacak. Eski protokol trib\u00fcn\u00fcn\u00fcn oldu\u011fu yerde 12 tane loca yap\u0131yoruz. Stad\u0131m\u0131z F\u0130FA standartlar\u0131nda yap\u0131l\u0131yor. D\u0131\u015f g\u00f6r\u00fcnt\u00fc olarak yeni bir stat gibi g\u00f6r\u00fcnmese de \u015fu anda yeni statlar\u0131n kalitesine geliyor\u201d diye konu\u015ftu.<\/p>\n<p>\u201c20 milyon TL\u2019lik \u00e7al\u0131\u015fmay\u0131 5 milyon TL\u2019ye bitiriyoruz\u201d<\/p>\n<p>Yakla\u015f\u0131k 17 milyon TL maliyetli yenileme \u00e7al\u0131\u015fmas\u0131n\u0131 imece usul\u00fc 5 milyon TL\u2019ye bitireceklerine dikkat \u00e7eken Ba\u015fkan \u00c7etin, \u201cMaratonun ve kale arkalar\u0131n\u0131n oldu\u011fu yerlerde g\u00fc\u00e7lendirmeler yap\u0131l\u0131yor. S\u0131f\u0131rdan bir statm\u0131\u015f gibi uygun bir maliyete t\u00fcm\u00fcn\u00fc de yapmak ve \u00f6n\u00fcm\u00fczdeki sezona da yeti\u015ftirmek i\u00e7in m\u00fccadele ediyoruz. Normalde m\u00fcteahhitlik \u00e7er\u00e7evesinde yap\u0131lsa 16-17 milyon TL civar\u0131nda bir maliyeti var ama bizim maliyetimiz yakla\u015f\u0131k 5 milyon TL civar\u0131nda bitirece\u011fiz.  \u00c7\u00fcnk\u00fc imece usul\u00fc burada \u00e7al\u0131\u015fma yap\u0131yoruz\u201d \u015feklinde konu\u015ftu.<\/p>\n<p>Ba\u015fkan \u00c7etin, stad\u0131n 20 g\u00fcn i\u00e7inde top oynanacak ve taraftarlar\u0131n\u0131 a\u011f\u0131rlayacak duruma gelece\u011fini s\u00f6zlerine ekledi.<\/p>\n","protected":false},"excerpt":{"rendered":"<p>S\u00dcPER L\u0130G&#8217;\u0130N YEN\u0130 EK\u0130B\u0130 DEN\u0130ZL\u0130SPOR, STADINI YEN\u0130 SEZONA HAZIRLAMAK \u0130\u00c7\u0130N \u015eANT\u0130YE ALANINA \u00c7EV\u0130RD\u0130. ZEM\u0130N\u0130 3 METRE A\u015eA\u011eI \u00c7EK\u0130P TAMAMEN YEN\u0130LEYEN YE\u015e\u0130L-S\u0130YAHLI EK\u0130P, TR\u0130B\u00dcNLER\u0130N KAPAS\u0130TES\u0130N\u0130 3 B\u0130N 800 K\u0130\u015e\u0130 ARTTIRARAK \u00dcZER\u0130N\u0130 DE KAPATIYOR.<\/p>\n","protected":false},"author":1,"featured_media":176245,"comment_status":"closed","ping_status":"open","sticky":false,"template":"","format":"standard","meta":{"jetpack_post_was_ever_published":false,"_jetpack_newsletter_access":"","_jetpack_dont_email_post_to_subs":false,"_jetpack_newsletter_tier_id":0,"_jetpack_memberships_contains_paywalled_content":false,"_jetpack_memberships_contains_paid_content":false,"footnotes":"","jetpack_publicize_message":"","jetpack_publicize_feature_enabled":true,"jetpack_social_post_already_shared":true,"jetpack_social_options":{"image_generator_settings":{"template":"highway","default_image_id":0,"font":"","enabled":false},"version":2}},"categories":[657],"tags":[1073,1545,32424,43020,7616,12522,1463,11654],"class_list":["post-176244","post","type-post","status-publish","format-standard","has-post-thumbnail","hentry","category-spor","tag-ozel","tag-haber","tag-horozun","tag-otecek","tag-sesi","tag-stadinda","tag-super","tag-yenilenen"],"jetpack_publicize_connections":[],"jetpack_featured_media_url":"https:\/\/i0.wp.com\/www.tvturk.com\/wp-content\/uploads\/2019\/07\/ozel-haber-horozun-sesi-yenilenen-stadinda-super-otecek_8b4053d.jpg?fit=1000%2C662","jetpack_sharing_enabled":true,"jetpack_shortlink":"https:\/\/wp.me\/paKIfm-JQE","_links":{"self":[{"href":"http:\/\/www.tvturk.com\/index.php\/wp-json\/wp\/v2\/posts\/176244","targetHints":{"allow":["GET"]}}],"collection":[{"href":"http:\/\/www.tvturk.com\/index.php\/wp-json\/wp\/v2\/posts"}],"about":[{"href":"http:\/\/www.tvturk.com\/index.php\/wp-json\/wp\/v2\/types\/post"}],"author":[{"embeddable":true,"href":"http:\/\/www.tvturk.com\/index.php\/wp-json\/wp\/v2\/users\/1"}],"replies":[{"embeddable":true,"href":"http:\/\/www.tvturk.com\/index.php\/wp-json\/wp\/v2\/comments?post=176244"}],"version-history":[{"count":0,"href":"http:\/\/www.tvturk.com\/index.php\/wp-json\/wp\/v2\/posts\/176244\/revisions"}],"wp:featuredmedia":[{"embeddable":true,"href":"http:\/\/www.tvturk.com\/index.php\/wp-json\/wp\/v2\/media\/176245"}],"wp:attachment":[{"href":"http:\/\/www.tvturk.com\/index.php\/wp-json\/wp\/v2\/media?parent=176244"}],"wp:term":[{"taxonomy":"category","embeddable":true,"href":"http:\/\/www.tvturk.com\/index.php\/wp-json\/wp\/v2\/categories?post=176244"},{"taxonomy":"post_tag","embeddable":true,"href":"http:\/\/www.tvturk.com\/index.php\/wp-json\/wp\/v2\/tags?post=176244"}],"curies":[{"name":"wp","href":"https:\/\/api.w.org\/{rel}","templated":true}]}}