{"id":176252,"date":"2019-07-01T12:46:41","date_gmt":"2019-07-01T09:46:41","guid":{"rendered":"http:\/\/www.tvturk.com\/index.php\/aglara-takilan-caretta-caretta-vatandaslar-tarafindan-kurtarildi\/"},"modified":"2019-07-01T12:46:41","modified_gmt":"2019-07-01T09:46:41","slug":"aglara-takilan-caretta-caretta-vatandaslar-tarafindan-kurtarildi","status":"publish","type":"post","link":"http:\/\/www.tvturk.com\/index.php\/aglara-takilan-caretta-caretta-vatandaslar-tarafindan-kurtarildi\/","title":{"rendered":"A\u011flara tak\u0131lan caretta caretta vatanda\u015flar taraf\u0131ndan kurtar\u0131ld\u0131"},"content":{"rendered":"<p>Mersin\u2019de, v\u00fccuduna a\u011flar\u0131n ve at\u0131klar\u0131n doland\u0131\u011f\u0131 caretta caretta, vatanda\u015flar taraf\u0131ndan kurtar\u0131l\u0131p denize b\u0131rak\u0131ld\u0131.<\/p>\n<p>Edinilen bilgiye g\u00f6re, Mersin\u2019in merkez Mezitli il\u00e7e sahilinde bal\u0131k av\u0131na \u00e7\u0131kan 4 arkada\u015f, yavru bir caretta caretta cinsi deniz kaplumba\u011fas\u0131n\u0131n su y\u00fczeyinde hareketsiz halde durdu\u011funu g\u00f6rd\u00fc. Suya giren bal\u0131k\u00e7\u0131lar taraf\u0131ndan \u00e7\u0131kar\u0131lan yavrunun bedenine a\u011flar ve plastik po\u015fetin doland\u0131\u011f\u0131n\u0131 g\u00f6ren bal\u0131k\u00e7\u0131lar, koruma alt\u0131nda olan ve nesli t\u00fckenme tehlikesi ile kar\u015f\u0131 kar\u015f\u0131ya olan ceratta carettay\u0131 kurtarmak i\u00e7in \u00e7al\u0131\u015fma yapt\u0131.<\/p>\n<p>Makas yard\u0131m\u0131yla at\u0131klar\u0131 ve a\u011flar\u0131 carettan\u0131n \u00fczerinden kesen bal\u0131k\u00e7\u0131lar, kendine gelen deniz kaplumba\u011fas\u0131n\u0131 do\u011fal ya\u015fam\u0131na geri b\u0131rakt\u0131.<\/p>\n","protected":false},"excerpt":{"rendered":"<p>MERS\u0130N&#8217;DE, V\u00dcCUDUNA A\u011eLARIN VE ATIKLARIN DOLANDI\u011eI CARETTA CARETTA, VATANDA\u015eLAR TARAFINDAN KURTARILIP DEN\u0130ZE BIRAKILDI.<\/p>\n","protected":false},"author":1,"featured_media":176253,"comment_status":"closed","ping_status":"open","sticky":false,"template":"","format":"standard","meta":{"jetpack_post_was_ever_published":false,"_jetpack_newsletter_access":"","_jetpack_dont_email_post_to_subs":false,"_jetpack_newsletter_tier_id":0,"_jetpack_memberships_contains_paywalled_content":false,"_jetpack_memberships_contains_paid_content":false,"footnotes":"","jetpack_publicize_message":"","jetpack_publicize_feature_enabled":true,"jetpack_social_post_already_shared":true,"jetpack_social_options":{"image_generator_settings":{"template":"highway","default_image_id":0,"font":"","enabled":false},"version":2}},"categories":[1],"tags":[34836,26539,766,9380,765,2344],"class_list":["post-176252","post","type-post","status-publish","format-standard","has-post-thumbnail","hentry","category-genel","tag-aglara","tag-caretta","tag-kurtarildi","tag-takilan","tag-tarafindan","tag-vatandaslar"],"jetpack_publicize_connections":[],"jetpack_featured_media_url":"https:\/\/i0.wp.com\/www.tvturk.com\/wp-content\/uploads\/2019\/07\/aglara-takilan-caretta-caretta-vatandaslar-tarafindan-kurtarildi_8950313.jpg?fit=414%2C541","jetpack_sharing_enabled":true,"jetpack_shortlink":"https:\/\/wp.me\/paKIfm-JQM","_links":{"self":[{"href":"http:\/\/www.tvturk.com\/index.php\/wp-json\/wp\/v2\/posts\/176252","targetHints":{"allow":["GET"]}}],"collection":[{"href":"http:\/\/www.tvturk.com\/index.php\/wp-json\/wp\/v2\/posts"}],"about":[{"href":"http:\/\/www.tvturk.com\/index.php\/wp-json\/wp\/v2\/types\/post"}],"author":[{"embeddable":true,"href":"http:\/\/www.tvturk.com\/index.php\/wp-json\/wp\/v2\/users\/1"}],"replies":[{"embeddable":true,"href":"http:\/\/www.tvturk.com\/index.php\/wp-json\/wp\/v2\/comments?post=176252"}],"version-history":[{"count":0,"href":"http:\/\/www.tvturk.com\/index.php\/wp-json\/wp\/v2\/posts\/176252\/revisions"}],"wp:featuredmedia":[{"embeddable":true,"href":"http:\/\/www.tvturk.com\/index.php\/wp-json\/wp\/v2\/media\/176253"}],"wp:attachment":[{"href":"http:\/\/www.tvturk.com\/index.php\/wp-json\/wp\/v2\/media?parent=176252"}],"wp:term":[{"taxonomy":"category","embeddable":true,"href":"http:\/\/www.tvturk.com\/index.php\/wp-json\/wp\/v2\/categories?post=176252"},{"taxonomy":"post_tag","embeddable":true,"href":"http:\/\/www.tvturk.com\/index.php\/wp-json\/wp\/v2\/tags?post=176252"}],"curies":[{"name":"wp","href":"https:\/\/api.w.org\/{rel}","templated":true}]}}