{"id":17626,"date":"2019-02-10T11:24:46","date_gmt":"2019-02-10T08:24:46","guid":{"rendered":"http:\/\/www.tvturk.com\/index.php\/kepez-alisveris-festivali-basladi\/"},"modified":"2019-02-10T11:24:49","modified_gmt":"2019-02-10T08:24:49","slug":"kepez-alisveris-festivali-basladi","status":"publish","type":"post","link":"http:\/\/www.tvturk.com\/index.php\/kepez-alisveris-festivali-basladi\/","title":{"rendered":"Kepez Al\u0131\u015fveri\u015f Festivali ba\u015flad\u0131"},"content":{"rendered":"<p>Kepez Belediyesi taraf\u0131ndan d\u00fczenlenen Al\u0131\u015fveri\u015f Festivali, Rock m\u00fczi\u011finin pop\u00fcler gruplar\u0131ndan Kolpa\u2019n\u0131n verdi\u011fi co\u015fkulu konser ile ba\u015flad\u0131.<\/p>\n<p>Pop\u00fc\u00fcer m\u00fczi\u011fin sevilen m\u00fczik gruplar\u0131ndan Kolpa, Kepez Belediyesi\u2019nin d\u00fczenledi\u011fi Al\u0131\u015fveri\u015f Festivali\u2019nde hayranlar\u0131yla bir araya geldi. Kepez Belediyesi\u2019nin tarihi \u00e7ar\u015f\u0131 k\u00fclt\u00fcr\u00fcn\u00fc ya\u015fatmak amac\u0131yla hizmete sundu\u011fu M\u0131s\u0131r \u00c7ar\u015f\u0131s\u0131\u2019nda d\u00fczenlenen Al\u0131\u015fveri\u015f Festivali, co\u015fkulu bir halk konseri ile ba\u015flad\u0131. \u00d6zellikle gen\u00e7lerin \u015fark\u0131lar\u0131n\u0131 ezbere s\u00f6yledi\u011fi m\u00fczik gurubu, M\u0131s\u0131r \u00c7ar\u015f\u0131s\u0131 yan\u0131nda kurulan festival sahnesinde hayranlar\u0131 ile bir araya geldi. Keyifli konserde en sevilen \u015fark\u0131lar\u0131n\u0131 seslendiren gruba, gen\u00e7 hayranlar\u0131 da e\u015flik etti. Kepez Belediyesi hizmet binas\u0131 yan\u0131nda ger\u00e7ekle\u015fen etkinli\u011fe vatanda\u015flardan da rekor say\u0131da kat\u0131l\u0131m oldu.<\/p>\n<p>T\u00fct\u00fcnc\u00fc: \u201cKepez i\u00e7in her zaman en iyisi\u201d<\/p>\n<p>Kepez Belediye Ba\u015fkan\u0131 Hakan T\u00fct\u00fcnc\u00fc, M\u0131s\u0131r \u00c7ar\u015f\u0131s\u0131 Festivalini \u00e7ok g\u00fczel bir konserle ba\u015flatt\u0131klar\u0131n\u0131 s\u00f6yledi. T\u00fct\u00fcnc\u00fc, \u201cBiz sizler i\u00e7in, hem\u015fehrilerimiz i\u00e7in hep daha iyisini, hep daha g\u00fczelini yapmaya \u00e7al\u0131\u015f\u0131yoruz. Daha g\u00fczele, daha iyiye hep birlikte, hep beraber y\u00fcr\u00fcyece\u011fiz. Kepez yeniliklerin \u015fehri, Kepez gen\u00e7lerin \u015fehri, Kepez gelece\u011fe umutla, heyecanla ve g\u00fczelliklerle y\u00fcr\u00fcyor. Sizlerin destekleriyle. Sizler destek verdik\u00e7e, sizler daha g\u00fczel bir \u015fehir hayal ettik\u00e7e bizde bu g\u00fczel hayallere ula\u015faca\u011f\u0131z. Hepinizi \u00e7ok seviyorum. Al\u0131\u015fveri\u015f Festivalimiz hay\u0131rl\u0131, u\u011furlu olsun\u201d dedi.<\/p>\n<p>Ba\u015fkan T\u00fct\u00fcnc\u00fc, konu\u015fmas\u0131n\u0131n ard\u0131ndan Kolpa gurubuna \u00e7i\u00e7ek verdi.<\/p>\n<p>Festival s\u00fcrprizlerle dolu<\/p>\n<p>Co\u015fkulu bir konser ile ba\u015flayan ve 9 \u015eubat- 17 \u015eubat tarihleri aras\u0131nda devam edecek olan Al\u0131\u015fveri\u015f Festivali i\u00e7in dolu dolu bir etkinlik tablosu haz\u0131rland\u0131. Festival kapsam\u0131nda m\u00fczikli yar\u0131\u015fmalar, \u00e7ocuklar i\u00e7in drama etkinli\u011fi, boyama etkinli\u011fi, unutulmaya y\u00fcz tutmu\u015f \u00e7ocuk oyunlar\u0131 yar\u0131\u015flar\u0131 d\u00fczenlenecek. Festival s\u00fcresince al\u0131\u015fveri\u015f yapanlar\u0131 sinema bileti, f\u0131r\u0131n, buzdolab\u0131, \u00e7ama\u015f\u0131r makinesi, bisiklet gibi bir\u00e7ok hediye bekliyor. Festivalde, indirimler, kampanyalar, yeti\u015fkinlere y\u00f6nelik sanatsal etkinliklerde yer alacak.<div class=\"tiled-gallery type-rectangular tiled-gallery-unresized\" data-original-width=\"500\" data-carousel-extra='null' itemscope itemtype=\"http:\/\/schema.org\/ImageGallery\" > <div class=\"gallery-row\" style=\"width: 500px; height: 168px;\" data-original-width=\"500\" data-original-height=\"168\" > <div class=\"gallery-group images-1\" style=\"width: 250px; height: 168px;\" data-original-width=\"250\" data-original-height=\"168\" > <div class=\"tiled-gallery-item tiled-gallery-item-small\" itemprop=\"associatedMedia\" itemscope itemtype=\"http:\/\/schema.org\/ImageObject\"> <a href=\"http:\/\/www.tvturk.com\/index.php\/kepez-alisveris-festivali-basladi\/kepez-alisveris-festivali-basladi-3\/\" border=\"0\" itemprop=\"url\"> <meta itemprop=\"width\" content=\"246\"> <meta itemprop=\"height\" content=\"164\"> <img decoding=\"async\" class=\"\" data-attachment-id=\"17628\" data-orig-file=\"http:\/\/www.tvturk.com\/wp-content\/uploads\/2019\/02\/kepez-alisveris-festivali-basladi_96dcc9b.jpg\" data-orig-size=\"1000,666\" data-comments-opened=\"\" data-image-meta=\"{&quot;aperture&quot;:&quot;0&quot;,&quot;credit&quot;:&quot;IHA&quot;,&quot;camera&quot;:&quot;&quot;,&quot;caption&quot;:&quot;KEPEZ BELED\\u0130YES\\u0130 TARAFINDAN D\\u00dcZENLENEN ALI\\u015eVER\\u0130\\u015e FEST\\u0130VAL\\u0130, ROCK M\\u00dcZ\\u0130\\u011e\\u0130N\\u0130N POP\\u00dcLER GRUPLARINDAN KOLPA\\u2019NIN VERD\\u0130\\u011e\\u0130 CO\\u015eKULU KONSER \\u0130LE BA\\u015eLADI. (\\u0130HA\\\/ANTALYA-\\u0130HA)&quot;,&quot;created_timestamp&quot;:&quot;0&quot;,&quot;copyright&quot;:&quot;\\u0130HLAS HABER AJANSI, www.iha.com.tr&quot;,&quot;focal_length&quot;:&quot;0&quot;,&quot;iso&quot;:&quot;0&quot;,&quot;shutter_speed&quot;:&quot;0&quot;,&quot;title&quot;:&quot;KEPEZ ALI\\u015eVER\\u0130\\u015e FEST\\u0130VAL\\u0130 BA\\u015eLADI&quot;,&quot;orientation&quot;:&quot;0&quot;}\" data-image-title=\"Kepez Al\u0131\u015fveri\u015f Festivali ba\u015flad\u0131\" data-image-description=\"&lt;p&gt;Kepez Al\u0131\u015fveri\u015f Festivali ba\u015flad\u0131&lt;\/p&gt; \" data-medium-file=\"https:\/\/i0.wp.com\/www.tvturk.com\/wp-content\/uploads\/2019\/02\/kepez-alisveris-festivali-basladi_96dcc9b.jpg?fit=300%2C200\" data-large-file=\"https:\/\/i0.wp.com\/www.tvturk.com\/wp-content\/uploads\/2019\/02\/kepez-alisveris-festivali-basladi_96dcc9b.jpg?fit=1000%2C666\" src=\"https:\/\/i0.wp.com\/www.tvturk.com\/wp-content\/uploads\/2019\/02\/kepez-alisveris-festivali-basladi_96dcc9b.jpg?w=246&#038;h=164\" srcset=\"https:\/\/i0.wp.com\/www.tvturk.com\/wp-content\/uploads\/2019\/02\/kepez-alisveris-festivali-basladi_96dcc9b.jpg?w=1000 1000w, https:\/\/i0.wp.com\/www.tvturk.com\/wp-content\/uploads\/2019\/02\/kepez-alisveris-festivali-basladi_96dcc9b.jpg?resize=150%2C100 150w, https:\/\/i0.wp.com\/www.tvturk.com\/wp-content\/uploads\/2019\/02\/kepez-alisveris-festivali-basladi_96dcc9b.jpg?resize=300%2C200 300w, https:\/\/i0.wp.com\/www.tvturk.com\/wp-content\/uploads\/2019\/02\/kepez-alisveris-festivali-basladi_96dcc9b.jpg?resize=768%2C511 768w, https:\/\/i0.wp.com\/www.tvturk.com\/wp-content\/uploads\/2019\/02\/kepez-alisveris-festivali-basladi_96dcc9b.jpg?resize=170%2C113 170w, https:\/\/i0.wp.com\/www.tvturk.com\/wp-content\/uploads\/2019\/02\/kepez-alisveris-festivali-basladi_96dcc9b.jpg?resize=120%2C80 120w\" width=\"246\" height=\"164\" loading=\"lazy\" data-original-width=\"246\" data-original-height=\"164\" itemprop=\"http:\/\/schema.org\/image\" title=\"Kepez Al\u0131\u015fveri\u015f Festivali ba\u015flad\u0131\" alt=\"Kepez Al\u0131\u015fveri\u015f Festivali ba\u015flad\u0131\" style=\"width: 246px; height: 164px;\" \/> <\/a> <\/div> <\/div> <!-- close group --> <div class=\"gallery-group images-1\" style=\"width: 250px; height: 168px;\" data-original-width=\"250\" data-original-height=\"168\" > <div class=\"tiled-gallery-item tiled-gallery-item-small\" itemprop=\"associatedMedia\" itemscope itemtype=\"http:\/\/schema.org\/ImageObject\"> <a href=\"http:\/\/www.tvturk.com\/index.php\/kepez-alisveris-festivali-basladi\/kepez-alisveris-festivali-basladi-4\/\" border=\"0\" itemprop=\"url\"> <meta itemprop=\"width\" content=\"246\"> <meta itemprop=\"height\" content=\"164\"> <img decoding=\"async\" class=\"\" data-attachment-id=\"17629\" data-orig-file=\"http:\/\/www.tvturk.com\/wp-content\/uploads\/2019\/02\/kepez-alisveris-festivali-basladi_f1454ca.jpg\" data-orig-size=\"1000,666\" data-comments-opened=\"\" data-image-meta=\"{&quot;aperture&quot;:&quot;0&quot;,&quot;credit&quot;:&quot;IHA&quot;,&quot;camera&quot;:&quot;&quot;,&quot;caption&quot;:&quot;KEPEZ BELED\\u0130YES\\u0130 TARAFINDAN D\\u00dcZENLENEN ALI\\u015eVER\\u0130\\u015e FEST\\u0130VAL\\u0130, ROCK M\\u00dcZ\\u0130\\u011e\\u0130N\\u0130N POP\\u00dcLER GRUPLARINDAN KOLPA\\u2019NIN VERD\\u0130\\u011e\\u0130 CO\\u015eKULU KONSER \\u0130LE BA\\u015eLADI. (\\u0130HA\\\/ANTALYA-\\u0130HA)&quot;,&quot;created_timestamp&quot;:&quot;0&quot;,&quot;copyright&quot;:&quot;\\u0130HLAS HABER AJANSI, www.iha.com.tr&quot;,&quot;focal_length&quot;:&quot;0&quot;,&quot;iso&quot;:&quot;0&quot;,&quot;shutter_speed&quot;:&quot;0&quot;,&quot;title&quot;:&quot;KEPEZ ALI\\u015eVER\\u0130\\u015e FEST\\u0130VAL\\u0130 BA\\u015eLADI&quot;,&quot;orientation&quot;:&quot;0&quot;}\" data-image-title=\"Kepez Al\u0131\u015fveri\u015f Festivali ba\u015flad\u0131\" data-image-description=\"&lt;p&gt;Kepez Al\u0131\u015fveri\u015f Festivali ba\u015flad\u0131&lt;\/p&gt; \" data-medium-file=\"https:\/\/i0.wp.com\/www.tvturk.com\/wp-content\/uploads\/2019\/02\/kepez-alisveris-festivali-basladi_f1454ca.jpg?fit=300%2C200\" data-large-file=\"https:\/\/i0.wp.com\/www.tvturk.com\/wp-content\/uploads\/2019\/02\/kepez-alisveris-festivali-basladi_f1454ca.jpg?fit=1000%2C666\" src=\"https:\/\/i0.wp.com\/www.tvturk.com\/wp-content\/uploads\/2019\/02\/kepez-alisveris-festivali-basladi_f1454ca.jpg?w=246&#038;h=164\" srcset=\"https:\/\/i0.wp.com\/www.tvturk.com\/wp-content\/uploads\/2019\/02\/kepez-alisveris-festivali-basladi_f1454ca.jpg?w=1000 1000w, https:\/\/i0.wp.com\/www.tvturk.com\/wp-content\/uploads\/2019\/02\/kepez-alisveris-festivali-basladi_f1454ca.jpg?resize=150%2C100 150w, https:\/\/i0.wp.com\/www.tvturk.com\/wp-content\/uploads\/2019\/02\/kepez-alisveris-festivali-basladi_f1454ca.jpg?resize=300%2C200 300w, https:\/\/i0.wp.com\/www.tvturk.com\/wp-content\/uploads\/2019\/02\/kepez-alisveris-festivali-basladi_f1454ca.jpg?resize=768%2C511 768w, https:\/\/i0.wp.com\/www.tvturk.com\/wp-content\/uploads\/2019\/02\/kepez-alisveris-festivali-basladi_f1454ca.jpg?resize=170%2C113 170w, https:\/\/i0.wp.com\/www.tvturk.com\/wp-content\/uploads\/2019\/02\/kepez-alisveris-festivali-basladi_f1454ca.jpg?resize=120%2C80 120w\" width=\"246\" height=\"164\" loading=\"lazy\" data-original-width=\"246\" data-original-height=\"164\" itemprop=\"http:\/\/schema.org\/image\" title=\"Kepez Al\u0131\u015fveri\u015f Festivali ba\u015flad\u0131\" alt=\"Kepez Al\u0131\u015fveri\u015f Festivali ba\u015flad\u0131\" style=\"width: 246px; height: 164px;\" \/> <\/a> <\/div> <\/div> <!-- close group --> <\/div> <!-- close row --> <\/div><\/p>\n","protected":false},"excerpt":{"rendered":"<p>KEPEZ BELED\u0130YES\u0130 TARAFINDAN D\u00dcZENLENEN ALI\u015eVER\u0130\u015e FEST\u0130VAL\u0130, ROCK M\u00dcZ\u0130\u011e\u0130N\u0130N POP\u00dcLER GRUPLARINDAN KOLPA\u2019NIN VERD\u0130\u011e\u0130 CO\u015eKULU KONSER \u0130LE BA\u015eLADI.<\/p>\n","protected":false},"author":1,"featured_media":17627,"comment_status":"closed","ping_status":"open","sticky":false,"template":"","format":"standard","meta":{"jetpack_post_was_ever_published":false,"_jetpack_newsletter_access":"","_jetpack_dont_email_post_to_subs":false,"_jetpack_newsletter_tier_id":0,"_jetpack_memberships_contains_paywalled_content":false,"_jetpack_memberships_contains_paid_content":false,"footnotes":"","jetpack_publicize_message":"","jetpack_publicize_feature_enabled":true,"jetpack_social_post_already_shared":false,"jetpack_social_options":{"image_generator_settings":{"template":"highway","default_image_id":0,"font":"","enabled":false},"version":2}},"categories":[655],"tags":[1334,55,3400,2050],"class_list":["post-17626","post","type-post","status-publish","format-standard","has-post-thumbnail","hentry","category-son-dakika","tag-alisveris","tag-basladi","tag-festivali","tag-kepez"],"jetpack_publicize_connections":[],"jetpack_featured_media_url":"https:\/\/i0.wp.com\/www.tvturk.com\/wp-content\/uploads\/2019\/02\/kepez-alisveris-festivali-basladi_97b01ea.jpg?fit=1000%2C666","jetpack_sharing_enabled":true,"jetpack_shortlink":"https:\/\/wp.me\/paKIfm-4Ai","_links":{"self":[{"href":"http:\/\/www.tvturk.com\/index.php\/wp-json\/wp\/v2\/posts\/17626","targetHints":{"allow":["GET"]}}],"collection":[{"href":"http:\/\/www.tvturk.com\/index.php\/wp-json\/wp\/v2\/posts"}],"about":[{"href":"http:\/\/www.tvturk.com\/index.php\/wp-json\/wp\/v2\/types\/post"}],"author":[{"embeddable":true,"href":"http:\/\/www.tvturk.com\/index.php\/wp-json\/wp\/v2\/users\/1"}],"replies":[{"embeddable":true,"href":"http:\/\/www.tvturk.com\/index.php\/wp-json\/wp\/v2\/comments?post=17626"}],"version-history":[{"count":1,"href":"http:\/\/www.tvturk.com\/index.php\/wp-json\/wp\/v2\/posts\/17626\/revisions"}],"predecessor-version":[{"id":17630,"href":"http:\/\/www.tvturk.com\/index.php\/wp-json\/wp\/v2\/posts\/17626\/revisions\/17630"}],"wp:featuredmedia":[{"embeddable":true,"href":"http:\/\/www.tvturk.com\/index.php\/wp-json\/wp\/v2\/media\/17627"}],"wp:attachment":[{"href":"http:\/\/www.tvturk.com\/index.php\/wp-json\/wp\/v2\/media?parent=17626"}],"wp:term":[{"taxonomy":"category","embeddable":true,"href":"http:\/\/www.tvturk.com\/index.php\/wp-json\/wp\/v2\/categories?post=17626"},{"taxonomy":"post_tag","embeddable":true,"href":"http:\/\/www.tvturk.com\/index.php\/wp-json\/wp\/v2\/tags?post=17626"}],"curies":[{"name":"wp","href":"https:\/\/api.w.org\/{rel}","templated":true}]}}