{"id":176264,"date":"2019-07-01T13:01:24","date_gmt":"2019-07-01T10:01:24","guid":{"rendered":"http:\/\/www.tvturk.com\/index.php\/aybek-ve-annesi-turkiyeden-yardim-bekliyor-2\/"},"modified":"2019-07-01T13:01:24","modified_gmt":"2019-07-01T10:01:24","slug":"aybek-ve-annesi-turkiyeden-yardim-bekliyor-2","status":"publish","type":"post","link":"http:\/\/www.tvturk.com\/index.php\/aybek-ve-annesi-turkiyeden-yardim-bekliyor-2\/","title":{"rendered":"Aybek ve annesi T\u00fcrkiye\u2019den yard\u0131m bekliyor"},"content":{"rendered":"<p>Annesi ile birlikte hayata tutunmaya \u00e7al\u0131\u015fan K\u0131rg\u0131z yetim Aybek Asanov\u2019un evi bir an \u00f6nce yenilenmezse, mevcut evleri y\u0131k\u0131lma tehlikesiyle kar\u015f\u0131 kar\u015f\u0131ya. Yetim Aybek ve annesi, T\u00fcrkiye\u2019den yard\u0131m bekliyor.<\/p>\n<p>Ramazan 2019 \u00e7al\u0131\u015fmalar\u0131 kapsam\u0131nda K\u0131rg\u0131zistan\u2019da bulunan \u0130HH \u0130nsani Yard\u0131m Vakf\u0131 ekibi, kumanya kolisi da\u011f\u0131t\u0131m\u0131 i\u00e7in \u00c7\u00fcy B\u00f6lgesi\u2019nin Is\u0131k-Ata il\u00e7esine gitti. \u0130HH ekibi, Y\u00fcrevka k\u00f6y\u00fcnde annesiyle tek ba\u015f\u0131na ya\u015fam m\u00fccadelesi veren Aybek Asanov\u2019un da bir ayl\u0131k Ramazan kumanya ihtiyac\u0131n\u0131 kar\u015f\u0131layabilmeleri i\u00e7in gerekli yard\u0131m kolisini kendilerine teslim etti. Fakat Aybek ve annesinin ya\u015fad\u0131\u011f\u0131 evleri y\u0131k\u0131lma tehlikesiyle kar\u015f\u0131 kar\u015f\u0131ya.<\/p>\n<p>K\u00fc\u00e7\u00fck ya\u015fta babas\u0131n\u0131 kaybeden Aybek, k\u00fc\u00e7\u00fck \u00e7apl\u0131 i\u015flerde \u00e7al\u0131\u015farak annesine bakmaya \u00e7al\u0131\u015f\u0131yor. Yerel imkanlarla temelleri at\u0131lan ve maddi imkans\u0131zl\u0131klar nedeniyle tamamlanamayan ev projesinin bir an \u00f6nce bitirilmesi gerekiyor. Aksi takdirde \u015fu an bulunduklar\u0131 ev her an \u00e7\u00f6kme riskiyle kar\u015f\u0131 kar\u015f\u0131ya. \u0130HH \u0130nsani Yard\u0131m Vakf\u0131, gerekli ba\u011f\u0131\u015f\u0131n gelmesi kar\u015f\u0131l\u0131\u011f\u0131nda Aybek ve ailesini yeni bir yuvaya kavu\u015fturacak.<\/p>\n","protected":false},"excerpt":{"rendered":"<p>ANNES\u0130 \u0130LE B\u0130RL\u0130KTE HAYATA TUTUNMAYA \u00c7ALI\u015eAN KIRGIZ YET\u0130M AYBEK ASANOV\u2019UN EV\u0130 B\u0130R AN \u00d6NCE YEN\u0130LENMEZSE, MEVCUT EVLER\u0130 YIKILMA TEHL\u0130KES\u0130YLE KAR\u015eI KAR\u015eIYA. YET\u0130M AYBEK VE ANNES\u0130, T\u00dcRK\u0130YE\u2019DEN YARDIM BEKL\u0130YOR.<\/p>\n","protected":false},"author":1,"featured_media":176265,"comment_status":"closed","ping_status":"open","sticky":false,"template":"","format":"standard","meta":{"jetpack_post_was_ever_published":false,"_jetpack_newsletter_access":"","_jetpack_dont_email_post_to_subs":false,"_jetpack_newsletter_tier_id":0,"_jetpack_memberships_contains_paywalled_content":false,"_jetpack_memberships_contains_paid_content":false,"footnotes":"","jetpack_publicize_message":"","jetpack_publicize_feature_enabled":true,"jetpack_social_post_already_shared":true,"jetpack_social_options":{"image_generator_settings":{"template":"highway","default_image_id":0,"font":"","enabled":false},"version":2}},"categories":[10],"tags":[5282,37460,4378,11565,1736],"class_list":["post-176264","post","type-post","status-publish","format-standard","has-post-thumbnail","hentry","category-dunya","tag-annesi","tag-aybek","tag-bekliyor","tag-turkiyeden","tag-yardim"],"jetpack_publicize_connections":[],"jetpack_featured_media_url":"https:\/\/i0.wp.com\/www.tvturk.com\/wp-content\/uploads\/2019\/07\/aybek-ve-annesi-turkiyeden-yardim-bekliyor_400ed62.jpg?fit=1000%2C666","jetpack_sharing_enabled":true,"jetpack_shortlink":"https:\/\/wp.me\/paKIfm-JQY","_links":{"self":[{"href":"http:\/\/www.tvturk.com\/index.php\/wp-json\/wp\/v2\/posts\/176264","targetHints":{"allow":["GET"]}}],"collection":[{"href":"http:\/\/www.tvturk.com\/index.php\/wp-json\/wp\/v2\/posts"}],"about":[{"href":"http:\/\/www.tvturk.com\/index.php\/wp-json\/wp\/v2\/types\/post"}],"author":[{"embeddable":true,"href":"http:\/\/www.tvturk.com\/index.php\/wp-json\/wp\/v2\/users\/1"}],"replies":[{"embeddable":true,"href":"http:\/\/www.tvturk.com\/index.php\/wp-json\/wp\/v2\/comments?post=176264"}],"version-history":[{"count":0,"href":"http:\/\/www.tvturk.com\/index.php\/wp-json\/wp\/v2\/posts\/176264\/revisions"}],"wp:featuredmedia":[{"embeddable":true,"href":"http:\/\/www.tvturk.com\/index.php\/wp-json\/wp\/v2\/media\/176265"}],"wp:attachment":[{"href":"http:\/\/www.tvturk.com\/index.php\/wp-json\/wp\/v2\/media?parent=176264"}],"wp:term":[{"taxonomy":"category","embeddable":true,"href":"http:\/\/www.tvturk.com\/index.php\/wp-json\/wp\/v2\/categories?post=176264"},{"taxonomy":"post_tag","embeddable":true,"href":"http:\/\/www.tvturk.com\/index.php\/wp-json\/wp\/v2\/tags?post=176264"}],"curies":[{"name":"wp","href":"https:\/\/api.w.org\/{rel}","templated":true}]}}