{"id":176280,"date":"2019-07-01T13:16:30","date_gmt":"2019-07-01T10:16:30","guid":{"rendered":"http:\/\/www.tvturk.com\/index.php\/ozel-haber-80-yasindaki-demir-ustasi-makinelere-yenik-dustu\/"},"modified":"2019-07-01T13:16:30","modified_gmt":"2019-07-01T10:16:30","slug":"ozel-haber-80-yasindaki-demir-ustasi-makinelere-yenik-dustu","status":"publish","type":"post","link":"http:\/\/www.tvturk.com\/index.php\/ozel-haber-80-yasindaki-demir-ustasi-makinelere-yenik-dustu\/","title":{"rendered":"(\u00d6zel Haber) 80 ya\u015f\u0131ndaki demir ustas\u0131 makinelere yenik d\u00fc\u015ft\u00fc"},"content":{"rendered":"<p>K\u0131rklareli\u2019nin en eski demir ustas\u0131 Sebahattin Pamuk, son d\u00f6nemlerde artan makine g\u00fcc\u00fcne yenik d\u00fc\u015ft\u00fc.<\/p>\n<p>Demir ustal\u0131\u011f\u0131n\u0131 babas\u0131ndan \u00f6\u011frenen Sebahattin Pamuk, babas\u0131n\u0131n ise demir mesle\u011fini Ermeni ustalardan \u00f6\u011frendi\u011fini dile getirerek, &#8220;Benim rahmetli babam\u0131n ismi Salih Pamuk. Yunanistan Selanik\u2019ten gelmi\u015fler. Rahmetli babam bu mesle\u011fi Ermeni ustalardan \u00f6\u011frenmi\u015f. Daha sonra K\u0131rklareli\u2019ne gelmi\u015f ve burada d\u00fckkan a\u00e7m\u0131\u015f&#8221; dedi.<\/p>\n<p>D\u00fckkan a\u00e7t\u0131ktan sonra 15-20 zanaatkar yeti\u015ftirdi\u011fini dile getiren 80 ya\u015f\u0131ndaki Sebahattin Pamuk, &#8220;Rahmetli babam tarlalar\u0131nda orak dedi\u011fimiz yapt\u0131\u011f\u0131 di\u015fli oraklar\u0131 di\u015fledi\u011fi zaman yedi sene aral\u0131ks\u0131z \u00e7al\u0131\u015f\u0131rm\u0131\u015f. Ba\u015fka memleketlerden b\u00fct\u00fcn ustalar rahmetli babam\u0131n oraklar\u0131 nas\u0131l yapt\u0131\u011f\u0131na, nas\u0131l i\u015fledi\u011fine bakmaya geliyormu\u015f. Rahmetli babam Pamuk usta ismini yani o \u015f\u00f6hreti zanaati sayesinde alm\u0131\u015f. Ondan sonra bizleri de yeti\u015ftirdi. Bizler de bu meslekte bu boya geldik, \u00e7oluk \u00e7ocuk yeti\u015ftirdik. Ama maalesef tabi teknolojinin piyasaya \u00e7\u0131kmas\u0131yla mesle\u011fimiz yava\u015f yava\u015f kaybolmaya ba\u015flad\u0131. Biz de bununla beraber haz\u0131r mal satarak ekmek param\u0131z\u0131 kazanmaya ba\u015flad\u0131k. Tabi bununla beraber b\u00fct\u00fcn tak\u0131mlar\u0131m\u0131z taklavatlar\u0131m\u0131z \u00f6ylece kald\u0131&#8221; \u015feklinde konu\u015ftu.<\/p>\n","protected":false},"excerpt":{"rendered":"<p>KIRKLAREL\u0130&#8217;N\u0130N EN ESK\u0130 DEM\u0130R USTASI SEBAHATT\u0130N PAMUK SON D\u00d6NEMLERDE ARTAN MAK\u0130NA G\u00dcC\u00dcNE YEN\u0130K D\u00dc\u015eT\u00dc.<\/p>\n","protected":false},"author":1,"featured_media":176281,"comment_status":"closed","ping_status":"open","sticky":false,"template":"","format":"standard","meta":{"jetpack_post_was_ever_published":false,"_jetpack_newsletter_access":"","_jetpack_dont_email_post_to_subs":false,"_jetpack_newsletter_tier_id":0,"_jetpack_memberships_contains_paywalled_content":false,"_jetpack_memberships_contains_paid_content":false,"footnotes":"","jetpack_publicize_message":"","jetpack_publicize_feature_enabled":true,"jetpack_social_post_already_shared":true,"jetpack_social_options":{"image_generator_settings":{"template":"highway","default_image_id":0,"font":"","enabled":false},"version":2}},"categories":[1],"tags":[1073,491,1613,1545,10551,10585,1063,3260],"class_list":["post-176280","post","type-post","status-publish","format-standard","has-post-thumbnail","hentry","category-genel","tag-ozel","tag-demir","tag-dustu","tag-haber","tag-makinelere","tag-ustasi","tag-yasindaki","tag-yenik"],"jetpack_publicize_connections":[],"jetpack_featured_media_url":"https:\/\/i0.wp.com\/www.tvturk.com\/wp-content\/uploads\/2019\/07\/ozel-haber-80-yasindaki-demir-ustasi-makinelere-yenik-dustu_dcbab05.jpg?fit=1000%2C666","jetpack_sharing_enabled":true,"jetpack_shortlink":"https:\/\/wp.me\/paKIfm-JRe","_links":{"self":[{"href":"http:\/\/www.tvturk.com\/index.php\/wp-json\/wp\/v2\/posts\/176280","targetHints":{"allow":["GET"]}}],"collection":[{"href":"http:\/\/www.tvturk.com\/index.php\/wp-json\/wp\/v2\/posts"}],"about":[{"href":"http:\/\/www.tvturk.com\/index.php\/wp-json\/wp\/v2\/types\/post"}],"author":[{"embeddable":true,"href":"http:\/\/www.tvturk.com\/index.php\/wp-json\/wp\/v2\/users\/1"}],"replies":[{"embeddable":true,"href":"http:\/\/www.tvturk.com\/index.php\/wp-json\/wp\/v2\/comments?post=176280"}],"version-history":[{"count":0,"href":"http:\/\/www.tvturk.com\/index.php\/wp-json\/wp\/v2\/posts\/176280\/revisions"}],"wp:featuredmedia":[{"embeddable":true,"href":"http:\/\/www.tvturk.com\/index.php\/wp-json\/wp\/v2\/media\/176281"}],"wp:attachment":[{"href":"http:\/\/www.tvturk.com\/index.php\/wp-json\/wp\/v2\/media?parent=176280"}],"wp:term":[{"taxonomy":"category","embeddable":true,"href":"http:\/\/www.tvturk.com\/index.php\/wp-json\/wp\/v2\/categories?post=176280"},{"taxonomy":"post_tag","embeddable":true,"href":"http:\/\/www.tvturk.com\/index.php\/wp-json\/wp\/v2\/tags?post=176280"}],"curies":[{"name":"wp","href":"https:\/\/api.w.org\/{rel}","templated":true}]}}