{"id":176288,"date":"2019-07-01T13:31:48","date_gmt":"2019-07-01T10:31:48","guid":{"rendered":"http:\/\/www.tvturk.com\/index.php\/siirtte-112ye-yapilan-cagrilar-bu-kadarina-da-pes-dedirtti\/"},"modified":"2019-07-01T13:31:48","modified_gmt":"2019-07-01T10:31:48","slug":"siirtte-112ye-yapilan-cagrilar-bu-kadarina-da-pes-dedirtti","status":"publish","type":"post","link":"http:\/\/www.tvturk.com\/index.php\/siirtte-112ye-yapilan-cagrilar-bu-kadarina-da-pes-dedirtti\/","title":{"rendered":"Siirt\u2019te 112\u2019ye yap\u0131lan \u00e7a\u011fr\u0131lar \u2018bu kadar\u0131na da pes\u2019 dedirtti"},"content":{"rendered":"<p>Siirt \u0130l Sa\u011fl\u0131k M\u00fcd\u00fcrl\u00fc\u011f\u00fc b\u00fcnyesindeki 112 Komuta Kontrol Merkezi\u2019ne gelen ilgin\u00e7 \u00e7a\u011fr\u0131lar pes art\u0131k dedirtti. Alo 112\u2019ye gelen \u201c\u0130ne\u011fim do\u011fum yapt\u0131, koyunlar\u0131m ke\u00e7ilerim bana k\u00fcst\u00fc ne yapay\u0131m\u201d tarz\u0131 \u00e7a\u011fr\u0131lar nedeni ile as\u0131l hastalar ma\u011fduriyet ya\u015f\u0131yor.<\/p>\n<p>Siirt \u0130l Sa\u011fl\u0131k M\u00fcd\u00fcrl\u00fc\u011f\u00fc b\u00fcnyesindeki 112 Komuta Kontrol Merkezi\u2019ne gelen ilgin\u00e7 \u00e7a\u011fr\u0131lar pes art\u0131k dedirtti. Komuta merkezine bir g\u00fcnde yap\u0131lan \u00e7a\u011fr\u0131lar\u0131n y\u00fczde 80\u2019inin as\u0131ls\u0131z oldu\u011fu ortaya \u00e7\u0131karken, \u2018\u0130ne\u011fim do\u011fum yapt\u0131, koyunlar\u0131m ke\u00e7ilerim bana k\u00fcst\u00fc\u2019 tarz\u0131ndaki \u00e7a\u011fr\u0131lar, as\u0131l hastalar\u0131n ma\u011fdur edilmesine neden oluyor.<\/p>\n<p>Acil Sa\u011fl\u0131k Hizmetleri Ba\u015fkan\u0131 Dr. \u00c7i\u011fdem Karatay, 112 Acil \u00c7a\u011fr\u0131 Merkezi\u2019nin sa\u011fl\u0131k alan\u0131nda yard\u0131ma ihtiya\u00e7 duyan insanlar i\u00e7in hizmet verdi\u011fini belirterek, \u015faka veya merak ama\u00e7l\u0131 olarak yap\u0131lan \u00e7a\u011fr\u0131lar\u0131n, trafikte ambulansa yol vermeme ile e\u015f de\u011ferde oldu\u011funu s\u00f6yledi. Dr. Karatay, \u201c112 acil sa\u011fl\u0131k hizmetlerinin amac\u0131 \u00e7a\u011fr\u0131y\u0131 ald\u0131ktan itibaren hastaya en k\u0131sa s\u00fcre de ula\u015fmak tedavisine uygun yere uygun merkeze en k\u0131sa s\u00fcrede ula\u015ft\u0131rmakt\u0131r. 112 acil \u00e7a\u011fr\u0131 merkezi numaras\u0131d\u0131r ve gereksiz aranmamal\u0131d\u0131r. Acil merkezine gelen \u00e7a\u011fr\u0131lar\u0131n b\u00fcy\u00fck bir k\u0131sm\u0131 maalesef merak \u00fczerine veya \u015faka ama\u00e7l\u0131 olan gereksiz \u00e7a\u011fr\u0131lard\u0131r. Bu aramalar ger\u00e7ek \u00e7a\u011fr\u0131lara ula\u015fmay\u0131 engellemektedir. Ayda ortalama \u00e7a\u011fr\u0131 merkezimize 80 bin \u00e7a\u011fr\u0131 d\u00fc\u015fmekte bunun 65 bin \u00e7a\u011fr\u0131s\u0131 as\u0131ls\u0131z ihbar \u00e7\u0131kmakta, gereksiz me\u015fgul eden vatanda\u015flar\u0131n yapm\u0131\u015f oldu\u011fu \u00e7a\u011fr\u0131lardan olu\u015fmaktad\u0131r\u201d dedi.<\/p>\n<p>\u201cHer g\u00fcn saat 08.00\u2019da aray\u0131p saat 08.00 diyen bir vatanda\u015f var\u201d<\/p>\n<p>Gelen as\u0131ls\u0131z \u00e7a\u011fr\u0131lar i\u00e7inde ke\u00e7isi do\u011fum yapt\u0131\u011f\u0131 i\u00e7in yard\u0131m isteyen vatanda\u015flar\u0131n da oldu\u011funu kaydeden Dr. Karatay, \u201cHer g\u00fcn ayn\u0131 saatte aray\u0131p saat 8 diyen vatanda\u015f\u0131m\u0131z var bir tane. \u0130ne\u011finin psikolojisi bozuldu diye arayan vatanda\u015f\u0131m\u0131z var. \u00c7ocu\u011funun rahats\u0131z oldu\u011funu ate\u015finin oldu\u011funu s\u00f6yleyen bir vatanda\u015f\u0131m\u0131za 112 ekipleri gitti\u011finde 2 ya\u015f\u0131nda olan \u00e7ocu\u011funun bir k\u00f6pek oldu\u011funu fark ediyor, vatanda\u015fta o benim \u00e7ocu\u011fum \u015feklinde cevap veriyor. Bu \u015fekilde vak\u2019alar\u0131m\u0131z var. Koyunlar\u0131m\u0131n psikolojisi bozuldu bana s\u0131rtlar\u0131n\u0131 d\u00f6nd\u00fc, konu\u015fmuyorlar benimle diye me\u015fgul eden vatanda\u015flar\u0131m\u0131z var. Buruya ambulans g\u00f6nderin \u00e7ok say\u0131da \u00f6l\u00fc var \u015feklinde aramalar geliyor neredesiniz diye sordu\u011funda arkada\u015flar mezarl\u0131ktan ar\u0131yorum diyor\u201d diye konu\u015ftu.<\/p>\n<p>\u201cG\u00fcnde 2 bin \u00e7a\u011fr\u0131n\u0131n 100 tanesi ger\u00e7ek vak\u2019a\u201d<\/p>\n<p>G\u00fcnde 2 bine yak\u0131n \u00e7a\u011fr\u0131 ald\u0131klar\u0131n\u0131 belirten \u00e7a\u011fr\u0131 merkezinde g\u00f6revli Hac\u0131 Ayd\u0131n, bu \u00e7a\u011fr\u0131lar\u0131n yakla\u015f\u0131k 100 tanesinin vak\u2019a \u015feklinde oldu\u011funu geriye kalan bin 900 \u00e7a\u011fr\u0131n\u0131n as\u0131ls\u0131z oldu\u011funu dile getirdi. Ayd\u0131n, \u201cS\u00fcrekli me\u015fgul ediyorlar 112\u2019yi. Buda bizim ihtiyac\u0131 olan hastalara ula\u015fmam\u0131z\u0131 engelliyor. Vakit kayb\u0131na neden oluyor. Buda bizim i\u00e7in b\u00fcy\u00fck s\u0131k\u0131nt\u0131lar ya\u015fat\u0131yor. Ayn\u0131 zamanda hastaya ula\u015f\u0131m konusunda da s\u0131k\u0131nt\u0131lar ya\u015f\u0131yoruz. Bize gelen vak\u2019alarda daha \u00e7ok il\u00e7elerde oluyor, hasta buray\u0131 ar\u0131yor tabi biz g\u00f6rmedi\u011fimiz i\u00e7in ekibimizi y\u00f6nlendiriyoruz. Hasta oldu\u011funu s\u00f6yl\u00fcyor ekibimiz oraya gitti\u011fi zaman hasta numaras\u0131 yap\u0131yor. Hastaneye getirdi\u011fimiz zaman hastada herhangi bir \u015fey \u00e7\u0131km\u0131yor y\u00fcr\u00fcyerek hastaneye bile girmeden misafirli\u011fe veya bir i\u015fi varsa i\u015fini halletmeye geliyor. Bu t\u00fcr vak\u2019alarla da \u00e7ok kar\u015f\u0131la\u015f\u0131yoruz\u201d \u015feklinde konu\u015ftu.<\/p>\n<p>112 \u00e7a\u011fr\u0131 merkezini daha \u00e7ok \u00e7ocuklar\u0131n me\u015fgul etti\u011fini belirten \u00e7a\u011fr\u0131 merkezinde g\u00f6revli Feryat Erdemci ise, bu konuda ailelerin \u00e7ocuklar\u0131n\u0131 uyarmalar\u0131n\u0131 istedi\u011fini belirtti. Erdemci, \u201cSiirt merkez ve il\u00e7eler olmak \u00fczere toplam 2 bin \u00e7a\u011fr\u0131 al\u0131yoruz. \u00c7o\u011fu as\u0131ls\u0131z vak\u2019a. Bizim g\u00fczel insanlar\u0131m\u0131zdan iste\u011fimiz, ricam\u0131z \u00e7ocuklar\u0131m\u0131z\u0131 etraf\u0131m\u0131zdaki insanlar\u0131 bilin\u00e7lendirelim\u201d dedi.<\/p>\n","protected":false},"excerpt":{"rendered":"<p>S\u0130\u0130RT \u0130L SA\u011eLIK M\u00dcD\u00dcRL\u00dc\u011e\u00dc B\u00dcNYES\u0130NDEK\u0130 112 KOMUTA KONTROL MERKEZ\u0130\u2019NE GELEN \u0130LG\u0130N\u00c7 \u00c7A\u011eRILAR PES ARTIK DED\u0130RTT\u0130. ALO 112\u2019YE GELEN \u201c\u0130NE\u011e\u0130M DO\u011eUM YAPTI, KOYUNLARIM KE\u00c7\u0130LER\u0130M BANA K\u00dcST\u00dc NE YAPAYIM\u201d TARZI \u00c7A\u011eRILAR NEDEN\u0130 \u0130LE ASIL HASTALAR MA\u011eDUR\u0130YET YA\u015eIYOR.<\/p>\n","protected":false},"author":1,"featured_media":176289,"comment_status":"closed","ping_status":"open","sticky":false,"template":"","format":"standard","meta":{"jetpack_post_was_ever_published":false,"_jetpack_newsletter_access":"","_jetpack_dont_email_post_to_subs":false,"_jetpack_newsletter_tier_id":0,"_jetpack_memberships_contains_paywalled_content":false,"_jetpack_memberships_contains_paid_content":false,"footnotes":"","jetpack_publicize_message":"","jetpack_publicize_feature_enabled":true,"jetpack_social_post_already_shared":true,"jetpack_social_options":{"image_generator_settings":{"template":"highway","default_image_id":0,"font":"","enabled":false},"version":2}},"categories":[1],"tags":[986,19112,43032,6370,11904,6369,890,530],"class_list":["post-176288","post","type-post","status-publish","format-standard","has-post-thumbnail","hentry","category-genel","tag-bu","tag-112ye","tag-cagrilar","tag-dedirtti","tag-kadarina","tag-pes","tag-siirtte","tag-yapilan"],"jetpack_publicize_connections":[],"jetpack_featured_media_url":"https:\/\/i0.wp.com\/www.tvturk.com\/wp-content\/uploads\/2019\/07\/siirtte-112ye-yapilan-cagrilar-bu-kadarina-da-pes-dedirtti_ff5c1f1.jpg?fit=1000%2C750","jetpack_sharing_enabled":true,"jetpack_shortlink":"https:\/\/wp.me\/paKIfm-JRm","_links":{"self":[{"href":"http:\/\/www.tvturk.com\/index.php\/wp-json\/wp\/v2\/posts\/176288","targetHints":{"allow":["GET"]}}],"collection":[{"href":"http:\/\/www.tvturk.com\/index.php\/wp-json\/wp\/v2\/posts"}],"about":[{"href":"http:\/\/www.tvturk.com\/index.php\/wp-json\/wp\/v2\/types\/post"}],"author":[{"embeddable":true,"href":"http:\/\/www.tvturk.com\/index.php\/wp-json\/wp\/v2\/users\/1"}],"replies":[{"embeddable":true,"href":"http:\/\/www.tvturk.com\/index.php\/wp-json\/wp\/v2\/comments?post=176288"}],"version-history":[{"count":0,"href":"http:\/\/www.tvturk.com\/index.php\/wp-json\/wp\/v2\/posts\/176288\/revisions"}],"wp:featuredmedia":[{"embeddable":true,"href":"http:\/\/www.tvturk.com\/index.php\/wp-json\/wp\/v2\/media\/176289"}],"wp:attachment":[{"href":"http:\/\/www.tvturk.com\/index.php\/wp-json\/wp\/v2\/media?parent=176288"}],"wp:term":[{"taxonomy":"category","embeddable":true,"href":"http:\/\/www.tvturk.com\/index.php\/wp-json\/wp\/v2\/categories?post=176288"},{"taxonomy":"post_tag","embeddable":true,"href":"http:\/\/www.tvturk.com\/index.php\/wp-json\/wp\/v2\/tags?post=176288"}],"curies":[{"name":"wp","href":"https:\/\/api.w.org\/{rel}","templated":true}]}}