{"id":176322,"date":"2019-07-01T14:01:54","date_gmt":"2019-07-01T11:01:54","guid":{"rendered":"http:\/\/www.tvturk.com\/index.php\/abd-adana-konsolosu-baezden-dtsoya-ziyaret\/"},"modified":"2019-07-01T14:01:54","modified_gmt":"2019-07-01T11:01:54","slug":"abd-adana-konsolosu-baezden-dtsoya-ziyaret","status":"publish","type":"post","link":"http:\/\/www.tvturk.com\/index.php\/abd-adana-konsolosu-baezden-dtsoya-ziyaret\/","title":{"rendered":"ABD Adana Konsolosu Baez\u2019den DTSO\u2019ya ziyaret"},"content":{"rendered":"<p>ABD Adana Konsolosu Alejandro Baez, K\u00fclt\u00fcr Ate\u015fesi Jen Curatola Wozniak ile birlikte DTSO\u2019yu ziyaret etti.<\/p>\n<p>ABD Adana Konsolosu Alejandro Baez K\u00fclt\u00fcr Ate\u015fesi Jen Curatola Wozniak DTSO\u2019yu ziyaret ederek Y\u00f6netim Kurulu Ba\u015fkan Yard\u0131mc\u0131s\u0131 Ercan Tay\u0131nlamak, Y\u00f6netim Kurulu \u00dcyesi Nevin \u0130l, Kad\u0131n Meclisi S\u00f6zc\u00fcs\u00fc Sevim Vural ve Proje Koordinat\u00f6r\u00fc DTSO Genel Sekreter Yard\u0131mc\u0131s\u0131 Meryem \u00d6zdemir Ok ile g\u00f6r\u00fc\u015ft\u00fc. DTSO yetkilileri taraf\u0131ndan Baez\u2019e Kad\u0131n Meclisi ile ilgili son 3 ayl\u0131k d\u00f6nemde yap\u0131lan \u00e7al\u0131\u015fmalar hakk\u0131nda bilgi verildi.<\/p>\n<p>ABD Adana Konsoloslusu Baez, Kad\u0131n Meclisi Projesi\u2019ni \u00f6nemsediklerini, proje kapsam\u0131nda d\u00fczenlenecek etkinlikleri izleyerek kat\u0131l\u0131m sa\u011flamay\u0131 d\u00fc\u015f\u00fcnd\u00fcklerini belirtti.<\/p>\n<p>Taraflar proje faaliyetlerinin takvimlendirilmesi ve b\u00fct\u00e7e i\u015flemleri konusunda bir s\u00fcre g\u00f6r\u00fc\u015ft\u00fc.<\/p>\n","protected":false},"excerpt":{"rendered":"<p>ABD ADANA KONSOLOSU ALEJANDRO BAEZ (SOLDAN 3.) K\u00dcLT\u00dcR ATE\u015eES\u0130 JEN CURATOLA WOZN\u0130AK \u0130LE B\u0130RL\u0130KTE DTSO\u2019YU Z\u0130YARET ETT\u0130.<\/p>\n","protected":false},"author":1,"featured_media":176323,"comment_status":"closed","ping_status":"open","sticky":false,"template":"","format":"standard","meta":{"jetpack_post_was_ever_published":false,"_jetpack_newsletter_access":"","_jetpack_dont_email_post_to_subs":false,"_jetpack_newsletter_tier_id":0,"_jetpack_memberships_contains_paywalled_content":false,"_jetpack_memberships_contains_paid_content":false,"footnotes":"","jetpack_publicize_message":"","jetpack_publicize_feature_enabled":true,"jetpack_social_post_already_shared":true,"jetpack_social_options":{"image_generator_settings":{"template":"highway","default_image_id":0,"font":"","enabled":false},"version":2}},"categories":[1],"tags":[1936,2080,10830,43041,10829,150],"class_list":["post-176322","post","type-post","status-publish","format-standard","has-post-thumbnail","hentry","category-genel","tag-abd","tag-adana","tag-baezden","tag-dtsoya","tag-konsolosu","tag-ziyaret"],"jetpack_publicize_connections":[],"jetpack_featured_media_url":"https:\/\/i0.wp.com\/www.tvturk.com\/wp-content\/uploads\/2019\/07\/abd-adana-konsolosu-baezden-dtsoya-ziyaret_4567e1b.jpg?fit=1000%2C666","jetpack_sharing_enabled":true,"jetpack_shortlink":"https:\/\/wp.me\/paKIfm-JRU","_links":{"self":[{"href":"http:\/\/www.tvturk.com\/index.php\/wp-json\/wp\/v2\/posts\/176322","targetHints":{"allow":["GET"]}}],"collection":[{"href":"http:\/\/www.tvturk.com\/index.php\/wp-json\/wp\/v2\/posts"}],"about":[{"href":"http:\/\/www.tvturk.com\/index.php\/wp-json\/wp\/v2\/types\/post"}],"author":[{"embeddable":true,"href":"http:\/\/www.tvturk.com\/index.php\/wp-json\/wp\/v2\/users\/1"}],"replies":[{"embeddable":true,"href":"http:\/\/www.tvturk.com\/index.php\/wp-json\/wp\/v2\/comments?post=176322"}],"version-history":[{"count":0,"href":"http:\/\/www.tvturk.com\/index.php\/wp-json\/wp\/v2\/posts\/176322\/revisions"}],"wp:featuredmedia":[{"embeddable":true,"href":"http:\/\/www.tvturk.com\/index.php\/wp-json\/wp\/v2\/media\/176323"}],"wp:attachment":[{"href":"http:\/\/www.tvturk.com\/index.php\/wp-json\/wp\/v2\/media?parent=176322"}],"wp:term":[{"taxonomy":"category","embeddable":true,"href":"http:\/\/www.tvturk.com\/index.php\/wp-json\/wp\/v2\/categories?post=176322"},{"taxonomy":"post_tag","embeddable":true,"href":"http:\/\/www.tvturk.com\/index.php\/wp-json\/wp\/v2\/tags?post=176322"}],"curies":[{"name":"wp","href":"https:\/\/api.w.org\/{rel}","templated":true}]}}