{"id":176342,"date":"2019-07-01T14:17:21","date_gmt":"2019-07-01T11:17:21","guid":{"rendered":"http:\/\/www.tvturk.com\/index.php\/yilin-transferi-frenkie-de-jong-alanyada-tatilini-surduruyor\/"},"modified":"2019-07-01T14:17:21","modified_gmt":"2019-07-01T11:17:21","slug":"yilin-transferi-frenkie-de-jong-alanyada-tatilini-surduruyor","status":"publish","type":"post","link":"http:\/\/www.tvturk.com\/index.php\/yilin-transferi-frenkie-de-jong-alanyada-tatilini-surduruyor\/","title":{"rendered":"Y\u0131l\u0131n transferi Frenkie de Jong Alanya\u2019da tatilini s\u00fcrd\u00fcr\u00fcyor"},"content":{"rendered":"<p>Barcelona\u2019n\u0131n Ajax\u2019tan 75 milyon Euro bonservis bedeliyle transfer etti\u011fi 21 ya\u015f\u0131ndaki futbolcu Frenkie de Jong, Antalya\u2019n\u0131n Alanya il\u00e7esindeki 5 y\u0131ld\u0131zl\u0131 bir otelde tatilini s\u00fcrd\u00fcr\u00fcyor. Otel \u00f6n\u00fcnde bulunan denize su sporlar\u0131 yapmak i\u00e7in gelen \u00fcnl\u00fc futbolcuyu Alanyaspor Kul\u00fcp Ba\u015fkan\u0131 Hasan \u00c7avu\u015fo\u011flu ziyaret ederek ba\u015far\u0131lar diledi.<\/p>\n<p>\u0130spanyol devi Barcelona\u2019n\u0131n, Ajax\u2019tan yeni sezon i\u00e7in 75 milyon Euro bonservis bedeliyle transfer etti\u011fi Hollandal\u0131 gen\u00e7 oyuncu Frenkie de Jong, tatil i\u00e7in bir hafta \u00f6nce Alanya\u2019ya gelerek, T\u00fcrkler Mahallesi\u2019ndeki 5 y\u0131ld\u0131zl\u0131 bir otele yerle\u015fti. Gen\u00e7 futbolcu d\u00fcn arkada\u015flar\u0131yla beraber kald\u0131\u011f\u0131 otelin \u00f6n\u00fcndeki denizde tatilcilerin en b\u00fcy\u00fck e\u011flenceleri aras\u0131nda yer alan jet-ski, banana, flyboard ve para\u015f\u00fct aktivitelerinin oldu\u011fu su sporlar\u0131na kat\u0131ld\u0131. Jong\u2019\u0131 g\u00f6renler \u015fa\u015fk\u0131nl\u0131\u011f\u0131n\u0131 gizleyemezken, baz\u0131 futbolseverler de futbolcuyla foto\u011fraf \u00e7ektirmeyi ihmal etmedi. Su sporlar\u0131ndan olduk\u00e7a memnun kalan Jong, bug\u00fcn tekrar\u0131 i\u00e7in yine ayn\u0131 alana geldi.<\/p>\n<p>Jong\u2019u burada Alanyaspor Kul\u00fcp Ba\u015fkan\u0131 Hasan ziyaret ederek bir s\u00fcre sohbet etti. Jong\u2019a ba\u015far\u0131lar dileyen \u00c7avu\u015fo\u011flu ziyaretin an\u0131s\u0131na \u00fczerinde Alanyaspor\u2019un logosunun bulundu\u011fu kahve seti hediye etti. Jong daha sonra arkada\u015flar\u0131yla beraber su sporlar\u0131 yapmak i\u00e7in jet-skiyle mavi sulara a\u00e7\u0131ld\u0131.<\/p>\n<p>\u00c7avu\u015fo\u011flu: &#8220;Kendisiyle hem sohbet ettik hem de ba\u015far\u0131lar dilek&#8221;<\/p>\n<p>\u0130HA\u2019ya konu\u015fan Alanyaspor Kul\u00fcb\u00fc Ba\u015fkan\u0131 Hasan \u00c7avu\u015fo\u011flu, ge\u00e7ti\u011fimiz g\u00fcnlerde Barcelona\u2019ya transfer olan Frenkie de Jong\u2019un kendi mahallesi olan T\u00fcrkler\u2019de tatil yapt\u0131\u011f\u0131n\u0131 s\u00f6yledi. \u00c7avu\u015fo\u011flu, &#8220;Frenkie de Jong burada ziyaret ettik ve hay\u0131rl\u0131 olsun dileklerimizi ilettik. Tabii ki Alanya turizm a\u00e7\u0131s\u0131ndan d\u00fcnyada an\u0131lan bir \u015fehir haline geldi. Alanyaspor\u2019un S\u00fcper Lig\u2019de olmas\u0131 bak\u0131m\u0131ndan her zaman her yere ismi ge\u00e7en bir \u015fehir oldu. Frenkie de Jong\u2019da bizim mahallemize tatile gelmi\u015f. Kendisiyle hem sohbet ettik hem de ba\u015far\u0131lar dilek. Yeni tak\u0131m\u0131nda da ba\u015far\u0131lar diyoruz\u201d dedi.<\/p>\n","protected":false},"excerpt":{"rendered":"<p>FRENK\u0130E DE JONG, ANTALYA\u2019NIN ALANYA \u0130L\u00c7ES\u0130NDEK\u0130 5 YILDIZLI B\u0130R OTELDE TAT\u0130L\u0130N\u0130 S\u00dcRD\u00dcR\u00dcYOR. ALANYASPOR KUL\u00dcP BA\u015eKANI HASAN \u00c7AVU\u015eO\u011eLU, \u00dcNL\u00dc FUTBOLCUYU Z\u0130YARET EDEREK BA\u015eARILAR D\u0130LED\u0130.<\/p>\n","protected":false},"author":1,"featured_media":176343,"comment_status":"closed","ping_status":"open","sticky":false,"template":"","format":"standard","meta":{"jetpack_post_was_ever_published":false,"_jetpack_newsletter_access":"","_jetpack_dont_email_post_to_subs":false,"_jetpack_newsletter_tier_id":0,"_jetpack_memberships_contains_paywalled_content":false,"_jetpack_memberships_contains_paid_content":false,"footnotes":"","jetpack_publicize_message":"","jetpack_publicize_feature_enabled":true,"jetpack_social_post_already_shared":true,"jetpack_social_options":{"image_generator_settings":{"template":"highway","default_image_id":0,"font":"","enabled":false},"version":2}},"categories":[657],"tags":[11400,42919,32231,1772,39694,18554,1798],"class_list":["post-176342","post","type-post","status-publish","format-standard","has-post-thumbnail","hentry","category-spor","tag-alanyada","tag-frenkie","tag-jong","tag-surduruyor","tag-tatilini","tag-transferi","tag-yilin"],"jetpack_publicize_connections":[],"jetpack_featured_media_url":"https:\/\/i0.wp.com\/www.tvturk.com\/wp-content\/uploads\/2019\/07\/yilin-transferi-frenkie-de-jong-alanyada-tatilini-surduruyor_3ccf70b.jpg?fit=1000%2C666","jetpack_sharing_enabled":true,"jetpack_shortlink":"https:\/\/wp.me\/paKIfm-JSe","_links":{"self":[{"href":"http:\/\/www.tvturk.com\/index.php\/wp-json\/wp\/v2\/posts\/176342","targetHints":{"allow":["GET"]}}],"collection":[{"href":"http:\/\/www.tvturk.com\/index.php\/wp-json\/wp\/v2\/posts"}],"about":[{"href":"http:\/\/www.tvturk.com\/index.php\/wp-json\/wp\/v2\/types\/post"}],"author":[{"embeddable":true,"href":"http:\/\/www.tvturk.com\/index.php\/wp-json\/wp\/v2\/users\/1"}],"replies":[{"embeddable":true,"href":"http:\/\/www.tvturk.com\/index.php\/wp-json\/wp\/v2\/comments?post=176342"}],"version-history":[{"count":0,"href":"http:\/\/www.tvturk.com\/index.php\/wp-json\/wp\/v2\/posts\/176342\/revisions"}],"wp:featuredmedia":[{"embeddable":true,"href":"http:\/\/www.tvturk.com\/index.php\/wp-json\/wp\/v2\/media\/176343"}],"wp:attachment":[{"href":"http:\/\/www.tvturk.com\/index.php\/wp-json\/wp\/v2\/media?parent=176342"}],"wp:term":[{"taxonomy":"category","embeddable":true,"href":"http:\/\/www.tvturk.com\/index.php\/wp-json\/wp\/v2\/categories?post=176342"},{"taxonomy":"post_tag","embeddable":true,"href":"http:\/\/www.tvturk.com\/index.php\/wp-json\/wp\/v2\/tags?post=176342"}],"curies":[{"name":"wp","href":"https:\/\/api.w.org\/{rel}","templated":true}]}}