{"id":176352,"date":"2019-07-01T14:31:50","date_gmt":"2019-07-01T11:31:50","guid":{"rendered":"http:\/\/www.tvturk.com\/index.php\/turkiyenin-en-buyuk-avci-festivali-samsunda-gerceklesecek\/"},"modified":"2019-07-01T14:31:50","modified_gmt":"2019-07-01T11:31:50","slug":"turkiyenin-en-buyuk-avci-festivali-samsunda-gerceklesecek","status":"publish","type":"post","link":"http:\/\/www.tvturk.com\/index.php\/turkiyenin-en-buyuk-avci-festivali-samsunda-gerceklesecek\/","title":{"rendered":"T\u00fcrkiye\u2019nin en b\u00fcy\u00fck avc\u0131 festivali Samsun\u2019da ger\u00e7ekle\u015fecek"},"content":{"rendered":"<p>T\u00fcrkiye\u2019nin en b\u00fcy\u00fck avc\u0131 festivali olan \u201c12. Karadeniz Avc\u0131 Bulu\u015fmas\u0131\u201d Samsun\u2019da yap\u0131lacak.<\/p>\n<p>T\u00fcrkiye\u2019nin en b\u00fcy\u00fck avc\u0131 festivali olan \u201c12. Karadeniz Avc\u0131 Bulu\u015fmas\u0131\u201d Samsun Mahmur Da\u011f\u0131 Festival Alan\u0131nda ger\u00e7ekle\u015fecek. 5, 6 ve 7 Temmuz tarihlerinde yap\u0131lacak olan festivalde \u00e7e\u015fitli yar\u0131\u015fmalar yer alacak. Trap profesyonel, trap amat\u00f6r, bayan trap ve \u015fi\u015fe at\u0131\u015f\u0131 tek kur\u015fun kategorilerinde yar\u0131\u015facak yar\u0131\u015fmac\u0131lar ilk 3\u2019e girdikleri takdirde t\u00fcfek, kupa ve madalya gibi \u00e7e\u015fitli hediyeler bekliyor.<\/p>\n<p>Samsun Mahmur Da\u011f\u0131\u2019nda ger\u00e7ekle\u015fecek olan festival program\u0131 5 Temmuz \u00e7ad\u0131r ve kamp kurulumu, 6 Temmuz at\u0131\u015f m\u00fcsabakalar\u0131, havai fi\u015fek g\u00f6sterisi ve bol \u00f6d\u00fcll\u00fc hediye \u00e7ekili\u015fi, 7 Temmuz  at\u0131\u015f m\u00fcsabakalar\u0131 ve sabah ile ak\u015fam yeme\u011fi ikram\u0131 \u015feklinde devam edecek.<\/p>\n","protected":false},"excerpt":{"rendered":"<p>T\u00dcRK\u0130YE&#8217;N\u0130N EN B\u00dcY\u00dcK AVCI FEST\u0130VAL\u0130 OLAN \u201c12. KARADEN\u0130Z AVCI BULU\u015eMASI\u201d SAMSUN MAHMUR DA\u011eI FEST\u0130VAL ALANINDA GER\u00c7EKLE\u015eECEK. T\u00dcRK\u0130YE&#8217;N\u0130N EN B\u00dcY\u00dcK AVCI FEST\u0130VAL\u0130 OLAN \u201c12. KARADEN\u0130Z AVCI BULU\u015eMASI\u201d SAMSUN MAHMUR DA\u011eI FEST\u0130VAL ALANINDA GER\u00c7EKLE\u015eECEK. 5, 6 VE 7 TEMMUZ TAR\u0130HLER\u0130NDE GER\u00c7EKLE\u015eECEK OLAN FEST\u0130VALDE \u00c7E\u015e\u0130TL\u0130 YARI\u015eMALAR YER ALACAK. TRAP PROFESYONEL, TRAP AMAT\u00d6R, BAYAN TRAP VE \u015e\u0130\u015eE ATI\u015eI TEK KUR\u015eUN KATEGOR\u0130LER\u0130NDE YARI\u015eACAK YARI\u015eMACILAR \u0130LK 3\u2019E G\u0130RD\u0130KLER\u0130 TAKD\u0130RDE T\u00dcFEK, KUPA VE MADALYA G\u0130B\u0130 \u00c7E\u015e\u0130TL\u0130 HED\u0130YELER BEKL\u0130YOR. SAMSUN MAHMUR DA\u011eINDA GER\u00c7EKLE\u015eECEK OLAN FEST\u0130VAL PROGRAMI 5 TEMMUZ \u00c7ADIR VE KAMP KURULUMU, 6 TEMMUZ ATI\u015e M\u00dcSABAKALARI, HAVA\u0130 F\u0130\u015eEK G\u00d6STER\u0130S\u0130 VE BOL \u00d6D\u00dcLL\u00dc HED\u0130YE \u00c7EK\u0130L\u0130\u015e\u0130, 7 TEMMUZ  ATI\u015e M\u00dcSABAKALARI VE SABAH \u0130LE AK\u015eAM YEME\u011e\u0130 \u0130KRAMI \u015eEKL\u0130NDE DEVAM EDECEK.<\/p>\n","protected":false},"author":1,"featured_media":176353,"comment_status":"closed","ping_status":"open","sticky":false,"template":"","format":"standard","meta":{"jetpack_post_was_ever_published":false,"_jetpack_newsletter_access":"","_jetpack_dont_email_post_to_subs":false,"_jetpack_newsletter_tier_id":0,"_jetpack_memberships_contains_paywalled_content":false,"_jetpack_memberships_contains_paid_content":false,"footnotes":"","jetpack_publicize_message":"","jetpack_publicize_feature_enabled":true,"jetpack_social_post_already_shared":true,"jetpack_social_options":{"image_generator_settings":{"template":"highway","default_image_id":0,"font":"","enabled":false},"version":2}},"categories":[1],"tags":[11696,545,3400,1693,1862,177],"class_list":["post-176352","post","type-post","status-publish","format-standard","has-post-thumbnail","hentry","category-genel","tag-avci","tag-buyuk","tag-festivali","tag-gerceklesecek","tag-samsunda","tag-turkiyenin"],"jetpack_publicize_connections":[],"jetpack_featured_media_url":"https:\/\/i0.wp.com\/www.tvturk.com\/wp-content\/uploads\/2019\/07\/turkiyenin-en-buyuk-avci-festivali-samsunda-gerceklesecek_9ba1151.jpg?fit=700%2C1000","jetpack_sharing_enabled":true,"jetpack_shortlink":"https:\/\/wp.me\/paKIfm-JSo","_links":{"self":[{"href":"http:\/\/www.tvturk.com\/index.php\/wp-json\/wp\/v2\/posts\/176352","targetHints":{"allow":["GET"]}}],"collection":[{"href":"http:\/\/www.tvturk.com\/index.php\/wp-json\/wp\/v2\/posts"}],"about":[{"href":"http:\/\/www.tvturk.com\/index.php\/wp-json\/wp\/v2\/types\/post"}],"author":[{"embeddable":true,"href":"http:\/\/www.tvturk.com\/index.php\/wp-json\/wp\/v2\/users\/1"}],"replies":[{"embeddable":true,"href":"http:\/\/www.tvturk.com\/index.php\/wp-json\/wp\/v2\/comments?post=176352"}],"version-history":[{"count":0,"href":"http:\/\/www.tvturk.com\/index.php\/wp-json\/wp\/v2\/posts\/176352\/revisions"}],"wp:featuredmedia":[{"embeddable":true,"href":"http:\/\/www.tvturk.com\/index.php\/wp-json\/wp\/v2\/media\/176353"}],"wp:attachment":[{"href":"http:\/\/www.tvturk.com\/index.php\/wp-json\/wp\/v2\/media?parent=176352"}],"wp:term":[{"taxonomy":"category","embeddable":true,"href":"http:\/\/www.tvturk.com\/index.php\/wp-json\/wp\/v2\/categories?post=176352"},{"taxonomy":"post_tag","embeddable":true,"href":"http:\/\/www.tvturk.com\/index.php\/wp-json\/wp\/v2\/tags?post=176352"}],"curies":[{"name":"wp","href":"https:\/\/api.w.org\/{rel}","templated":true}]}}