{"id":176354,"date":"2019-07-01T14:31:54","date_gmt":"2019-07-01T11:31:54","guid":{"rendered":"http:\/\/www.tvturk.com\/index.php\/akut-hem-hayat-kurtariyor-hem-egitimlere-devam-ediyor\/"},"modified":"2019-07-01T14:31:54","modified_gmt":"2019-07-01T11:31:54","slug":"akut-hem-hayat-kurtariyor-hem-egitimlere-devam-ediyor","status":"publish","type":"post","link":"http:\/\/www.tvturk.com\/index.php\/akut-hem-hayat-kurtariyor-hem-egitimlere-devam-ediyor\/","title":{"rendered":"AKUT hem hayat kurtar\u0131yor hem e\u011fitimlere devam ediyor"},"content":{"rendered":"<p>AKUT, Arama Kurtarma Derne\u011fi taraf\u0131ndan b\u00f6lgedeki ekiplere y\u00f6nelik d\u00fczenlenen Navigasyon E\u011fitimi tamamland\u0131.<\/p>\n<p>AKUT Trabzon ekibi ev sahipli\u011finde D\u00fczk\u00f6y il\u00e7esi Do\u011fankaya Mahallesinde ger\u00e7ekle\u015ftirilen e\u011fitimde, do\u011fada harita, pusula, GPS ve \u00e7e\u015fitli navigasyon programlar\u0131 ile koordinat bulma, hedefe ula\u015fma gibi \u00e7al\u0131\u015fmalar ger\u00e7ekle\u015ftirildi. AKUT Trabzon ekibinin yan\u0131 s\u0131ra AKUT Giresun ekibinin de kat\u0131ld\u0131\u011f\u0131 e\u011fitim iki g\u00fcn s\u00fcrd\u00fc. \u0130lk g\u00fcn teorik olarak \u00e7al\u0131\u015fmalar\u0131n\u0131 s\u00fcrd\u00fcren ekipler, ikinci g\u00fcn saha uygulamas\u0131 yapt\u0131.<\/p>\n<p>\u201cArakl\u0131\u2019da 40 g\u00f6n\u00fcll\u00fcm\u00fczle 14 vatanda\u015f\u0131m\u0131z\u0131 tahliye ettik\u201d<\/p>\n<p>Ge\u00e7ti\u011fimiz ay Arakl\u0131 il\u00e7esinde meydana gelen sel olay\u0131nda 40 g\u00f6n\u00fcll\u00fc ekiple 10 vatanda\u015f\u0131 tahliye ettiklerini kaydeden AKUT Trabzon ekip lideri K\u00f6ksal Ofluo\u011flu, b\u00f6lgenin meteorolojik ve afet anlam\u0131nda yo\u011fun g\u00fcnler ge\u00e7irdi\u011fini ifade ederek, \u201cArakl\u0131 il\u00e7emizde meydana gelen sel olay\u0131nda 6 g\u00fcn boyunca 40 g\u00f6n\u00fcll\u00fcm\u00fczle arama kurtarma \u00e7al\u0131\u015fmalar\u0131na kat\u0131ld\u0131k. 14 vatanda\u015f\u0131m\u0131z\u0131n kurtar\u0131l\u0131p sa\u011fl\u0131kl\u0131 ko\u015fullara tahliyesini ger\u00e7ekle\u015ftirdik. Ayr\u0131ca hayat\u0131n\u0131 kaybeden vatada\u015flar\u0131m\u0131z\u0131n naa\u015flar\u0131n\u0131 bulmak i\u00e7in di\u011fer ekiplerimizle birlikte dere arama \u00e7al\u0131\u015fmalar\u0131na kat\u0131ld\u0131k. Kay\u0131plar\u0131m\u0131z i\u00e7in \u00e7ok \u00fczg\u00fcn\u00fcz. AKUT ekipleri olarak her zaman afetlere m\u00fcdahale anlam\u0131nda kendimizi haz\u0131r tutmaya \u00e7al\u0131\u015f\u0131yoruz. Bu hafta i\u00e7in de yine meteorolojinin turuncu alarm\u0131 s\u00f6z konusuydu. \u00c7ok \u015f\u00fck\u00fcr herhangi bir vaka ya\u015famadan bu durumu atlatt\u0131k\u201d dedi.<\/p>\n<p>\u201cKendimizi her zaman haz\u0131r tutuyoruz\u201d<\/p>\n<p>AKUT ekipleri olarak her \u015fartta e\u011fitimlere devam ettiklerini de belirten K\u00f6ksal Ofluo\u011flu, \u201cBu hafta sonu da e\u011fitmenlerimizin nezaretinde Navigasyon e\u011fitimimizi ger\u00e7ekle\u015ftirdik. AKUT Trabzon ve AKUT Giresun ekiplerimizin kat\u0131l\u0131m\u0131yla ger\u00e7ekle\u015fen e\u011fitimimiz olduk\u00e7a verimli ge\u00e7ti. Do\u011fada bulundu\u011funuz yeri bilme, koordinat verebilme ya da verilen noktaya ula\u015fabilme ad\u0131na bilimsel metotlar\u0131 ve teknolojik \u00fcr\u00fcnleri kullanabilme yetimizi artt\u0131ran bir e\u011fitim oldu. Biz AKUT g\u00f6n\u00fcll\u00fcleri olarak her zaman haz\u0131r olmak ad\u0131na e\u011fitimlerimize ara vermeden devam edece\u011fiz\u201d diye konu\u015ftu.<\/p>\n","protected":false},"excerpt":{"rendered":"<p>AKUT, ARAMA KURTARMA DERNE\u011e\u0130 TARAFINDAN B\u00d6LGEDEK\u0130 EK\u0130PLERE Y\u00d6NEL\u0130K D\u00dcZENLENEN NAV\u0130GASYON E\u011e\u0130T\u0130M\u0130 TAMAMLANDI.<\/p>\n","protected":false},"author":1,"featured_media":176355,"comment_status":"closed","ping_status":"open","sticky":false,"template":"","format":"standard","meta":{"jetpack_post_was_ever_published":false,"_jetpack_newsletter_access":"","_jetpack_dont_email_post_to_subs":false,"_jetpack_newsletter_tier_id":0,"_jetpack_memberships_contains_paywalled_content":false,"_jetpack_memberships_contains_paid_content":false,"footnotes":"","jetpack_publicize_message":"","jetpack_publicize_feature_enabled":true,"jetpack_social_post_already_shared":true,"jetpack_social_options":{"image_generator_settings":{"template":"highway","default_image_id":0,"font":"","enabled":false},"version":2}},"categories":[1],"tags":[4973,522,523,9618,606,5149,1432],"class_list":["post-176354","post","type-post","status-publish","format-standard","has-post-thumbnail","hentry","category-genel","tag-akut","tag-devam","tag-ediyor","tag-egitimlere","tag-hayat","tag-hem","tag-kurtariyor"],"jetpack_publicize_connections":[],"jetpack_featured_media_url":"https:\/\/i0.wp.com\/www.tvturk.com\/wp-content\/uploads\/2019\/07\/akut-hem-hayat-kurtariyor-hem-egitimlere-devam-ediyor_ac11f2c.jpg?fit=1000%2C631","jetpack_sharing_enabled":true,"jetpack_shortlink":"https:\/\/wp.me\/paKIfm-JSq","_links":{"self":[{"href":"http:\/\/www.tvturk.com\/index.php\/wp-json\/wp\/v2\/posts\/176354","targetHints":{"allow":["GET"]}}],"collection":[{"href":"http:\/\/www.tvturk.com\/index.php\/wp-json\/wp\/v2\/posts"}],"about":[{"href":"http:\/\/www.tvturk.com\/index.php\/wp-json\/wp\/v2\/types\/post"}],"author":[{"embeddable":true,"href":"http:\/\/www.tvturk.com\/index.php\/wp-json\/wp\/v2\/users\/1"}],"replies":[{"embeddable":true,"href":"http:\/\/www.tvturk.com\/index.php\/wp-json\/wp\/v2\/comments?post=176354"}],"version-history":[{"count":0,"href":"http:\/\/www.tvturk.com\/index.php\/wp-json\/wp\/v2\/posts\/176354\/revisions"}],"wp:featuredmedia":[{"embeddable":true,"href":"http:\/\/www.tvturk.com\/index.php\/wp-json\/wp\/v2\/media\/176355"}],"wp:attachment":[{"href":"http:\/\/www.tvturk.com\/index.php\/wp-json\/wp\/v2\/media?parent=176354"}],"wp:term":[{"taxonomy":"category","embeddable":true,"href":"http:\/\/www.tvturk.com\/index.php\/wp-json\/wp\/v2\/categories?post=176354"},{"taxonomy":"post_tag","embeddable":true,"href":"http:\/\/www.tvturk.com\/index.php\/wp-json\/wp\/v2\/tags?post=176354"}],"curies":[{"name":"wp","href":"https:\/\/api.w.org\/{rel}","templated":true}]}}