{"id":176356,"date":"2019-07-01T14:32:42","date_gmt":"2019-07-01T11:32:42","guid":{"rendered":"http:\/\/www.tvturk.com\/index.php\/osmangazili-atici-dunya-sampiyonasinda\/"},"modified":"2019-07-01T14:32:42","modified_gmt":"2019-07-01T11:32:42","slug":"osmangazili-atici-dunya-sampiyonasinda","status":"publish","type":"post","link":"http:\/\/www.tvturk.com\/index.php\/osmangazili-atici-dunya-sampiyonasinda\/","title":{"rendered":"Osmangazili at\u0131c\u0131 D\u00fcnya \u015eampiyonas\u0131\u2019nda"},"content":{"rendered":"<p>Osmangazi Belediyespor At\u0131c\u0131l\u0131k Tak\u0131m\u0131\u2019n\u0131n mill\u00ee sporcusu Sena Can, \u0130talya\u2019da d\u00fcnya \u015fampiyonu olmak i\u00e7in boy g\u00f6sterecek.<\/p>\n<p>T\u00fcrkiye At\u0131c\u0131l\u0131k ve Avc\u0131l\u0131k Federasyonu taraf\u0131ndan yap\u0131lan a\u00e7\u0131klamaya g\u00f6re Plak At\u0131\u015flar\u0131 D\u00fcnya \u015eampiyonas\u0131, \u0130talya\u2019n\u0131n Lonato \u015fehrinde d\u00fczenlenecek. T\u00fcrk Milli Tak\u0131m\u0131\u2019ndan 10 sporcunun k\u0131yas\u0131ya m\u00fccadele edece\u011fi \u015fampiyona, renkli g\u00f6r\u00fcnt\u00fclere sahne olacak. Osmangazili ba\u015far\u0131l\u0131 at\u0131c\u0131 Sena Can\u2019\u0131n da yer ald\u0131\u011f\u0131 organizasyon 11 Temmuz\u2019da sona erecek. Skeet kategorisinde ter d\u00f6kecek gen\u00e7 sporcu, ayn\u0131 zamanda 12-20 Temmuz tarihleri aras\u0131nda Almanya\u2019da ger\u00e7ekle\u015fecek Gen\u00e7ler D\u00fcnya Kupas\u0131\u2019nda \u00fclkemizi temsil edecek.<\/p>\n<p>Spora ve sporcuya yapt\u0131klar\u0131 yat\u0131r\u0131mlarla T\u00fcrkiye, Avrupa, D\u00fcnya \u015fampiyonalar\u0131nda \u00f6nemli ba\u015far\u0131lara imza att\u0131klar\u0131n\u0131 belirten Osmangazi Belediye Ba\u015fkan\u0131 Mustafa D\u00fcndar, \u201cSporcumuz Sena Can, y\u0131l i\u00e7erisinde elde etti\u011fi \u00e7e\u015fitli zaferler ile bizlere b\u00fcy\u00fck gurur ya\u015fatt\u0131. \u0130yi bir kamp d\u00f6nemi ge\u00e7iren gen\u00e7 y\u0131ld\u0131z\u0131m\u0131z, in\u015fallah \u00fclkemizi ve Osmangazi\u2019yi en iyi \u015fekilde temsil ederek bizlere \u015fampiyonluk sevinci ya\u015fatacak\u201d dedi.<\/p>\n","protected":false},"excerpt":{"rendered":"<p>OSMANGAZ\u0130 BELED\u0130YESPOR ATICILIK TAKIMI\u2019NIN M\u0130LL\u00ce SPORCUSU SENA CAN, \u0130TALYA\u2019DA D\u00dcNYA \u015eAMP\u0130YONU OLMAK \u0130\u00c7\u0130N BOY G\u00d6STERECEK.<\/p>\n","protected":false},"author":1,"featured_media":176357,"comment_status":"closed","ping_status":"open","sticky":false,"template":"","format":"standard","meta":{"jetpack_post_was_ever_published":false,"_jetpack_newsletter_access":"","_jetpack_dont_email_post_to_subs":false,"_jetpack_newsletter_tier_id":0,"_jetpack_memberships_contains_paywalled_content":false,"_jetpack_memberships_contains_paid_content":false,"footnotes":"","jetpack_publicize_message":"","jetpack_publicize_feature_enabled":true,"jetpack_social_post_already_shared":true,"jetpack_social_options":{"image_generator_settings":{"template":"highway","default_image_id":0,"font":"","enabled":false},"version":2}},"categories":[657],"tags":[349,6107,9546,13384],"class_list":["post-176356","post","type-post","status-publish","format-standard","has-post-thumbnail","hentry","category-spor","tag-dunya","tag-atici","tag-osmangazili","tag-sampiyonasinda"],"jetpack_publicize_connections":[],"jetpack_featured_media_url":"https:\/\/i0.wp.com\/www.tvturk.com\/wp-content\/uploads\/2019\/07\/osmangazili-atici-dunya-sampiyonasinda_b76d325.jpg?fit=746%2C1000","jetpack_sharing_enabled":true,"jetpack_shortlink":"https:\/\/wp.me\/paKIfm-JSs","_links":{"self":[{"href":"http:\/\/www.tvturk.com\/index.php\/wp-json\/wp\/v2\/posts\/176356","targetHints":{"allow":["GET"]}}],"collection":[{"href":"http:\/\/www.tvturk.com\/index.php\/wp-json\/wp\/v2\/posts"}],"about":[{"href":"http:\/\/www.tvturk.com\/index.php\/wp-json\/wp\/v2\/types\/post"}],"author":[{"embeddable":true,"href":"http:\/\/www.tvturk.com\/index.php\/wp-json\/wp\/v2\/users\/1"}],"replies":[{"embeddable":true,"href":"http:\/\/www.tvturk.com\/index.php\/wp-json\/wp\/v2\/comments?post=176356"}],"version-history":[{"count":0,"href":"http:\/\/www.tvturk.com\/index.php\/wp-json\/wp\/v2\/posts\/176356\/revisions"}],"wp:featuredmedia":[{"embeddable":true,"href":"http:\/\/www.tvturk.com\/index.php\/wp-json\/wp\/v2\/media\/176357"}],"wp:attachment":[{"href":"http:\/\/www.tvturk.com\/index.php\/wp-json\/wp\/v2\/media?parent=176356"}],"wp:term":[{"taxonomy":"category","embeddable":true,"href":"http:\/\/www.tvturk.com\/index.php\/wp-json\/wp\/v2\/categories?post=176356"},{"taxonomy":"post_tag","embeddable":true,"href":"http:\/\/www.tvturk.com\/index.php\/wp-json\/wp\/v2\/tags?post=176356"}],"curies":[{"name":"wp","href":"https:\/\/api.w.org\/{rel}","templated":true}]}}