{"id":176398,"date":"2019-07-01T15:31:45","date_gmt":"2019-07-01T12:31:45","guid":{"rendered":"http:\/\/www.tvturk.com\/index.php\/konyada-geleneksel-koprulu-kanyon-motosiklet-gezisi-coskusu\/"},"modified":"2019-07-01T15:31:45","modified_gmt":"2019-07-01T12:31:45","slug":"konyada-geleneksel-koprulu-kanyon-motosiklet-gezisi-coskusu","status":"publish","type":"post","link":"http:\/\/www.tvturk.com\/index.php\/konyada-geleneksel-koprulu-kanyon-motosiklet-gezisi-coskusu\/","title":{"rendered":"Konya\u2019da Geleneksel K\u00f6pr\u00fcl\u00fc Kanyon Motosiklet Gezisi co\u015fkusu"},"content":{"rendered":"<p>Konya\u2019n\u0131n Bey\u015fehir il\u00e7esinde, Hu\u011flu Motor Sporlar\u0131 Kul\u00fcb\u00fc (HUMOS) taraf\u0131ndan bu y\u0131l 19\u2019uncusu d\u00fczenlenen Geleneksel K\u00f6pr\u00fcl\u00fc Kanyon Motosiklet Gezisi renkli g\u00f6r\u00fcnt\u00fclere yol a\u00e7t\u0131.<\/p>\n<p>Bey\u015fehir\u2019e ba\u011fl\u0131 Hu\u011flu Mahallesinde yap\u0131lan duan\u0131n ard\u0131ndan ba\u015flayan ve yakla\u015f\u0131k 184 kilometrelik parkurdan olu\u015fan geziye, bu y\u0131l 71 motosiklet ile 26 otomobil kat\u0131ld\u0131. Bey\u015fehir Belediye Ba\u015fkan\u0131 Adil Bay\u0131nd\u0131r, gezinin u\u011furlama ve kar\u015f\u0131lama program\u0131 etkinliklerine kat\u0131larak motosiklet tutkunlar\u0131 ile mahalle sakinlerinin ya\u015fad\u0131\u011f\u0131 co\u015fku ve mutlulu\u011fa ortak oldu. Hu\u011flu Mahallesi meydan\u0131nda yap\u0131lan duan\u0131n ard\u0131ndan ba\u015flayan gezide, motosiklet tutkunlar\u0131 tarihi antik da\u011f yolundan ge\u00e7erek Antalya\u2019n\u0131n Manavgat il\u00e7esindeki K\u00f6pr\u00fcl\u00fc Kanyon Milli Park\u0131\u2019na ula\u015ft\u0131. G\u00fczergah esnas\u0131ndaki tarihi mekanlarda ve yerle\u015fim merkezlerinde mola veren motosiklet tutkunlar\u0131, K\u00f6pr\u00fcl\u00fc Kanyon Milli Park\u0131\u2019nda ise d\u00fcnyaca \u00fcnl\u00fc rafting yap\u0131lan \u0131rmaklar\u0131n ba\u015f\u0131nda gelen K\u00f6pr\u00fc\u00e7ay\u2019da rafting heyecan\u0131 ya\u015fad\u0131. Gezi esnas\u0131nda ar\u0131za yapan ya da patlayan lastiklere olu\u015fturulan \u00f6zel bir ekip m\u00fcdahale etti. B\u00f6lgedeki tarihi mekanlar\u0131 da ziyaret ederek gezen motosiklet tutkunlar\u0131n\u0131 gece saatlerinde tamamlanan d\u00f6n\u00fc\u015f yolculu\u011funda ise Hu\u011flu Meydan\u0131nda aralar\u0131nda bulunan Bey\u015fehir Belediye Ba\u015fkan\u0131 Adil Bay\u0131nd\u0131r\u2019\u0131n da oldu\u011fu \u00e7ok say\u0131da mahalle sakini b\u00fcy\u00fck bir co\u015fku \u00e7erisinde kar\u015f\u0131lad\u0131. Yak\u0131lan me\u015faleler e\u015fli\u011finde yakla\u015f\u0131k 184 kilometrelik geziyi tamamlayarak meydana giren motosiklet tutkunlar\u0131, daha sonra alanda toplanan mahalle sakinleriyle birlikte ger\u00e7ekle\u015ftirilen havai fi\u015fek g\u00f6sterilerini izledi.<\/p>\n<p>\u201cBu etkinlik T\u00fcrkiye\u2019ye \u00f6rnek olmal\u0131d\u0131r\u201d<\/p>\n<p>Bey\u015fehir Belediye Ba\u015fkan\u0131 Adil Bay\u0131nd\u0131r, yapt\u0131\u011f\u0131 a\u00e7\u0131klamada, \u201cBug\u00fcn ola\u011fan\u00fcst\u00fc bir g\u00fcn. Yani \u00f6nce Hu\u011flu insan\u0131n\u0131n \u00f6z g\u00fcveni, sonras\u0131nda Hu\u011flu insan\u0131n\u0131n sanata olan yak\u0131nl\u0131\u011f\u0131n\u0131, \u00f6zelli\u011fini biliyorduk. Ama bir de bu dayan\u0131\u015fmay\u0131 burada ya\u015famak \u00e7ok g\u00fczel bir \u015fey. Baz\u0131 \u015fehirlerde 2-3 insan\u0131 bir arada bulamazs\u0131n\u0131z ama ma\u015fallah Hu\u011flu\u2019nun 7\u2019den 70\u2019e t\u00fcm insanlar\u0131 burada bu etkinlik vesilesiyle. Ben \u00e7ok onur duydum, Hu\u011flu\u2019da bunu ya\u015famaktan. Onlar\u0131n bize verdi\u011fi mesaj \u015fu;  bir olman\u0131n, b\u00fct\u00fcn olman\u0131n \u00fcr\u00fcn\u00fcd\u00fcr bu etkinlik, kendilerini tebrik ediyorum. Hu\u011flu\u2019ya yak\u0131\u015fan\u0131 yap\u0131yorlar, Hu\u011flu her zaman ilkleri yap\u0131yor ve devam ediyorlar. \u0130n\u015fallah \u00f6n\u00fcm\u00fczdeki sene ben de birebir kat\u0131laca\u011f\u0131m. Ama \u00f6mr\u00fcm olursa bundan sonraki g\u00f6rev s\u00fcrem i\u00e7erisindeki di\u011fer y\u0131llarda da kat\u0131lmak istiyorum. Asl\u0131nda bu etkinlik T\u00fcrkiye\u2019ye \u00f6rnek olmal\u0131d\u0131r, dayan\u0131\u015fman\u0131n kayna\u015fman\u0131n herkesin bir oldu\u011fu, i\u015fte bu tabloyu tebrik ediyorum. Ben de bu etkinli\u011fin hem u\u011furlamas\u0131nda, hem de kar\u015f\u0131lama program\u0131nda bu vesileyle aralar\u0131nda olmaktan mutluluk duyuyorum\u201d dedi.<\/p>\n<p>Etkinlik \u00e7ocuklara karne hediyesi olarak 21 y\u0131l \u00f6nce ba\u015flat\u0131lm\u0131\u015f<\/p>\n<p>Organizasyon Sorumlusu Abdurrahmah Akba\u015f ise, 21 y\u0131l \u00f6nce e\u011fitim y\u0131l\u0131 sonlar\u0131nda \u00e7ocuklara karne hediyesi olarak babas\u0131 Hasan Akba\u015f taraf\u0131ndan ba\u015flat\u0131lan etkinli\u011fin g\u00fcn\u00fcm\u00fcze kadar geldi\u011fini ve geleneksel bir hal ald\u0131\u011f\u0131n\u0131 dile getirdi. Akba\u015f, \u201cEtkinli\u011fimizin hikayesi; Hu\u011flu\u2019da 21 y\u0131l \u00f6nce ba\u015flad\u0131. Babam Hasan Akba\u015f taraf\u0131ndan 21 y\u0131l \u00f6nce \u00e7ocuklar\u0131m\u0131za karne hediyesi olarak ba\u015flat\u0131lm\u0131\u015f. O y\u0131llardan bu yana devam ediyor. Babam 2014 y\u0131l\u0131nda vefat edince, \u015fimdi onun an\u0131s\u0131na bu etkinli\u011fi biz Hu\u011flu halk\u0131 olarak el birli\u011fi i\u00e7erisinde s\u00fcrd\u00fcr\u00fcyoruz. Muhtar\u0131yla, derne\u011fiyle, b\u00fcy\u00fcklerimizle, sponsor firmalar\u0131m\u0131zla, kooperatifimizle, mahalle sakinlerimizle hep birlikte toplu olarak bu geziyi ger\u00e7ekle\u015ftiriyoruz. T\u00fcrkiye\u2019de b\u00f6yle bir etkinli\u011fin ayn\u0131s\u0131 ba\u015fka yerde yok. Belediye Ba\u015fkan\u0131m\u0131za da geleneksel etkinli\u011fimizde aram\u0131zda oldu\u011fu i\u00e7in ve desteklerinden dolay\u0131 \u00e7ok te\u015fekk\u00fcr ediyoruz\u201d dedi.<\/p>\n<p>\u201cSadece bu organizasyona kat\u0131lmak i\u00e7in Almanya\u2019dan geldim\u201d<\/p>\n<p>Etkinli\u011fe Almanya\u2019dan kat\u0131ld\u0131\u011f\u0131n\u0131 belirten Erdal Uyar ise, \u201cBu y\u0131l ikinci kez kat\u0131l\u0131yorum. Sadece bu organizasyona kat\u0131lmak i\u00e7in Almanya\u2019dan geldim. Burada ya\u015fananlar\u0131 Almanya\u2019da da arkada\u015flar\u0131m\u0131za anlat\u0131yorum. Burada 2-3 g\u00fcn ge\u00e7iriyorum bu vesileyle ama sanki 2-3 hafta ge\u00e7irmi\u015fiz gibi oluyor, tatil yapm\u0131\u015f gibi bir duyguyla d\u00f6n\u00fc\u015f yap\u0131yoruz. O y\u00fczden, \u0130n\u015fallah seneye de buraday\u0131z\u201d ifadelerini kulland\u0131.<\/p>\n<p>Motosiklet tutkunu Necmettin Tural da, gezinin nas\u0131l organize edildi\u011fini anlat\u0131rken, \u201cK\u00f6pr\u00fcl\u00fc Kanyona vard\u0131\u011f\u0131m\u0131zdaki 4 saatlik dilim serbest zamanda isteyen rafting heyecan\u0131 ya\u015f\u0131yor, isteyen y\u00fcz\u00fcyor ya da \u00e7evrede piknik yapabiliyor. Etkinli\u011fin en g\u00fczel ve en ilgi \u00e7eken yan\u0131 ise d\u00f6n\u00fc\u015fteki o muhte\u015fem havai fi\u015fek g\u00f6sterileriyle ger\u00e7ekle\u015fen meydandaki kar\u015f\u0131lama oluyor\u201d diye konu\u015ftu.<\/p>\n","protected":false},"excerpt":{"rendered":"<p>KONYA\u2019NIN BEY\u015eEH\u0130R \u0130L\u00c7ES\u0130NDE, HU\u011eLU MOTOR SPORLARI KUL\u00dcB\u00dc (HUMOS) TARAFINDAN BU YIL 19&#8217;UNCUSU D\u00dcZENLENEN GELENEKSEL K\u00d6PR\u00dcL\u00dc KANYON MOTOS\u0130KLET GEZ\u0130S\u0130 RENKL\u0130 G\u00d6R\u00dcNT\u00dcLERE YOL A\u00c7TI.<\/p>\n","protected":false},"author":1,"featured_media":176399,"comment_status":"closed","ping_status":"open","sticky":false,"template":"","format":"standard","meta":{"jetpack_post_was_ever_published":false,"_jetpack_newsletter_access":"","_jetpack_dont_email_post_to_subs":false,"_jetpack_newsletter_tier_id":0,"_jetpack_memberships_contains_paywalled_content":false,"_jetpack_memberships_contains_paid_content":false,"footnotes":"","jetpack_publicize_message":"","jetpack_publicize_feature_enabled":true,"jetpack_social_post_already_shared":true,"jetpack_social_options":{"image_generator_settings":{"template":"highway","default_image_id":0,"font":"","enabled":false},"version":2}},"categories":[1],"tags":[6596,7470,7067,35767,2980,12408,1003],"class_list":["post-176398","post","type-post","status-publish","format-standard","has-post-thumbnail","hentry","category-genel","tag-coskusu","tag-geleneksel","tag-gezisi","tag-kanyon","tag-konyada","tag-koprulu","tag-motosiklet"],"jetpack_publicize_connections":[],"jetpack_featured_media_url":"https:\/\/i0.wp.com\/www.tvturk.com\/wp-content\/uploads\/2019\/07\/konyada-geleneksel-koprulu-kanyon-motosiklet-gezisi-coskusu_92efb79.jpg?fit=1000%2C666","jetpack_sharing_enabled":true,"jetpack_shortlink":"https:\/\/wp.me\/paKIfm-JT8","_links":{"self":[{"href":"http:\/\/www.tvturk.com\/index.php\/wp-json\/wp\/v2\/posts\/176398","targetHints":{"allow":["GET"]}}],"collection":[{"href":"http:\/\/www.tvturk.com\/index.php\/wp-json\/wp\/v2\/posts"}],"about":[{"href":"http:\/\/www.tvturk.com\/index.php\/wp-json\/wp\/v2\/types\/post"}],"author":[{"embeddable":true,"href":"http:\/\/www.tvturk.com\/index.php\/wp-json\/wp\/v2\/users\/1"}],"replies":[{"embeddable":true,"href":"http:\/\/www.tvturk.com\/index.php\/wp-json\/wp\/v2\/comments?post=176398"}],"version-history":[{"count":0,"href":"http:\/\/www.tvturk.com\/index.php\/wp-json\/wp\/v2\/posts\/176398\/revisions"}],"wp:featuredmedia":[{"embeddable":true,"href":"http:\/\/www.tvturk.com\/index.php\/wp-json\/wp\/v2\/media\/176399"}],"wp:attachment":[{"href":"http:\/\/www.tvturk.com\/index.php\/wp-json\/wp\/v2\/media?parent=176398"}],"wp:term":[{"taxonomy":"category","embeddable":true,"href":"http:\/\/www.tvturk.com\/index.php\/wp-json\/wp\/v2\/categories?post=176398"},{"taxonomy":"post_tag","embeddable":true,"href":"http:\/\/www.tvturk.com\/index.php\/wp-json\/wp\/v2\/tags?post=176398"}],"curies":[{"name":"wp","href":"https:\/\/api.w.org\/{rel}","templated":true}]}}