{"id":176416,"date":"2019-07-01T16:02:31","date_gmt":"2019-07-01T13:02:31","guid":{"rendered":"http:\/\/www.tvturk.com\/index.php\/mesut-mestandan-teknik-direktor-aciklamasi\/"},"modified":"2019-07-01T16:02:31","modified_gmt":"2019-07-01T13:02:31","slug":"mesut-mestandan-teknik-direktor-aciklamasi","status":"publish","type":"post","link":"http:\/\/www.tvturk.com\/index.php\/mesut-mestandan-teknik-direktor-aciklamasi\/","title":{"rendered":"Mesut Mestan\u2019dan teknik direkt\u00f6r a\u00e7\u0131klamas\u0131"},"content":{"rendered":"<p>Bursaspor Ba\u015fkan\u0131 Mesut Mestan, teknik direkt\u00f6r konusunda nihai karar\u0131n bug\u00fcn veya yar\u0131n verilece\u011fini s\u00f6yledi. Ayr\u0131ca Mestan, Okan Kocuk ve Ertu\u011frul Ersoy\u2019a transfer g\u00f6r\u00fc\u015fmesi i\u00e7in izin verdi\u011fini, Umut Mera\u015f i\u00e7in \u00f6nceki ba\u015fkan\u0131n anla\u015fma yapt\u0131\u011f\u0131n\u0131, ancak o a\u015famada kald\u0131\u011f\u0131n\u0131 vurgulad\u0131.<\/p>\n<p>Ye\u015fil-beyazl\u0131 kul\u00fcb\u00fcn ba\u015fkan\u0131 Mesut Mestan, Bursa Valisi Yakup Canbolat\u2019\u0131 ziyaret etti. Ziyaretin ard\u0131ndan a\u00e7\u0131klamalarda bulunan Mestan, \u201c\u015eehrimizin b\u00fcy\u00fc\u011f\u00fc olarak y\u00f6netim kurulu arkada\u015flar\u0131m\u0131zla valimizi ziyaret ettik. Cuma g\u00fcn\u00fc de \u015fehrin \u00f6nde gelen dinamikleri ile kul\u00fcb\u00fcm\u00fcz\u00fc ziyarete geleceklerini s\u00f6ylediler. Bursaspor, Bursa\u2019n\u0131n markas\u0131d\u0131r. Bursa\u2019n\u0131n Bursaspor\u2019a sahip \u00e7\u0131kmas\u0131 y\u00f6n\u00fcnde hepimiz hem fikiriz. Sadece camia olarak de\u011fil, Bursa\u2019da do\u011fan, ya\u015fayan herkesin kul\u00fcbe sahip \u00e7\u0131karak, t\u0131pk\u0131 eski g\u00fcnlerdeki gibi T\u00fcrkiye ve Avrupa\u2019n\u0131n tak\u0131m\u0131 yapmay\u0131 hedefliyoruz. Ge\u00e7mi\u015f y\u0131llarda nas\u0131l bunu ba\u015farm\u0131\u015ft\u0131k. Kentimizin \u00f6nde gelenleri ve herkesle olur. Ben ve y\u00f6netim kurulumuz hizmet i\u00e7in buraday\u0131z. G\u00fc\u00e7 birli\u011fi yaparsak Bursaspor daha g\u00fczel yerlerde olacakt\u0131r\u201d dedi.<\/p>\n<p>\u201cTeknik direkt\u00f6r konusunda nihai karar\u0131 bug\u00fcn veya yar\u0131n verece\u011fiz\u201d<\/p>\n<p>Teknik Direkt\u00f6r Yal\u00e7\u0131n Ko\u015fukavak ile ilgili soruya Mestan, \u201cTeknik direkt\u00f6r konusunda zaman dar\u0131l\u0131yor. 3 Temmuz \u00c7ar\u015famba g\u00fcn\u00fc 19.00\u2019da toplan\u0131yoruz. San\u0131r\u0131m o saate kadar teknik direkt\u00f6r\u00fcm\u00fczle anla\u015fma yapm\u0131\u015f oluruz. Birka\u00e7 tane teknik direkt\u00f6r\u00fcm\u00fcz var. Bunun i\u00e7erisinde sizin dedi\u011finiz teknik direkt\u00f6rde var. Nihai karar\u0131 bug\u00fcn veya yar\u0131n verece\u011fiz\u201d diye cevaplad\u0131.<\/p>\n<p>\u201cU\u00c7K\u2019y\u0131 a\u00e7t\u0131rd\u0131k, s\u0131ra TFF\u2019deki tahtaya geldi\u201d<\/p>\n<p>Transferde g\u00f6r\u00fc\u015ft\u00fckleri oyuncular oldu\u011funu ifade eden Mestan, \u201cAma \u00f6ncelikle tahtay\u0131 a\u00e7t\u0131rmak istiyoruz. Oradaki s\u00fcre\u00e7 zorlu olacak. U\u00c7K\u2019y\u0131 a\u00e7t\u0131rd\u0131k, s\u0131ra TFF\u2019deki tahtaya geldi. Onu da a\u00e7t\u0131rd\u0131ktan sonra hedefledi\u011fimiz, prensipte anla\u015ft\u0131\u011f\u0131m\u0131z futbolcular\u0131 transfer edip birinci lige g\u00f6re yeterli kadro olu\u015fturmay\u0131 d\u00fc\u015f\u00fcn\u00fcyoruz\u201d a\u00e7\u0131klamas\u0131n\u0131 yapt\u0131.<\/p>\n<p>\u201cErtu\u011frul ve Okan\u2019a transfer g\u00f6r\u00fc\u015fmeleri i\u00e7in izin verdim\u201d<\/p>\n<p>Ertu\u011frul Ersoy, Okan Kocuk ve Umut Mera\u015f\u2019\u0131n durumlar\u0131 ile ilgili soruya Mestan, \u201cErtu\u011frul Ersoy ve Okan Kocuk\u2019a transfer g\u00f6r\u00fc\u015fmeleri i\u00e7in izin verdim. \u015eu an mevcutta bizim oyuncular\u0131m\u0131z. Kendileri S\u00fcper Lig\u2019de oynamak istediklerini s\u00f6yledi. Bizde anlay\u0131\u015fla kar\u015f\u0131lad\u0131k. Onlar \u015fuan izinde. Umut Mera\u015f ile benden \u00f6nceki ba\u015fkan\u0131n anla\u015fmas\u0131 var. O a\u015famada kald\u0131. \u015eu an oda bizim futbolcumuz. Ay\u0131n 3\u2019\u00fcnde oda kat\u0131lacak diye d\u00fc\u015f\u00fcn\u00fcyorum\u201d \u015feklinde cevaplad\u0131.<\/p>\n<p>Bursa Valisi Yakup Canbolat ise, \u201cBursaspor\u2019umuza in\u015fallah bir katk\u0131n\u0131z olur. Ba\u015far\u0131lar diliyorum. Bursaspor\u2019umuz maalesef ligden d\u00fc\u015ft\u00fc. Zor g\u00fcnler ya\u015f\u0131yor. Yeni y\u00f6netimle birlikte umut ederiz ki Bursaspor\u2019u eski g\u00fcnlerine tekrar getirirsiniz. Ba\u015far\u0131lar diliyorum. Bizde il y\u00f6netimi olarak Bursaspor\u2019umuzun her zaman yan\u0131nda olaca\u011f\u0131z, destekleyece\u011fiz, katk\u0131 sunmaya devam edece\u011fiz\u201d diye konu\u015ftu.<\/p>\n","protected":false},"excerpt":{"rendered":"<p>YE\u015e\u0130L-BEYAZLI KUL\u00dcB\u00dcN BA\u015eKANI MESUT MESTAN, BURSA VAL\u0130S\u0130 YAKUP CANBOLAT\u2019I Z\u0130YARET ETT\u0130.<\/p>\n","protected":false},"author":1,"featured_media":176417,"comment_status":"closed","ping_status":"open","sticky":false,"template":"","format":"standard","meta":{"jetpack_post_was_ever_published":false,"_jetpack_newsletter_access":"","_jetpack_dont_email_post_to_subs":false,"_jetpack_newsletter_tier_id":0,"_jetpack_memberships_contains_paywalled_content":false,"_jetpack_memberships_contains_paid_content":false,"footnotes":"","jetpack_publicize_message":"","jetpack_publicize_feature_enabled":true,"jetpack_social_post_already_shared":true,"jetpack_social_options":{"image_generator_settings":{"template":"highway","default_image_id":0,"font":"","enabled":false},"version":2}},"categories":[657],"tags":[1072,2083,40539,8820,2082],"class_list":["post-176416","post","type-post","status-publish","format-standard","has-post-thumbnail","hentry","category-spor","tag-aciklamasi","tag-direktor","tag-mestandan","tag-mesut","tag-teknik"],"jetpack_publicize_connections":[],"jetpack_featured_media_url":"https:\/\/i0.wp.com\/www.tvturk.com\/wp-content\/uploads\/2019\/07\/mesut-mestandan-teknik-direktor-aciklamasi_928ae11.jpg?fit=1000%2C664","jetpack_sharing_enabled":true,"jetpack_shortlink":"https:\/\/wp.me\/paKIfm-JTq","_links":{"self":[{"href":"http:\/\/www.tvturk.com\/index.php\/wp-json\/wp\/v2\/posts\/176416","targetHints":{"allow":["GET"]}}],"collection":[{"href":"http:\/\/www.tvturk.com\/index.php\/wp-json\/wp\/v2\/posts"}],"about":[{"href":"http:\/\/www.tvturk.com\/index.php\/wp-json\/wp\/v2\/types\/post"}],"author":[{"embeddable":true,"href":"http:\/\/www.tvturk.com\/index.php\/wp-json\/wp\/v2\/users\/1"}],"replies":[{"embeddable":true,"href":"http:\/\/www.tvturk.com\/index.php\/wp-json\/wp\/v2\/comments?post=176416"}],"version-history":[{"count":0,"href":"http:\/\/www.tvturk.com\/index.php\/wp-json\/wp\/v2\/posts\/176416\/revisions"}],"wp:featuredmedia":[{"embeddable":true,"href":"http:\/\/www.tvturk.com\/index.php\/wp-json\/wp\/v2\/media\/176417"}],"wp:attachment":[{"href":"http:\/\/www.tvturk.com\/index.php\/wp-json\/wp\/v2\/media?parent=176416"}],"wp:term":[{"taxonomy":"category","embeddable":true,"href":"http:\/\/www.tvturk.com\/index.php\/wp-json\/wp\/v2\/categories?post=176416"},{"taxonomy":"post_tag","embeddable":true,"href":"http:\/\/www.tvturk.com\/index.php\/wp-json\/wp\/v2\/tags?post=176416"}],"curies":[{"name":"wp","href":"https:\/\/api.w.org\/{rel}","templated":true}]}}