{"id":176422,"date":"2019-07-01T16:16:33","date_gmt":"2019-07-01T13:16:33","guid":{"rendered":"http:\/\/www.tvturk.com\/index.php\/diyarbakirdan-almanya-schengen-vizesi-basvurulari-yapilacak\/"},"modified":"2019-07-01T16:16:33","modified_gmt":"2019-07-01T13:16:33","slug":"diyarbakirdan-almanya-schengen-vizesi-basvurulari-yapilacak","status":"publish","type":"post","link":"http:\/\/www.tvturk.com\/index.php\/diyarbakirdan-almanya-schengen-vizesi-basvurulari-yapilacak\/","title":{"rendered":"Diyarbak\u0131r\u2019dan Almanya Schengen vizesi ba\u015fvurular\u0131 yap\u0131lacak"},"content":{"rendered":"<p>Diyarbak\u0131r ve b\u00f6lge halk\u0131n\u0131n hizmete eri\u015fimini kolayla\u015ft\u0131racak ve yerelden hizmet anlay\u0131\u015f\u0131n\u0131 yayg\u0131nla\u015ft\u0131rmak amac\u0131yla \u00e7al\u0131\u015fmalar\u0131n\u0131 yo\u011funla\u015ft\u0131ran Diyarbak\u0131r Ticaret ve Sanayi Odas\u0131 (DTSO) bir ilki daha hayata ge\u00e7iriyor. DTSO ve iDATA aras\u0131nda imzalanan i\u015fbirli\u011fi protokol\u00fc kapsam\u0131nda Almanya i\u00e7in vize ba\u015fvurular\u0131 art\u0131k Diyarbak\u0131r Ticaret ve Sanayi Odas\u0131ndaki iDATA ofisinden yap\u0131labilecek.<\/p>\n<p>\u0130DATA, T\u00fcrkiye\u2019de Almanya vize ba\u015fvurusu i\u00e7in resmi olarak yetkilendirilmi\u015f tek kurulu\u015f olarak bilinirken, 16 Temmuz 2019 tarihi itibariyle, Diyarbak\u0131r Ticaret ve Sanayi Odas\u0131 binas\u0131ndaki yeni iDATA ofisinde mobil ba\u015fvuru hizmetine ba\u015flayacak. G\u00fcneydo\u011fu Anadolu B\u00f6lgesi\u2019nde b\u00f6lgesine \u00f6zel olarak sunulan bu yeni hizmet ile biometrik i\u015flem cihaz\u0131 ve yetkili ekibi sayesinde, vize ba\u015fvurusu yapmak isteyen ki\u015filere daha \u00fcst\u00fcn hizmet ve ula\u015f\u0131m kaynakl\u0131 zaman ve maliyet avantaj\u0131 sa\u011fl\u0131yor.<\/p>\n<p>DTSO\u2019dan yap\u0131lan a\u00e7\u0131klamada, &#8220;2 Temmuz 2019 tarihinden itibaren a\u00e7\u0131lan https:\/\/randevu.idata.com.tr\/ adresindeki iDATA sisteminden \u00fccretsiz olarak randevu alabilirsiniz. Diyarbak\u0131r Ticaret ve Sanayi Odas\u0131\u2019nda faaliyete ba\u015flayacak iDATA mobil ba\u015fvuru ofisi, Almanya Schengen vize ba\u015fvurular\u0131n\u0131z\u0131 kabul edecektir. \u0130DATA mobil ba\u015fvuru ofisine eksiksiz sunulan ba\u015fvuru dosyalar\u0131n\u0131n kabul\u00fc sonras\u0131, taraf\u0131n\u0131za mobil ekibin ger\u00e7ekle\u015ftirece\u011fi biometrik i\u015flemleriniz i\u00e7in randevu g\u00fcn\u00fc verilecektir. Ba\u015fvurunuza ait vize harc\u0131 ve iDATA koordinasyon bedeli, ba\u015fvuru s\u0131ras\u0131nda iDATA mobil ofisinde tahsil edilmektedir. Ba\u015fvuru \u00f6ncesi herhangi bir \u00f6deme veya havale yolu ile \u00f6n \u00f6deme talep edilmemektedir&#8221; denildi.<\/p>\n","protected":false},"excerpt":{"rendered":"<p>DTSO VE \u0130DATA ARASINDA \u0130MZALANAN \u0130\u015eB\u0130RL\u0130\u011e\u0130 PROTOKOL\u00dc KAPSAMINDA ALMANYA \u0130\u00c7\u0130N V\u0130ZE BA\u015eVURULARI ARTIK D\u0130YARBAKIR T\u0130CARET VE SANAY\u0130 ODASINDAK\u0130 \u0130DATA OF\u0130S\u0130NDEN YAPILAB\u0130LECEK.<\/p>\n","protected":false},"author":1,"featured_media":176423,"comment_status":"closed","ping_status":"open","sticky":false,"template":"","format":"standard","meta":{"jetpack_post_was_ever_published":false,"_jetpack_newsletter_access":"","_jetpack_dont_email_post_to_subs":false,"_jetpack_newsletter_tier_id":0,"_jetpack_memberships_contains_paywalled_content":false,"_jetpack_memberships_contains_paid_content":false,"footnotes":"","jetpack_publicize_message":"","jetpack_publicize_feature_enabled":true,"jetpack_social_post_already_shared":true,"jetpack_social_options":{"image_generator_settings":{"template":"highway","default_image_id":0,"font":"","enabled":false},"version":2}},"categories":[1],"tags":[42,54,22950,43070,22323,158],"class_list":["post-176422","post","type-post","status-publish","format-standard","has-post-thumbnail","hentry","category-genel","tag-almanya","tag-basvurulari","tag-diyarbakirdan","tag-schengen","tag-vizesi","tag-yapilacak"],"jetpack_publicize_connections":[],"jetpack_featured_media_url":"https:\/\/i0.wp.com\/www.tvturk.com\/wp-content\/uploads\/2019\/07\/diyarbakirdan-almanya-schengen-vizesi-basvurulari-yapilacak_b3eed39.jpg?fit=810%2C458","jetpack_sharing_enabled":true,"jetpack_shortlink":"https:\/\/wp.me\/paKIfm-JTw","_links":{"self":[{"href":"http:\/\/www.tvturk.com\/index.php\/wp-json\/wp\/v2\/posts\/176422","targetHints":{"allow":["GET"]}}],"collection":[{"href":"http:\/\/www.tvturk.com\/index.php\/wp-json\/wp\/v2\/posts"}],"about":[{"href":"http:\/\/www.tvturk.com\/index.php\/wp-json\/wp\/v2\/types\/post"}],"author":[{"embeddable":true,"href":"http:\/\/www.tvturk.com\/index.php\/wp-json\/wp\/v2\/users\/1"}],"replies":[{"embeddable":true,"href":"http:\/\/www.tvturk.com\/index.php\/wp-json\/wp\/v2\/comments?post=176422"}],"version-history":[{"count":0,"href":"http:\/\/www.tvturk.com\/index.php\/wp-json\/wp\/v2\/posts\/176422\/revisions"}],"wp:featuredmedia":[{"embeddable":true,"href":"http:\/\/www.tvturk.com\/index.php\/wp-json\/wp\/v2\/media\/176423"}],"wp:attachment":[{"href":"http:\/\/www.tvturk.com\/index.php\/wp-json\/wp\/v2\/media?parent=176422"}],"wp:term":[{"taxonomy":"category","embeddable":true,"href":"http:\/\/www.tvturk.com\/index.php\/wp-json\/wp\/v2\/categories?post=176422"},{"taxonomy":"post_tag","embeddable":true,"href":"http:\/\/www.tvturk.com\/index.php\/wp-json\/wp\/v2\/tags?post=176422"}],"curies":[{"name":"wp","href":"https:\/\/api.w.org\/{rel}","templated":true}]}}