{"id":176450,"date":"2019-07-01T16:46:07","date_gmt":"2019-07-01T13:46:07","guid":{"rendered":"http:\/\/www.tvturk.com\/index.php\/pakistanda-aile-faciasi-9-olu\/"},"modified":"2019-07-01T16:46:07","modified_gmt":"2019-07-01T13:46:07","slug":"pakistanda-aile-faciasi-9-olu","status":"publish","type":"post","link":"http:\/\/www.tvturk.com\/index.php\/pakistanda-aile-faciasi-9-olu\/","title":{"rendered":"Pakistan\u2019da aile facias\u0131: 9 \u00f6l\u00fc"},"content":{"rendered":"<p>Pakistan\u2019\u0131n Multan \u015fehrinde ya\u015fanan aile i\u00e7i tart\u0131\u015fma sonras\u0131nda 9 ki\u015fi hayat\u0131n\u0131 kaybetti.<\/p>\n<p>Pakistan\u2019\u0131n Multan \u015fehrinde aile i\u00e7inde ya\u015fanan tart\u0131\u015fma bir faciaya neden oldu. Ajmal ad\u0131nda bir adam kay\u0131npederinin evinde \u00e7\u0131kan tart\u0131\u015fma sonras\u0131nda evdekilere silahla ate\u015f ederek 7 ki\u015fiyi \u00f6ld\u00fcr\u00fcp evi ate\u015fe verdi. Kurtarma ekiplerine g\u00f6re, Ajmal\u2019in kar\u0131s\u0131 da dahil silahla ate\u015f etti\u011fi 7 ki\u015fi olay yerinde hayat\u0131n\u0131 kaybederken, aile \u00fcyesi 2 ki\u015fi yanarak can verdi.  Yang\u0131nda a\u011f\u0131r yaralanan bir ki\u015fi ise kald\u0131r\u0131ld\u0131\u011f\u0131 hastanede ya\u015fam\u0131n\u0131 yitirdi.<\/p>\n<p>Polis yetkilisi Imran Mehmood, ya\u015fanan olay\u0131n onur meselesi y\u00fcz\u00fcnden meydana geldi\u011fini, Ajmal\u2019\u0131n kay\u0131npederinin evini basarak kar\u0131s\u0131 ve kar\u0131s\u0131n\u0131n annesi, 2 k\u0131z karde\u015fi ve 3 \u00e7ocu\u011fu dahil 7 ki\u015fiyi vurdu\u011funu ve vurulan akrabalar\u0131n hepsinin olay yerinde \u00f6ld\u00fc\u011f\u00fcn\u00fc bildirdi. Mehmood, Ajmal\u2019in daha sonra evde bulunan iki ki\u015fiyi zorla bir odaya kapatarak ate\u015fe verdi\u011fini s\u00f6yledi.<\/p>\n<p>Polise g\u00f6re, birka\u00e7 g\u00fcn \u00f6nce Suudi Arabistan\u2019dan d\u00f6nen Ajmal, kar\u0131s\u0131ndan \u015f\u00fcphelenmeye ba\u015flad\u0131. Olayla ilgili \u015f\u00fcphelenilen 2 ki\u015fi g\u00f6zalt\u0131na al\u0131n\u0131rken, polisin olay yerinden ka\u00e7an Ajmal\u2019in erkek karde\u015fini arad\u0131\u011f\u0131n\u0131 bildirdi.<\/p>\n","protected":false},"excerpt":{"rendered":"<p>PAK\u0130STAN&#8217;IN MULTAN \u015eEHR\u0130NDE YA\u015eANAN A\u0130LE \u0130\u00c7\u0130 TARTI\u015eMA SONRASINDA 9 K\u0130\u015e\u0130 HAYATINI KAYBETT\u0130.<\/p>\n","protected":false},"author":1,"featured_media":176451,"comment_status":"closed","ping_status":"open","sticky":false,"template":"","format":"standard","meta":{"jetpack_post_was_ever_published":false,"_jetpack_newsletter_access":"","_jetpack_dont_email_post_to_subs":false,"_jetpack_newsletter_tier_id":0,"_jetpack_memberships_contains_paywalled_content":false,"_jetpack_memberships_contains_paid_content":false,"footnotes":"","jetpack_publicize_message":"","jetpack_publicize_feature_enabled":true,"jetpack_social_post_already_shared":true,"jetpack_social_options":{"image_generator_settings":{"template":"highway","default_image_id":0,"font":"","enabled":false},"version":2}},"categories":[10],"tags":[3014,9615,1664,5759],"class_list":["post-176450","post","type-post","status-publish","format-standard","has-post-thumbnail","hentry","category-dunya","tag-aile","tag-faciasi","tag-olu","tag-pakistanda"],"jetpack_publicize_connections":[],"jetpack_featured_media_url":"https:\/\/i0.wp.com\/www.tvturk.com\/wp-content\/uploads\/2019\/07\/pakistanda-aile-faciasi-9-olu_ecca5ed.jpg?fit=1000%2C604","jetpack_sharing_enabled":true,"jetpack_shortlink":"https:\/\/wp.me\/paKIfm-JTY","_links":{"self":[{"href":"http:\/\/www.tvturk.com\/index.php\/wp-json\/wp\/v2\/posts\/176450","targetHints":{"allow":["GET"]}}],"collection":[{"href":"http:\/\/www.tvturk.com\/index.php\/wp-json\/wp\/v2\/posts"}],"about":[{"href":"http:\/\/www.tvturk.com\/index.php\/wp-json\/wp\/v2\/types\/post"}],"author":[{"embeddable":true,"href":"http:\/\/www.tvturk.com\/index.php\/wp-json\/wp\/v2\/users\/1"}],"replies":[{"embeddable":true,"href":"http:\/\/www.tvturk.com\/index.php\/wp-json\/wp\/v2\/comments?post=176450"}],"version-history":[{"count":0,"href":"http:\/\/www.tvturk.com\/index.php\/wp-json\/wp\/v2\/posts\/176450\/revisions"}],"wp:featuredmedia":[{"embeddable":true,"href":"http:\/\/www.tvturk.com\/index.php\/wp-json\/wp\/v2\/media\/176451"}],"wp:attachment":[{"href":"http:\/\/www.tvturk.com\/index.php\/wp-json\/wp\/v2\/media?parent=176450"}],"wp:term":[{"taxonomy":"category","embeddable":true,"href":"http:\/\/www.tvturk.com\/index.php\/wp-json\/wp\/v2\/categories?post=176450"},{"taxonomy":"post_tag","embeddable":true,"href":"http:\/\/www.tvturk.com\/index.php\/wp-json\/wp\/v2\/tags?post=176450"}],"curies":[{"name":"wp","href":"https:\/\/api.w.org\/{rel}","templated":true}]}}