{"id":176452,"date":"2019-07-01T16:46:30","date_gmt":"2019-07-01T13:46:30","guid":{"rendered":"http:\/\/www.tvturk.com\/index.php\/mudanyada-kabotaj-bayrami-coskusu\/"},"modified":"2019-07-01T16:46:30","modified_gmt":"2019-07-01T13:46:30","slug":"mudanyada-kabotaj-bayrami-coskusu","status":"publish","type":"post","link":"http:\/\/www.tvturk.com\/index.php\/mudanyada-kabotaj-bayrami-coskusu\/","title":{"rendered":"Mudanya\u2019da Kabotaj Bayram\u0131 co\u015fkusu"},"content":{"rendered":"<p>Bursa\u2019n\u0131n Mudanya il\u00e7esinde Kabotaj Kanunu\u2019nun 93\u2019\u00fcnc\u00fc y\u0131l d\u00f6n\u00fcm\u00fc co\u015fkuyla kutland\u0131. Kutlamalar yar\u0131\u015fmalarla renklenirken, yar\u0131\u015fmac\u0131lar ya\u011fl\u0131 direkten bayra\u011f\u0131 kapmak i\u00e7in uzun s\u00fcre m\u00fccadele etti.<\/p>\n<p>1 Temmuz Denizcilik ve Kabotaj Bayram\u0131\u2019n\u0131n 93\u2019\u00fcnc\u00fc y\u0131ld\u00f6n\u00fcm\u00fc, Mudanya\u2019da co\u015fkuyla kutland\u0131. Atat\u00fcrk An\u0131t\u0131\u2019na \u00e7elenk sunumu ile ba\u015flayan kutlamalara Mudanya Kaymakam\u0131 Faik Oktay S\u00f6zer, Belediye Ba\u015fkan\u0131 Hayri T\u00fcrky\u0131lmaz, Sahil G\u00fcvenlik G\u00fcney Marmara Grup Komutan\u0131 Bnb. Serkan K\u0131l\u0131\u00e7\u2019\u0131n yan\u0131 s\u0131ra il\u00e7e protokol\u00fc, gaziler, muhtarlar, meclis \u00fcyeleri ile Mudanyal\u0131lar kat\u0131ld\u0131. Kutlamalar, Mudanya Belediyesi \u00f6n\u00fcnde devam etti. Protokol mensuplar\u0131, Sahil G\u00fcvenlik botundan deniz \u015eehitleri i\u00e7in denize \u00e7elenk b\u0131rakt\u0131. Sahil G\u00fcvenlik Komutanl\u0131\u011f\u0131 u\u00e7a\u011f\u0131 t\u00f6ren alan\u0131ndaki Mudanyal\u0131lar\u0131 selamlarken, kutlamalar yar\u0131\u015fmalarla devam etti. Y\u00fczme yar\u0131\u015f\u0131n\u0131n ard\u0131ndan yap\u0131lan ya\u011fl\u0131 direk yar\u0131\u015flar\u0131nda Mudanyal\u0131lar k\u0131ran k\u0131rana m\u00fccadele etti. Bayrak, bir saatlik b\u00fcy\u00fck bir u\u011fra\u015ftan sonra bu y\u0131l da ya\u011fl\u0131 direk yar\u0131\u015fmalar\u0131n\u0131n \u015fampiyonu Ferdi Tabak\u2019\u0131n oldu.<\/p>\n","protected":false},"excerpt":{"rendered":"<p>MUDANYA \u0130L\u00c7ES\u0130NDE KABOTAJ KANUNU\u2019NUN 93\u2019\u00dcNC\u00dc YIL D\u00d6N\u00dcM\u00dc CO\u015eKUYLA KUTLANDI.<\/p>\n","protected":false},"author":1,"featured_media":176453,"comment_status":"closed","ping_status":"open","sticky":false,"template":"","format":"standard","meta":{"jetpack_post_was_ever_published":false,"_jetpack_newsletter_access":"","_jetpack_dont_email_post_to_subs":false,"_jetpack_newsletter_tier_id":0,"_jetpack_memberships_contains_paywalled_content":false,"_jetpack_memberships_contains_paid_content":false,"footnotes":"","jetpack_publicize_message":"","jetpack_publicize_feature_enabled":true,"jetpack_social_post_already_shared":true,"jetpack_social_options":{"image_generator_settings":{"template":"highway","default_image_id":0,"font":"","enabled":false},"version":2}},"categories":[1],"tags":[6193,6596,42918,682],"class_list":["post-176452","post","type-post","status-publish","format-standard","has-post-thumbnail","hentry","category-genel","tag-bayrami","tag-coskusu","tag-kabotaj","tag-mudanyada"],"jetpack_publicize_connections":[],"jetpack_featured_media_url":"https:\/\/i0.wp.com\/www.tvturk.com\/wp-content\/uploads\/2019\/07\/mudanyada-kabotaj-bayrami-coskusu_3a3fe3b.jpg?fit=1000%2C666","jetpack_sharing_enabled":true,"jetpack_shortlink":"https:\/\/wp.me\/paKIfm-JU0","_links":{"self":[{"href":"http:\/\/www.tvturk.com\/index.php\/wp-json\/wp\/v2\/posts\/176452","targetHints":{"allow":["GET"]}}],"collection":[{"href":"http:\/\/www.tvturk.com\/index.php\/wp-json\/wp\/v2\/posts"}],"about":[{"href":"http:\/\/www.tvturk.com\/index.php\/wp-json\/wp\/v2\/types\/post"}],"author":[{"embeddable":true,"href":"http:\/\/www.tvturk.com\/index.php\/wp-json\/wp\/v2\/users\/1"}],"replies":[{"embeddable":true,"href":"http:\/\/www.tvturk.com\/index.php\/wp-json\/wp\/v2\/comments?post=176452"}],"version-history":[{"count":0,"href":"http:\/\/www.tvturk.com\/index.php\/wp-json\/wp\/v2\/posts\/176452\/revisions"}],"wp:featuredmedia":[{"embeddable":true,"href":"http:\/\/www.tvturk.com\/index.php\/wp-json\/wp\/v2\/media\/176453"}],"wp:attachment":[{"href":"http:\/\/www.tvturk.com\/index.php\/wp-json\/wp\/v2\/media?parent=176452"}],"wp:term":[{"taxonomy":"category","embeddable":true,"href":"http:\/\/www.tvturk.com\/index.php\/wp-json\/wp\/v2\/categories?post=176452"},{"taxonomy":"post_tag","embeddable":true,"href":"http:\/\/www.tvturk.com\/index.php\/wp-json\/wp\/v2\/tags?post=176452"}],"curies":[{"name":"wp","href":"https:\/\/api.w.org\/{rel}","templated":true}]}}